{"id":3271,"date":"2019-01-07T08:11:34","date_gmt":"2019-01-07T08:11:34","guid":{"rendered":"http:\/\/rafalk-elblag.pl\/?p=3271"},"modified":"2019-01-07T08:11:34","modified_gmt":"2019-01-07T08:11:34","slug":"ogloszenia-parafialne-objawienie-panskie-6-01-2019","status":"publish","type":"post","link":"https:\/\/rafalk-elblag.pl\/?p=3271","title":{"rendered":"OG\u0141OSZENIA PARAFIALNE &#8211; OBJAWIENIE PA\u0143SKIE (6.01.2019)"},"content":{"rendered":"<p><a href=\"http:\/\/rafalk-elblag.pl\/wp-content\/uploads\/2016\/12\/pulpit.jpg\"><img loading=\"lazy\" decoding=\"async\" class=\"alignnone size-large wp-image-2530\" src=\"http:\/\/rafalk-elblag.pl\/wp-content\/uploads\/2016\/12\/pulpit-1024x682.jpg\" alt=\"\" width=\"900\" height=\"599\" srcset=\"https:\/\/rafalk-elblag.pl\/wp-content\/uploads\/2016\/12\/pulpit-1024x682.jpg 1024w, https:\/\/rafalk-elblag.pl\/wp-content\/uploads\/2016\/12\/pulpit-300x200.jpg 300w, https:\/\/rafalk-elblag.pl\/wp-content\/uploads\/2016\/12\/pulpit-768x512.jpg 768w, https:\/\/rafalk-elblag.pl\/wp-content\/uploads\/2016\/12\/pulpit.jpg 1698w\" sizes=\"auto, (max-width: 900px) 100vw, 900px\" \/><\/a><\/p>\n<p>&nbsp;<\/p>\n<p>1. Zapraszamy dzisiaj na comiesi\u0119czn\u0105 Adoracj\u0119 Naj\u015bwi\u0119tszego Sakramentu od godz. 16.00 do 18.00. Przyjd\u017a i oddaj Panu Bogu rozpocz\u0119ty Nowy Rok 2019.<br \/>\n2. Ofiary sk\u0142adane dzisiaj na tac\u0119 przeznaczone s\u0105 na uregulowanie rachunku za ogrzewanie Ko\u015bcio\u0142a. Dzi\u0119kuj\u0119 za zrozumienie i z\u0142o\u017cone ofiary.<\/p>\n<p>&nbsp;<\/p>\n<p>3. W naszym mie\u015bcie dzisiaj rusza Orszak Trzech Kr\u00f3li o godz. 13:00. Wydarzenie to przywraca star\u0105 polsk\u0105 tradycj\u0119 jase\u0142ek ulicznych. W tym dniu&nbsp; mo\u017cemy by\u0107 jak Trzej M\u0119drcy- ujrze\u0107 \u015bwiat\u0142o betlejemskiej gwiazdy, p\u00f3j\u015b\u0107 za ni\u0105 i odnale\u017a\u0107 Prawd\u0119, Dobro i Pi\u0119kno. Orszak rozpocznie si\u0119 na Placu Jagiello\u0144czyka o godz. 13:00 a zako\u0144czy si\u0119 Msz\u0105 \u015bwi\u0119ta w Katedrze \u015bw. Miko\u0142aja.<br \/>\n4. Dzisiaj na Mszy \u015bw. o godz.18:00 spotkanie grupy pielgrzymkowej Elbl\u0105g \u2013 P\u00f3\u0142noc. Zapraszamy serdecznie wszystkich by\u0142ych i pragn\u0105cych pielgrzymowa\u0107 pieszo na Jasna G\u00f3r\u0119. Ks. Tomasz i trzon grupy oczekuj\u0105.<br \/>\n5. Wsp\u00f3lnota Domowego Ko\u015bcio\u0142a zaprasza wszystkich cz\u0142onk\u00f3w na Rejonowe Spotkanie Op\u0142atkowe, kt\u00f3re odb\u0119dzie si\u0119 w niedziel\u0119 13 stycznia w parafii \u015bw. Paw\u0142a (ul. Obro\u0144c\u00f3w Pokoju 10). Rozpocznie si\u0119 ono Eucharysti\u0105 o godz. 14:30, a po niej agapa w sali na plebanii.<br \/>\n6. Trwa wizyta duszpasterska w parafii (program znajdziemy w Biuletynie). Dzi\u0119kujemy za sk\u0142adane przy tej okazji ofiary na kolejne \u0142awki do naszego Ko\u015bcio\u0142a. W trakcje kol\u0119dy codziennie o godz. 8:00 sprawowana jest Msza \u015bw. za rodziny, do kt\u00f3rych udamy si\u0119 z Wizyt\u0105 Duszpastersk\u0105. Tym bardziej zach\u0119camy osoby dysponuj\u0105ce czasem do wsp\u00f3lnej modlitwy.<br \/>\n7. Zapraszamy do wsp\u00f3lnego kol\u0119dowania wszystkich parafian, przyjaci\u00f3\u0142, dzieci, doros\u0142ych oraz rodzic\u00f3w i dzieci przygotowuj\u0105cych si\u0119 do I Komunii \u015awi\u0119tej, 13 stycznia (niedziela), o godz. 11:15, do naszego Ko\u015bcio\u0142a. PRZYJD\u0179 I W\u0141\u0104CZ SI\u0118 WE WSP\u00d3LNY \u015aPIEW KOL\u0118D. Scholka parafialna \u201eRAFAEL\u201d serdecznie zaprasza.<br \/>\n8. Dnia 20 stycznia (niedziela) po wsp\u00f3lnej Mszy \u015bw. o godz. 18:00 odb\u0119dzie si\u0119 spotkanie op\u0142atkowe dla wsp\u00f3lnot parafialnych: Odnowa w Duchu \u015awi\u0119tym, Wsp\u00f3lnota Krwi Chrystusa, Kr\u0119g Biblijny, Apostolat Margaretka, Apostolat Bo\u017cego Mi\u0142osierdzia, Wolontariuszy Caritas i \u017bywego R\u00f3\u017ca\u0144ca na kt\u00f3re zapraszamy. Przyjd\u017a czekamy na Ciebie.<\/p>\n<p>&nbsp;<\/p>\n<p>9. Zach\u0119camy do zamawiania Mszy \u015aw. dzi\u0119kczynnych (rodzinnych) za miniony rok z pro\u015bb\u0105 o dalsz\u0105 opiek\u0119 i Bo\u017ce b\u0142ogos\u0142awie\u0144stwo w Nowym Roku.<\/p>\n<p>&nbsp;<\/p>\n<p>10. Przed ko\u015bcio\u0142em mo\u017cna naby\u0107 pras\u0119 katolick\u0105: \u201eGo\u015b\u0107 Niedzielny\u201d w cenie 5 z\u0142.<\/p>\n<p>&nbsp;<\/p>\n<p>11. Kancelaria Parafialna w trakcie trwania kol\u0119dy czynna tylko w sobot\u0119 od godz. 10.30 do 12.00. Zapraszamy.<\/p>\n<p>&nbsp;<\/p>\n<p>&nbsp;<\/p>\n<p>&nbsp;<\/p>\n","protected":false},"excerpt":{"rendered":"<p>&nbsp; 1. Zapraszamy dzisiaj na comiesi\u0119czn\u0105 Adoracj\u0119 Naj\u015bwi\u0119tszego Sakramentu od godz. 16.00 do 18.00. Przyjd\u017a i oddaj Panu Bogu rozpocz\u0119ty Nowy Rok 2019. 2. Ofiary sk\u0142adane dzisiaj na tac\u0119 przeznaczone s\u0105 na uregulowanie rachunku za ogrzewanie Ko\u015bcio\u0142a. Dzi\u0119kuj\u0119 za zrozumienie i z\u0142o\u017cone ofiary. &nbsp; 3. W naszym mie\u015bcie dzisiaj rusza Orszak Trzech Kr\u00f3li o godz. [&hellip;]<\/p>\n","protected":false},"author":1,"featured_media":2530,"comment_status":"closed","ping_status":"closed","sticky":false,"template":"","format":"standard","meta":{"ngg_post_thumbnail":0,"footnotes":""},"categories":[11,8,3],"tags":[],"class_list":["post-3271","post","type-post","status-publish","format-standard","has-post-thumbnail","hentry","category-aktualnosci","category-blog","category-ogloszenia"],"_links":{"self":[{"href":"https:\/\/rafalk-elblag.pl\/index.php?rest_route=\/wp\/v2\/posts\/3271","targetHints":{"allow":["GET"]}}],"collection":[{"href":"https:\/\/rafalk-elblag.pl\/index.php?rest_route=\/wp\/v2\/posts"}],"about":[{"href":"https:\/\/rafalk-elblag.pl\/index.php?rest_route=\/wp\/v2\/types\/post"}],"author":[{"embeddable":true,"href":"https:\/\/rafalk-elblag.pl\/index.php?rest_route=\/wp\/v2\/users\/1"}],"replies":[{"embeddable":true,"href":"https:\/\/rafalk-elblag.pl\/index.php?rest_route=%2Fwp%2Fv2%2Fcomments&post=3271"}],"version-history":[{"count":1,"href":"https:\/\/rafalk-elblag.pl\/index.php?rest_route=\/wp\/v2\/posts\/3271\/revisions"}],"predecessor-version":[{"id":3272,"href":"https:\/\/rafalk-elblag.pl\/index.php?rest_route=\/wp\/v2\/posts\/3271\/revisions\/3272"}],"wp:featuredmedia":[{"embeddable":true,"href":"https:\/\/rafalk-elblag.pl\/index.php?rest_route=\/wp\/v2\/media\/2530"}],"wp:attachment":[{"href":"https:\/\/rafalk-elblag.pl\/index.php?rest_route=%2Fwp%2Fv2%2Fmedia&parent=3271"}],"wp:term":[{"taxonomy":"category","embeddable":true,"href":"https:\/\/rafalk-elblag.pl\/index.php?rest_route=%2Fwp%2Fv2%2Fcategories&post=3271"},{"taxonomy":"post_tag","embeddable":true,"href":"https:\/\/rafalk-elblag.pl\/index.php?rest_route=%2Fwp%2Fv2%2Ftags&post=3271"}],"curies":[{"name":"wp","href":"https:\/\/api.w.org\/{rel}","templated":true}]}}