{"id":3269,"date":"2019-01-04T06:24:46","date_gmt":"2019-01-04T06:24:46","guid":{"rendered":"http:\/\/rafalk-elblag.pl\/?p=3269"},"modified":"2019-02-08T11:24:28","modified_gmt":"2019-02-08T11:24:28","slug":"wizyta-duszpasterska-2019","status":"publish","type":"post","link":"https:\/\/rafalk-elblag.pl\/?p=3269","title":{"rendered":"WIZYTA DUSZPASTERSKA 2019"},"content":{"rendered":"<p><a href=\"http:\/\/rafalk-elblag.pl\/wp-content\/uploads\/2016\/12\/Wizyta-duszpasterska-01.jpg\"><img loading=\"lazy\" decoding=\"async\" class=\"size-full wp-image-2620 aligncenter\" src=\"http:\/\/rafalk-elblag.pl\/wp-content\/uploads\/2016\/12\/Wizyta-duszpasterska-01.jpg\" alt=\"\" width=\"882\" height=\"582\" srcset=\"https:\/\/rafalk-elblag.pl\/wp-content\/uploads\/2016\/12\/Wizyta-duszpasterska-01.jpg 882w, https:\/\/rafalk-elblag.pl\/wp-content\/uploads\/2016\/12\/Wizyta-duszpasterska-01-300x198.jpg 300w, https:\/\/rafalk-elblag.pl\/wp-content\/uploads\/2016\/12\/Wizyta-duszpasterska-01-768x507.jpg 768w\" sizes=\"auto, (max-width: 882px) 100vw, 882px\" \/><\/a><\/p>\n<p>&nbsp;<\/p>\n<p style=\"text-align: center;\"><span style=\"color: #008000;\"><strong>WIZYTA DUSZPASTERSKA &#8211; KOL\u0118DA 2019<\/strong><\/span><\/p>\n<p style=\"text-align: center;\"><span style=\"color: #3366ff;\">PLAN ODWIEDZIN RODZIN W PARAFII \u015aW. RAFA\u0141A KALINOWSKIEGO W ELBL\u0104GU:<\/span><\/p>\n<p style=\"text-align: center;\">&nbsp;<\/p>\n<p><span style=\"color: #008000;\"><strong>Czwartek<\/strong><\/span><br \/>\n<span style=\"color: #008000;\"><strong>27.12. 2018r. od 16:00<\/strong><\/span><\/p>\n<p>ul. Leszczy\u0144skiego 28, 29, 30, 31<br \/>\nul. Leszczy\u0144skiego 24, 25, 26, 27<\/p>\n<p>&nbsp;<\/p>\n<p><span style=\"color: #3366ff;\"><strong>Pi\u0105tek<\/strong><\/span><br \/>\n<span style=\"color: #3366ff;\"><strong>28.12. 2018r. od 16:00<\/strong><\/span><\/p>\n<p>ul. Leszczy\u0144skiego 20, 21, 22, 23<br \/>\nul. Leszczy\u0144skiego 13, 14, 15, 16<\/p>\n<p>&nbsp;<\/p>\n<p><strong><span style=\"color: #008000;\">Sobota<\/span><\/strong><br \/>\n<strong><span style=\"color: #008000;\">29.12. 2018r. od 15:00<\/span><\/strong><\/p>\n<p>ul. Leszczy\u0144skiego 9, 10, 11, 12<br \/>\nul. Leszczy\u0144skiego 5, 6, 7, 8<\/p>\n<p>&nbsp;<\/p>\n<p><span style=\"color: #3366ff;\"><strong>\u015aroda<\/strong><\/span><br \/>\n<span style=\"color: #3366ff;\"><strong>02.01.2017r. od 16.00<\/strong><\/span><\/p>\n<p>ul. Leszczy\u0144skiego 1, 2, 3, 4<br \/>\nul. Legion\u00f3w 42<\/p>\n<p>&nbsp;<\/p>\n<p><span style=\"color: #008000;\"><strong>Czwartek<\/strong><\/span><br \/>\n<span style=\"color: #008000;\"><strong>03.01.2017r. od 16.00<\/strong><\/span><\/p>\n<p>ul. Myliusa 15, 16, 17, 18, 19<br \/>\nul. Myliusa 11, 12, 13, 14,<br \/>\nul. Myliusa 6, 7, 8, 10<\/p>\n<p>&nbsp;<\/p>\n<p><span style=\"color: #3366ff;\"><strong>Pi\u0105tek<\/strong><\/span><br \/>\n<span style=\"color: #3366ff;\"><strong>04.01.2017r. od 16.00<\/strong><\/span><\/p>\n<p>ul. Myliusa 2, 3, 4, 5<br \/>\nul. Myliusa 1<br \/>\nul. Sobieskiego 2b<\/p>\n<p>&nbsp;<\/p>\n<p><span style=\"color: #008000;\"><strong>Sobota<\/strong><\/span><br \/>\n<span style=\"color: #008000;\"><strong>05.01.2017r. od 15.00<\/strong><\/span><\/p>\n<p>ul. \u0141okietka 1- 65<br \/>\nul. \u0141okietka 67 &#8211; 127<br \/>\nul. \u0141okietka 2 &#8211; 62<\/p>\n<p>&nbsp;<\/p>\n<p><span style=\"color: #0000ff;\"><strong>Poniedzia\u0142ek<\/strong><\/span><br \/>\n<span style=\"color: #0000ff;\"><strong>07. 01. 2019 r. od 16:00<\/strong><\/span><\/p>\n<p>ul. Sobieskiego domki 21, 23, 24 oraz blok 2A<br \/>\nul. Sobieskiego 2, 4, 6, 8, 10<br \/>\nul. Sobieskiego 12, 14, 16, 18<\/p>\n<p>&nbsp;<\/p>\n<p><strong><span style=\"color: #008000;\">Wtorek<\/span><\/strong><br \/>\n<strong><span style=\"color: #008000;\">08. 01.2019 r. od 16:00<\/span><\/strong><\/p>\n<p>ul. Sobieskiego 20, 22, 24, 26<br \/>\nul. Sobieskiego 16A, 18A<br \/>\nul. Sobieskiego 28, 30, 32, 34<\/p>\n<p>&nbsp;<\/p>\n<p><strong><span style=\"color: #0000ff;\">\u015aroda<\/span><\/strong><br \/>\n<strong><span style=\"color: #0000ff;\">09. 01.2019 r. od 16:00<\/span><\/strong><\/p>\n<p>ul. Sobieskiego 29, 33, 35, 36, 38, 40<br \/>\nul. K\u0142oczowskiego 32, 33, 34, 35<br \/>\nul. K\u0142oczowskiego 27, 28, 29, 30, 31<\/p>\n<p>&nbsp;<\/p>\n<p><span style=\"color: #008000;\"><strong>Czwartek<\/strong><\/span><br \/>\n<span style=\"color: #008000;\"><strong>10. 01. 2019 r. od 16:00<\/strong><\/span><\/p>\n<p>ul. K\u0142oczowskiego 23, 24, 25, 26<br \/>\nul. K\u0142oczowskiego 19, 20, 21, 22<br \/>\nul. K\u0142oczowskiego 15, 16, 17, 18<\/p>\n<p>&nbsp;<\/p>\n<p><strong><span style=\"color: #0000ff;\">Pi\u0105tek<\/span><\/strong><br \/>\n<strong><span style=\"color: #0000ff;\">11. 01. 2019 r. od 16:00<\/span><\/strong><\/p>\n<p>ul. K\u0142oczowskiego 12, 12A<br \/>\nul. K\u0142oczowskiego 13, 13A<br \/>\nul. K\u0142oczowskiego 14<\/p>\n<p>&nbsp;<\/p>\n<p><strong><span style=\"color: #008000;\">Sobota<\/span><\/strong><br \/>\n<strong><span style=\"color: #008000;\">12. 01. 2019 r. od 15:00<\/span><\/strong><\/p>\n<p>ul. Mieszka I<br \/>\nul. Krzywoustego<br \/>\nul. Tuwima 6, 7<\/p>\n<p>&nbsp;<\/p>\n<p><strong><span style=\"color: #0000ff;\">Poniedzia\u0142ek<\/span><\/strong><br \/>\n<strong><span style=\"color: #0000ff;\">14. 01. 2019 r. od 16:00<\/span><\/strong><\/p>\n<p>ul. K\u0142oczowskiego 8, 9, 10, 11<br \/>\nul. K\u0142oczowskiego 5, 6, 7<br \/>\nul. K\u0142oczowskiego 1, 2, 3, 4<\/p>\n<p>&nbsp;<\/p>\n<p><strong><span style=\"color: #008000;\">Wtorek<\/span><\/strong><br \/>\n<strong><span style=\"color: #008000;\">15. 01.2019 r. od 16:00<\/span><\/strong><\/p>\n<p>ul. Tuwima 1, 2, 3, 12, 13<br \/>\nul. Tuwima 5<br \/>\nul. Tuwima 8, 9, 10, 11<\/p>\n<p>&nbsp;<\/p>\n<p><strong><span style=\"color: #0000ff;\">\u015aroda<\/span><\/strong><br \/>\n<strong><span style=\"color: #0000ff;\">16. 01.2019 r. od 16:00<\/span><\/strong><\/p>\n<p>ul. Broniewskiego 1, 3, 5, 7<br \/>\nul. Broniewskiego 9, 11, 13, 15<br \/>\nul. Broniewskiego 18, 20, 22, 25<\/p>\n<p>&nbsp;<\/p>\n<p><span style=\"color: #008000;\"><strong>Czwartek<\/strong><\/span><br \/>\n<span style=\"color: #008000;\"><strong>17. 01. 2019 r. od 16:00<\/strong><\/span><\/p>\n<p>ul. Broniewskiego 10, 12, 14, 16<br \/>\nul. Broniewskiego 17, 19, 21, 23<br \/>\nul. Broniewskiego 27, 29, 31, 33, 35<\/p>\n<p>&nbsp;<\/p>\n<p><span style=\"color: #0000ff;\"><strong>Pi\u0105tek<\/strong><\/span><br \/>\n<span style=\"color: #0000ff;\"><strong>18. 01. 2019 r. od 16:00<\/strong><\/span><\/p>\n<p>ul. Brzechwy 1, 2, 3, 4<br \/>\nul. Brzechwy 6, 7, 8, 9<br \/>\nul. Brzechwy 10, 11, 12, 13<\/p>\n<p>&nbsp;<\/p>\n<p><strong><span style=\"color: #008000;\">Sobota<\/span><\/strong><br \/>\n<strong><span style=\"color: #008000;\">19. 01. 2019 r. od 15:00<\/span><\/strong><\/p>\n<p>ul. Broniewskiego 2, 4<br \/>\nul. Broniewskiego 6, 8<br \/>\nul. Og\u00f3lna<\/p>\n<p>&nbsp;<\/p>\n<p><span style=\"color: #3366ff;\"><strong>Poniedzia\u0142ek<\/strong><\/span><br \/>\n<span style=\"color: #3366ff;\"><strong>21. 01. 2019 r. od 16:00<\/strong><\/span><\/p>\n<p>ul. Brzechwy 14, 15, 16, 17<br \/>\nul. Brzechwy 18, 19, 20, 21<br \/>\nul. Brzechwy 22, 23, 24, 25<\/p>\n<p>&nbsp;<\/p>\n<p><span style=\"color: #008000;\"><strong>Wtorek<\/strong><\/span><br \/>\n<span style=\"color: #008000;\"><strong>22. 01.2019 r. od 16:00<\/strong><\/span><\/p>\n<p>ul. Brzechwy 26, 27, 28, 29<br \/>\nul. Brzechwy 30, 31, 32, 33<br \/>\nul. Brzechwy 34, 35, 36<\/p>\n<p>&nbsp;<\/p>\n<p><strong><span style=\"color: #3366ff;\">\u015aroda<\/span><\/strong><br \/>\n<strong><span style=\"color: #3366ff;\">23. 01.2019 r. od 16:00<\/span><\/strong><\/p>\n<p>ul. Korczaka 1, 2, 3, 4 i domki<br \/>\nul. Korczaka 5, 6, 7, 8<br \/>\nul. Korczaka 9, 10, 11, 12<\/p>\n<p>&nbsp;<\/p>\n<p><span style=\"color: #008000;\"><strong>Czwartek<\/strong><\/span><br \/>\n<span style=\"color: #008000;\"><strong>24. 01. 2019 r. od 16:00<\/strong><\/span><\/p>\n<p>ul. Korczaka 13, 14, 15, 16<br \/>\nul. Korczaka 17, 18, 19, 20<br \/>\nul. Korczaka 21, 22, 23, 24<\/p>\n<p>&nbsp;<\/p>\n<p><strong><span style=\"color: #3366ff;\">Pi\u0105tek<\/span><\/strong><br \/>\n<strong><span style=\"color: #3366ff;\">25. 01. 2019 r. od 16:00<\/span><\/strong><\/p>\n<p>ul. Korczaka 25, 26, 27, 28<br \/>\nul. Korczaka 30, 31, 32, 33<br \/>\nul. Porazi\u0144ska i Lubelska<\/p>\n<p>&nbsp;<\/p>\n<p><span style=\"color: #008000;\"><strong>Sobota<\/strong><\/span><br \/>\n<span style=\"color: #008000;\"><strong>26. 01. 2019 r. od 15:00<\/strong><\/span><\/p>\n<p><span style=\"color: #ff0000;\"><strong>UZUPE\u0141NIENIA<\/strong><\/span> \u2013 udamy si\u0119 do tych<br \/>\nrodzin, kt\u00f3re z r\u00f3\u017cnych powod\u00f3w nie mog\u0142y<br \/>\nprzyj\u0105\u0107 kol\u0119dy a zg\u0142osi\u0142y ch\u0119\u0107 przyj\u0119cia<\/p>\n<p>&nbsp;<\/p>\n<p>&nbsp;<\/p>\n<p style=\"text-align: center;\"><span style=\"color: #800000;\"><strong>Prosimy o przygotowanie si\u0119 do wizyty duszpasterskiej:<\/strong><\/span><\/p>\n<ul>\n<li>Obecna ca\u0142a rodzina;<\/li>\n<li>Dzieci i m\u0142odzie\u017c przygotowuj\u0105 zeszyty do religii, ksi\u0105\u017ceczki potwierdzaj\u0105ce udzia\u0142 we Mszy \u015bw. niedzielnej oraz do Sakramentu Bierzmowania;<\/li>\n<li>Bia\u0142y obrus, Pismo \u015awi\u0119te, Krzy\u017c, \u015bwiecznik, woda \u015bwi\u0119cona i kropid\u0142o;<\/li>\n<li>Tematem jest program roku duszpasterskiego pt. \u201eW mocy Bo\u017cego Ducha\u201d- czyli wi\u0119ksz\u0105 uwag\u0119 zwr\u00f3cimy na osob\u0119 i dzia\u0142anie Ducha \u015awi\u0119tego.<\/li>\n<li>Kol\u0119dy od poniedzia\u0142ku do pi\u0105tku rozpoczynamy od godz. 16:00. Natomiast w soboty od godz. 15:00.<\/li>\n<\/ul>\n<p>&nbsp;<\/p>\n<p>&nbsp;<\/p>\n<p>&nbsp;<\/p>\n","protected":false},"excerpt":{"rendered":"<p>&nbsp; WIZYTA DUSZPASTERSKA &#8211; KOL\u0118DA 2019 PLAN ODWIEDZIN RODZIN W PARAFII \u015aW. RAFA\u0141A KALINOWSKIEGO W ELBL\u0104GU: &nbsp; Czwartek 27.12. 2018r. od 16:00 ul. Leszczy\u0144skiego 28, 29, 30, 31 ul. Leszczy\u0144skiego 24, 25, 26, 27 &nbsp; Pi\u0105tek 28.12. 2018r. od 16:00 ul. Leszczy\u0144skiego 20, 21, 22, 23 ul. Leszczy\u0144skiego 13, 14, 15, 16 &nbsp; Sobota 29.12. [&hellip;]<\/p>\n","protected":false},"author":1,"featured_media":2620,"comment_status":"closed","ping_status":"closed","sticky":false,"template":"","format":"standard","meta":{"ngg_post_thumbnail":0,"footnotes":""},"categories":[11,8],"tags":[],"class_list":["post-3269","post","type-post","status-publish","format-standard","has-post-thumbnail","hentry","category-aktualnosci","category-blog"],"_links":{"self":[{"href":"https:\/\/rafalk-elblag.pl\/index.php?rest_route=\/wp\/v2\/posts\/3269","targetHints":{"allow":["GET"]}}],"collection":[{"href":"https:\/\/rafalk-elblag.pl\/index.php?rest_route=\/wp\/v2\/posts"}],"about":[{"href":"https:\/\/rafalk-elblag.pl\/index.php?rest_route=\/wp\/v2\/types\/post"}],"author":[{"embeddable":true,"href":"https:\/\/rafalk-elblag.pl\/index.php?rest_route=\/wp\/v2\/users\/1"}],"replies":[{"embeddable":true,"href":"https:\/\/rafalk-elblag.pl\/index.php?rest_route=%2Fwp%2Fv2%2Fcomments&post=3269"}],"version-history":[{"count":5,"href":"https:\/\/rafalk-elblag.pl\/index.php?rest_route=\/wp\/v2\/posts\/3269\/revisions"}],"predecessor-version":[{"id":3285,"href":"https:\/\/rafalk-elblag.pl\/index.php?rest_route=\/wp\/v2\/posts\/3269\/revisions\/3285"}],"wp:featuredmedia":[{"embeddable":true,"href":"https:\/\/rafalk-elblag.pl\/index.php?rest_route=\/wp\/v2\/media\/2620"}],"wp:attachment":[{"href":"https:\/\/rafalk-elblag.pl\/index.php?rest_route=%2Fwp%2Fv2%2Fmedia&parent=3269"}],"wp:term":[{"taxonomy":"category","embeddable":true,"href":"https:\/\/rafalk-elblag.pl\/index.php?rest_route=%2Fwp%2Fv2%2Fcategories&post=3269"},{"taxonomy":"post_tag","embeddable":true,"href":"https:\/\/rafalk-elblag.pl\/index.php?rest_route=%2Fwp%2Fv2%2Ftags&post=3269"}],"curies":[{"name":"wp","href":"https:\/\/api.w.org\/{rel}","templated":true}]}}