{"id":3267,"date":"2019-01-04T06:18:47","date_gmt":"2019-01-04T06:18:47","guid":{"rendered":"http:\/\/rafalk-elblag.pl\/?p=3267"},"modified":"2019-01-04T06:18:47","modified_gmt":"2019-01-04T06:18:47","slug":"intencje-mszalne-na-swiateczny-czas-24-12-2018-6-01-2019","status":"publish","type":"post","link":"https:\/\/rafalk-elblag.pl\/?p=3267","title":{"rendered":"INTENCJE MSZALNE NA \u015aWI\u0104TECZNY CZAS (24.12.2018 &#8211; 6.01.2019)"},"content":{"rendered":"<p><a href=\"http:\/\/rafalk-elblag.pl\/wp-content\/uploads\/2016\/12\/shutterstock_49643152-1000.jpg\"><img loading=\"lazy\" decoding=\"async\" class=\"alignnone size-full wp-image-2526\" src=\"http:\/\/rafalk-elblag.pl\/wp-content\/uploads\/2016\/12\/shutterstock_49643152-1000.jpg\" alt=\"\" width=\"1000\" height=\"665\" srcset=\"https:\/\/rafalk-elblag.pl\/wp-content\/uploads\/2016\/12\/shutterstock_49643152-1000.jpg 1000w, https:\/\/rafalk-elblag.pl\/wp-content\/uploads\/2016\/12\/shutterstock_49643152-1000-300x200.jpg 300w, https:\/\/rafalk-elblag.pl\/wp-content\/uploads\/2016\/12\/shutterstock_49643152-1000-768x511.jpg 768w\" sizes=\"auto, (max-width: 1000px) 100vw, 1000px\" \/><\/a><\/p>\n<p>&nbsp;<\/p>\n<p><span style=\"color: #800080;\"><strong>24 grudnia PONIEDZIA\u0141EK \u0141k 1, 67-79<\/strong><\/span><\/p>\n<p>&nbsp;<\/p>\n<p>6:30 Za dzieci, m\u0142odzie\u017c i doros\u0142ych uczestnicz\u0105cych w tym roku we mszach \u015bw roranich, o Bo\u017ce b\u0142ogos\u0142awie\u0144stwo, wszelkie \u0142aski i opiek\u0119 Matki Bo\u017cej<\/p>\n<p>22:00 \u015ap. Jolanta (6 rocz. \u015bm), Romuald, Napoleon, Bronis\u0142awa i zm. z rodziny Karman<br \/>\n22:00 Za parafian<br \/>\n22:00 Dzi\u0119kczynna w 18 urodziny Zofii &#8211; wnuczki, oraz za Iren\u0119 o potrzebne \u0142aski i si\u0142y w chorobie<br \/>\n24:00 Za parafian<br \/>\n24:00 Rezerwacja Micha\u0142 Semeniuk<\/p>\n<p>&nbsp;<\/p>\n<p><strong><span style=\"color: #ff6600;\">25 grudnia WTOREK UROCZYSTO\u015a\u0106 BO\u017bEGO NARODZENIA Mt 1, 1-25<\/span><\/strong><br \/>\n9:00 \u015ap. Maria Boguszewska oraz zmar\u0142ych z rodziny Boguszewskich, Damian Ocicki<br \/>\n9:00 \u015ap. Zmar\u0142ych z rodziny Dziekan<br \/>\n10:30 Dzi\u0119kczynna za okazane \u0142aski z prosb\u0105 o dalsz\u0105 opiek\u0119 i Bo\u017ce b\u0142ogos\u0142awie\u0144stwo dla rodzin: Stan i Bardelskich<\/p>\n<p>12:00 Dzi\u0119kczynna z okazji 50 rocznicy \u015blubu Hanny i Albina Szlachcikowskich z pro\u015bb\u0105 o Bo\u017ce b\u0142ogos\u0142, wszelkie \u0142aski i opiek\u0119 Matki Bo\u017cej<\/p>\n<p>18:00 Dzi\u0119kczynna za wszystkie dzieci z rodzin: Walczuk i Lasota (Wiktor, Melania, Pawe\u0142, Wojciech, Jan, Ma\u0142gorzata, Stasiu, Ada\u015b, Zbyszek, Andrzej, Marysia)<\/p>\n<p>&nbsp;<\/p>\n<p><span style=\"color: #ff0000;\"><strong>26 grudnia \u015aRODA \u015awi\u0119to \u015bw. Szczepana, pierwszego m\u0119czennika Mt 10, 17-22<\/strong><\/span><br \/>\n7:00 Dzi\u0119kczynna z okazji 70 rocznicy urodzin Haliny Graczyk, z pro\u015bb\u0105 o Bo\u017ce b\u0142ogos\u0142awie\u0144stwo, wszelkie \u0142aski i opiek\u0119 Matki Bo\u017cej na ka\u017cdy dzie\u0144<\/p>\n<p>9:00 \u015ap. Zmar\u0142ych z rodziny Dziekan<br \/>\n9:00 \u015ap. Edward i Czes\u0142aw Skotniccy<br \/>\n10:30 \u015ap. Janina i Stanis\u0142aw Cudzi\u0142o, oraz zmarli z rodzin: Cudzi\u0142o i St\u0119pie\u0144<br \/>\n12:00 Dzi\u0119kczynna z okazji 70 rocznicy \u015blubu Stanis\u0142awa i Stanis\u0142awy D\u0105browskich oraz dzi\u0119kczynna za 90 lat \u017cycia Stanis\u0142awy i 93 lata Stanis\u0142awa &#8211; Czcigodnych Jublilat\u00f3w<\/p>\n<p>18:00 Dzi\u0119kczynna z okazji 12 urodzin Amelki, z pro\u015bb\u0105 o Bo\u017ce b\u0142ogos\u0142awie\u0144stwo, wszelkie \u0142aski i opiek\u0119 Matki Bo\u017cej na ka\u017cdy dzie\u0144<\/p>\n<p>&nbsp;<\/p>\n<p><span style=\"color: #ff9900;\"><strong>27 grudnia CZWARTEK \u015awi\u0119to \u015bw. Jana, aposto\u0142a i ewangelisty J 20, 2-8<\/strong><\/span><\/p>\n<p>8:00 Za rodziny z kol\u0119dy<br \/>\n18:00 \u015ap. Adam Zieli\u0144ski (4 rocz. \u015bm)<\/p>\n<p>&nbsp;<\/p>\n<p><strong><span style=\"color: #ff0000;\">28 grudnia PI\u0104TEK \u015awi\u0119to \u015bwi\u0119tych M\u0142odziank\u00f3w, m\u0119czennik\u00f3w Mt 2, 13-18<\/span><\/strong><\/p>\n<p>8:00 Za rodziny z kol\u0119dy<br \/>\n8:00 Intencja wolna<br \/>\n18:00 \u015ap. Feliksa Ogierman (1 rocz. \u015bm)<\/p>\n<p>&nbsp;<\/p>\n<p><span style=\"color: #ff9900;\"><strong>29 grudnia SOBOTA Pi\u0105ty Dzie\u0144 oktawy Narodzenia Pa\u0144skiego \u0141k 2, 22-35<\/strong><\/span><\/p>\n<p>8:00 Za rodziny z kol\u0119dy<br \/>\n8:00 Dzi\u0119kczynna z okazji 12 rocznicy \u015blubu: Magdy i Piotra Asiukiewicz, z pro\u015bb\u0105 o Bo\u017ce b\u0142ogos\u0142, potrzebne \u0142aski i opiek\u0119 Matki Bo\u017cej dla ca\u0142ej rodziny<\/p>\n<p>18:00 \u015ap. Iwona Kobrzeniecka (30 dz.p.p.)<\/p>\n<p>&nbsp;<\/p>\n<p><span style=\"color: #ff6600;\"><strong>30 grudnia NIEDZIELA \u015aW.RODZINY: JEZUSA, MARYJI I J\u00d3ZEFA \u0141k 2, 41-52<\/strong><\/span><br \/>\n7:00 Dzi\u0119kczynna z okazji imienin Eueniusza Wilewskiego, z pro\u015bb\u0105 o Bo\u017ce b\u0142ogos\u0142awie\u0144sto, wszelkie \u0142aski i opiek\u0119 Matki Bo\u017cej<br \/>\n9:00 \u015ap. Zmar\u0142ych z rodziny Dziekan<br \/>\n10:30 Dzi\u0119kczynna zokazji 6 urodzin: Marka i \u0141ukasza, z pro\u015bb\u0105 o Bo\u017ce b\u0142ogos\u0142awi\u0144stwo, wszelkie \u0142aski i opiek\u0119 Matki Bo\u017cej<\/p>\n<p>12:00 Za parafian<br \/>\n15:00 Dzi\u0119kczynna z okazji 55 rocznicy \u015blubu: Stanis\u0142awy i Jana z pro\u015bb\u0105 o Bo\u017ce b\u0142ogos\u0142awie\u0144stwo, zdrowie i opiek\u0119 Matki Bo\u017cej<\/p>\n<p>18:00 \u015ap. Marta (13 rocz \u015bm), Maksymilian (32 rocz. \u015bm) i zmarli z rodziny Szyd\u0142owskich<\/p>\n<p>&nbsp;<\/p>\n<p><span style=\"color: #ff9900;\"><strong>31 grudnia PONIEDZIA\u0141EK Si\u00f3dmy Dzie\u0144 oktawy Narodzenia Pa\u0144skiego J 1, 1-18<\/strong><\/span><\/p>\n<p>8:00 Intencja wolna<br \/>\n18:00 Dzi\u0119kczynna w intencji parafian, za ko\u0144cz\u0105cy si\u0119 rok AD 2018 i 25 &#8211; lecie parafii, z pro\u015bb\u0105 o Bo\u017ce b\u0142ogos\u0142awie\u0144stwo w nowym roku dla ca\u0142ej parafii<\/p>\n<p>&nbsp;<\/p>\n<p><span style=\"color: #ff6600;\"><strong>1 stycznia WTOREK Uroczysto\u015b\u0107 \u015awi\u0119tej Bo\u017cej Rodzicielki Maryji &#8211; Nowy Rok AD 2019 \u0141k 2, 16-21<\/strong><\/span><\/p>\n<p>9:00 \u015ap. Danuta Radziszewska (1 greg)<br \/>\n10:30 \u015ap. Edmund Szcz\u0119\u015bniak (1 rocz. \u015bm)<br \/>\n12:00 Za parafian<br \/>\n18:00 Dzi\u0119kczynna z okazji imienin &#8211; Mieczys\u0142aw Lenckowski, z pro\u015bb\u0105 o zdrowie, Bo\u017ce b\u0142ogos\u0142awie\u0144stwo i potrzebne \u0142aski na ka\u017cdy dzie\u0144 &#8211; prosi \u017cona<\/p>\n<p>&nbsp;<\/p>\n<p><span style=\"color: #ff9900;\"><strong>2 stycznia \u015aRODA Wspomnienie \u015bw. Bazylego Wielkiego i Grzegorza z Nazjanzu, biskup\u00f3w i doktor\u00f3w Ko\u015bcio\u0142a J 1, 19-28<\/strong><\/span><\/p>\n<p>8:00 \u015ap. Danuta Radziszewska (2 greg)<br \/>\n8:00 Za rodziny z kol\u0119dy<br \/>\n17:30 Nabo\u017ce\u0144stwo ku czci Matki Bo\u017cej Nieustaj\u0105cej Pomocy<br \/>\n18:00 \u015ap. Janina Janta &#8211; Lipi\u0144ska (int. urodzinowa) i zmarli z rodziny<\/p>\n<p>&nbsp;<\/p>\n<p><strong><span style=\"color: #ff9900;\">3 stycznia CZWARTEK Pierwszy czwartek miesi\u0105ca J 1, 29-34<\/span><\/strong><br \/>\n8:00 \u015ap. Danuta Radziszewska (3 greg)<br \/>\n8:00 Za rodziny z kol\u0119dy<br \/>\n18:00 \u015ap. Apoloniusz Komuda (6 rocz. \u015bm), zm rodzic\u00f3w z obojga stron i rodze\u0144stwo<\/p>\n<p>&nbsp;<\/p>\n<p><strong><span style=\"color: #ff9900;\">4 stycznia PI\u0104TEK Pierwszy pi\u0105tek miesi\u0105ca J 1, 35-42<\/span><\/strong><br \/>\n8:00 \u015ap. Danuta Radziszewska (4 greg)<br \/>\n8:00 Za rodziny z kol\u0119dy<br \/>\n18:00 Intencja wolna<\/p>\n<p>&nbsp;<\/p>\n<p><span style=\"color: #ff9900;\"><strong>5 stycznia SOBOTA Pierwsza sobota miesi\u0105ca J 1, 43-51<\/strong><\/span><br \/>\n8:00 \u015ap. Danuta Radziszewska (5 greg)<br \/>\n8:00 Za rodziny z kol\u0119dy<br \/>\n18:00 \u017bywy R\u00f3\u017caniec<\/p>\n<p>&nbsp;<\/p>\n<p><span style=\"color: #ff6600;\"><strong>6 stycznia NIEDZIELA Uroczysto\u015b\u0107 Objawienia Pa\u0144skiego Mt 2, 1-12<\/strong><\/span><br \/>\n7:00 \u015ap. Danuta Radziszewska (6 greg)<br \/>\n9:00 \u015ap. Stanis\u0142aw (11 rocz \u015bm), Jerzy, Stefan i Ewa<br \/>\n9:00 \u015ap. Krystyna Kami\u0144ska (5 rocz. \u015bm)<br \/>\n10:30 O zdrowie, Bo\u017ce b\u0142ogos\u0142awie\u0144stwo i opiek\u0119 Matki Bo\u017cej dla Heleny, Aleksandra i Krystyny<\/p>\n<p>12:00 Za parafian<br \/>\n15:00 Dzi\u0119kczynna z okazji 65 urodzin Mieczys\u0142awa (m) z pro\u015bb\u0105 o Bo\u017ce b\u0142ogos\u0142awie\u0144stwo, potrzebne \u0142aski i opiek\u0119 Matki Bo\u017cej na ka\u017cdy dzie\u0144<\/p>\n<p>18:00 \u015ap. Dariusz Nikiciuk (30 dz.p.p)<\/p>\n<p>&nbsp;<\/p>\n<p>&nbsp;<\/p>\n<p>&nbsp;<\/p>\n","protected":false},"excerpt":{"rendered":"<p>&nbsp; 24 grudnia PONIEDZIA\u0141EK \u0141k 1, 67-79 &nbsp; 6:30 Za dzieci, m\u0142odzie\u017c i doros\u0142ych uczestnicz\u0105cych w tym roku we mszach \u015bw roranich, o Bo\u017ce b\u0142ogos\u0142awie\u0144stwo, wszelkie \u0142aski i opiek\u0119 Matki Bo\u017cej 22:00 \u015ap. Jolanta (6 rocz. \u015bm), Romuald, Napoleon, Bronis\u0142awa i zm. z rodziny Karman 22:00 Za parafian 22:00 Dzi\u0119kczynna w 18 urodziny Zofii &#8211; [&hellip;]<\/p>\n","protected":false},"author":1,"featured_media":2526,"comment_status":"closed","ping_status":"closed","sticky":false,"template":"","format":"standard","meta":{"ngg_post_thumbnail":0,"footnotes":""},"categories":[11,8,4],"tags":[],"class_list":["post-3267","post","type-post","status-publish","format-standard","has-post-thumbnail","hentry","category-aktualnosci","category-blog","category-intencje"],"_links":{"self":[{"href":"https:\/\/rafalk-elblag.pl\/index.php?rest_route=\/wp\/v2\/posts\/3267","targetHints":{"allow":["GET"]}}],"collection":[{"href":"https:\/\/rafalk-elblag.pl\/index.php?rest_route=\/wp\/v2\/posts"}],"about":[{"href":"https:\/\/rafalk-elblag.pl\/index.php?rest_route=\/wp\/v2\/types\/post"}],"author":[{"embeddable":true,"href":"https:\/\/rafalk-elblag.pl\/index.php?rest_route=\/wp\/v2\/users\/1"}],"replies":[{"embeddable":true,"href":"https:\/\/rafalk-elblag.pl\/index.php?rest_route=%2Fwp%2Fv2%2Fcomments&post=3267"}],"version-history":[{"count":1,"href":"https:\/\/rafalk-elblag.pl\/index.php?rest_route=\/wp\/v2\/posts\/3267\/revisions"}],"predecessor-version":[{"id":3268,"href":"https:\/\/rafalk-elblag.pl\/index.php?rest_route=\/wp\/v2\/posts\/3267\/revisions\/3268"}],"wp:featuredmedia":[{"embeddable":true,"href":"https:\/\/rafalk-elblag.pl\/index.php?rest_route=\/wp\/v2\/media\/2526"}],"wp:attachment":[{"href":"https:\/\/rafalk-elblag.pl\/index.php?rest_route=%2Fwp%2Fv2%2Fmedia&parent=3267"}],"wp:term":[{"taxonomy":"category","embeddable":true,"href":"https:\/\/rafalk-elblag.pl\/index.php?rest_route=%2Fwp%2Fv2%2Fcategories&post=3267"},{"taxonomy":"post_tag","embeddable":true,"href":"https:\/\/rafalk-elblag.pl\/index.php?rest_route=%2Fwp%2Fv2%2Ftags&post=3267"}],"curies":[{"name":"wp","href":"https:\/\/api.w.org\/{rel}","templated":true}]}}