{"id":3265,"date":"2019-01-04T06:06:41","date_gmt":"2019-01-04T06:06:41","guid":{"rendered":"http:\/\/rafalk-elblag.pl\/?p=3265"},"modified":"2019-01-04T06:06:41","modified_gmt":"2019-01-04T06:06:41","slug":"ogloszenia-parafialne-na-swiateczny-czas-23-12-2018-5-01-2019","status":"publish","type":"post","link":"https:\/\/rafalk-elblag.pl\/?p=3265","title":{"rendered":"OG\u0141OSZENIA PARAFIALNE NA \u015aWI\u0104TECZNY CZAS (23.12.2018 &#8211; 5.01.2019)"},"content":{"rendered":"<p><a href=\"http:\/\/rafalk-elblag.pl\/wp-content\/uploads\/2016\/12\/pulpit.jpg\"><img loading=\"lazy\" decoding=\"async\" class=\"alignnone size-large wp-image-2530\" src=\"http:\/\/rafalk-elblag.pl\/wp-content\/uploads\/2016\/12\/pulpit-1024x682.jpg\" alt=\"\" width=\"900\" height=\"599\" srcset=\"https:\/\/rafalk-elblag.pl\/wp-content\/uploads\/2016\/12\/pulpit-1024x682.jpg 1024w, https:\/\/rafalk-elblag.pl\/wp-content\/uploads\/2016\/12\/pulpit-300x200.jpg 300w, https:\/\/rafalk-elblag.pl\/wp-content\/uploads\/2016\/12\/pulpit-768x512.jpg 768w, https:\/\/rafalk-elblag.pl\/wp-content\/uploads\/2016\/12\/pulpit.jpg 1698w\" sizes=\"auto, (max-width: 900px) 100vw, 900px\" \/><\/a><\/p>\n<p>&nbsp;<\/p>\n<p style=\"text-align: center;\"><span style=\"color: #ff0000;\"><strong>OG\u0141OSZENIA PARAFIALNE&nbsp;<\/strong><\/span><\/p>\n<p style=\"text-align: center;\"><span style=\"color: #800080;\"><strong>IV Niedziela Adwentu &#8211; 23.12.2018r.<\/strong><\/span><\/p>\n<p>1. Je\u015bli kto\u015b nie ma jeszcze po\u015bwi\u0119conego op\u0142atka na st\u00f3\u0142 wigilijny, mo\u017ce go naby\u0107 w zakrystii u pana ko\u015bcielnego. Zapraszamy.<\/p>\n<p>&nbsp;<\/p>\n<p>2. Zach\u0119camy dzi\u015b do godnego prze\u017cycia WIGILII BO\u017bEGO NARODZENIA. Zapraszamy na Pasterk\u0119 o godz. 22:00 lub o godz.<br \/>\n24:00. Przypominamy, \u017ce Msze \u015bw. w Uroczysto\u015b\u0107 Narodzenia Pa\u0144skiego b\u0119d\u0105 odprawione o godz. 9:00, 10:30, 12:00 i 18:00. Nie ma Mszy \u015aw. o godz. 7:00 i 15:00. Przypominamy, \u017ce wed\u0142ug niepami\u0119tnej tradycji, wieczerza wigilijna powinna by\u0107&nbsp; posi\u0142kiem bezmi\u0119snym i rozpoczyna\u0107 si\u0119 odczytaniem fragmentu Ewangelii i modlitw\u0105. Na stole wigilijnym niech zap\u0142onie \u015bwieca Caritas.<\/p>\n<p>&nbsp;<\/p>\n<p>3. Dzi\u0119kujemy tym wszystkim, kt\u00f3rzy w\u0142\u0105czyli si\u0119 w przygotowanie naszej \u015bwi\u0105tyni do \u015awi\u0105t Bo\u017cego Narodzenia. Szczeg\u00f3lne wyrazy wdzi\u0119czno\u015bci sk\u0142adamy pa\u0144stwu Kimso, p. Piotrowi Semeniuk, p. Henrykowi Jackiewicz, p. Henrykowi Kulig, p. J\u00f3zefowi Brz\u00f3ska.<\/p>\n<p>&nbsp;<\/p>\n<p>4. Zach\u0119camy do czytania prasy katolickiej: przed ko\u015bcio\u0142em mo\u017cemy kupi\u0107 \u015bwi\u0105teczny numer \u201eGo\u015bcia Niedzielnego\u201d. \u201eGo\u015b\u0107 Niedzielny\u201d (5z\u0142) to najpoczytniejszy tygodnik katolicki w Polsce. Nabywaj\u0105c i czytaj\u0105c ten tygodnik mamy mo\u017cliwo\u015b\u0107 poznawa\u0107 dzia\u0142alno\u015b\u0107 Ko\u015bcio\u0142a Katolickiego w \u015bwiecie i w Polsce.<br \/>\n5. Pan powo\u0142a\u0142 do wieczno\u015bci: \u015bp. Ann\u0119 Napieraj lat 70 z ul. Korczaka<\/p>\n<p style=\"text-align: center;\">&nbsp;<\/p>\n<p style=\"text-align: center;\">\n<span style=\"color: #ff6600;\"><strong>UROCZYSTO\u015a\u0106 BO\u017bEGO NARODZENIA &#8211; 25.12.2018r.<\/strong><\/span><\/p>\n<p>&nbsp;<\/p>\n<p>1. Jak co roku, tak i na te \u015bwi\u0119ta klerycy z naszej parafii rozprowadza\u0107 b\u0119d\u0105 \u201eMy\u015blnik Klerycki\u201d- jest on wydawany przez alumn\u00f3w naszego seminarium. Zach\u0119camy do nabywania \u2013 za dobrowoln\u0105 ofiar\u0119.<br \/>\n2. W drugi dzie\u0144 \u015bwi\u0105t: \u015bw. Szczepana, pierwszego m\u0119czennika. Taca z tego dnia przeznaczona jest na KATOLICKI UNIWERSYTET LUBELSKI oraz na Wy\u017csze Seminarium Duchowne Diecezji Elbl\u0105skiej, gdzie studiuje nasz kleryk Micha\u0142. B\u00f3g zap\u0142a\u0107 za z\u0142o\u017cone ofiary. Msze \u015bw. w tym dniu o godz. 7:00, 9:00, 10:30, 12:00 i o godz. 18:00.<\/p>\n<p>&nbsp;<\/p>\n<p>3. Od 26 grudnia rozpoczyna si\u0119 Oktawa Narodzenia Pa\u0144skiego, kt\u00f3ra jest przed\u0142u\u017ceniem rado\u015bci wierz\u0105cych z przyj\u015bcia na \u015bwiat Syna Bo\u017cego. UWAGA! Powracamy do porz\u0105dku Mszy \u015bw. o godz. 8:00 i 18:00.<br \/>\n4. W \u015brod\u0119 (26 grudnia), m\u0142odzie\u017c z naszej parafii pod opiek\u0105 ks. Marcina wyruszy na Europejskie Spotkanie M\u0142odych w duchu Taize do Madrytu (Hiszpania). Otoczmy ich modlitw\u0105, prosz\u0105c o szcz\u0119\u015bliw\u0105 podr\u00f3\u017c i owocne prze\u017cycie spotkania.<br \/>\n5. Wizyty duszpasterskie rozpoczniemy 27 grudnia br. od ul. Leszczy\u0144skiej. Kol\u0119d\u0119 rozpoczynamy od godz. 16:00. W trakcie kol\u0119dy codziennie o godz. 8:00 b\u0119dzie sprawowana Eucharystia za rodziny, do kt\u00f3rych udamy si\u0119 z Wizyt\u0105 Duszpastersk\u0105. Tym bardziej zach\u0119camy osoby dysponuj\u0105ce czasem do wsp\u00f3lnej modlitwy.<br \/>\n6. W tradycji przyj\u0119te jest, \u017ce podczas kol\u0119dy ministranci i lektorzy otrzymuj\u0105 dobrowolne ofiary jako wyraz wdzi\u0119czno\u015bci za pos\u0142ug\u0119 przy O\u0142tarzu Pa\u0144skim. Zebrane ofiary przeznaczone b\u0119d\u0105 na ich wsp\u00f3lny wyjazd wakacyjny. Za okazane dobro dzi\u0119kujemy!<br \/>\n7. Mo\u017cliwo\u015b\u0107 skorzystania z Sakramentu Spowiedzi \u015bw. w trakcie kol\u0119dy jest znacznie ograniczona. Dlatego zach\u0119camy do spowiedzi przed Msz\u0105 \u015bw. od godz.17:30.<br \/>\n8. PIELGRZYMKA W ROKU 2019 !!! Parafia organizuje samolotow\u0105 pielgrzymk\u0119 do Grecji w dniach 21 \u2013 28 wrze\u015bnia 2019 roku. Zobaczymy takie miejsca jak: Ateny, Korynt, Epidaurus, Ossios Lukas, Saloniki, Veria, Dolina Tembi, Termopile oraz Przyl\u0105dek Sounio z pi\u0119knym widokiem na Morze Egejskie . Koszt 3390 z\u0142. plus 150 euro. Zapisy u ks. Proboszcza do ko\u0144ca stycznia 2019 r. Wpisowe 1000 z\u0142. Pomy\u015bl i zaplanuj ju\u017c dzi\u015b Tw\u00f3j wyjazd do tak wa\u017cnych i cudownych miejsc.<br \/>\n9. Wszystkim parafianom i przyby\u0142ym go\u015bciom do naszej wsp\u00f3lnoty \u017cyczymy b\u0142ogos\u0142awionych \u015awi\u0105t Bo\u017cego Narodzenia. Niech b\u0119d\u0105 pe\u0142ne mi\u0142o\u015bci, zgody i rodzinnych spotka\u0144.<\/p>\n<p>&nbsp;<\/p>\n<p style=\"text-align: center;\"><span style=\"color: #800000;\"><strong>\u015aWI\u0118TO \u015aWI\u0118TEJ RODZINY: JEZUSA, MARYI I J\u00d3ZEFA&nbsp;&#8211;&nbsp;30.12.2018r.<\/strong><\/span><\/p>\n<p>1. Parafian, kt\u00f3rzy pragn\u0105 podzi\u0119kowa\u0107 za miniony rok, zapraszamy jutro na nabo\u017ce\u0144stwo dzi\u0119kczynno-przeb\u0142agalne po Mszy \u015bw. o godz. 18:00 zako\u0144czone b\u0142ogos\u0142awie\u0144stwem Naj\u015bwi\u0119tszym Sakramentem.<br \/>\n2. Za tydzie\u0144 comiesi\u0119czna Adoracja Naj\u015bwi\u0119tszego Sakramentu od godz. 16:00 do 18:00. Przyjd\u017a i oddaj Panu Bogu rozpocz\u0119ty Nowy Rok.<br \/>\n3. We wtorek Nowy Rok Ko\u015bci\u00f3\u0142 obchodzi Uroczysto\u015b\u0107 \u015awi\u0119tej Bo\u017cej Rodzicielki Maryi. Jest to \u015awiatowy Dzie\u0144 Modlitw o Pok\u00f3j. Pro\u015bmy, by Maryja wyprasza\u0142a pok\u00f3j na \u015bwiecie i w sercu ka\u017cdego z nas, a B\u00f3g nam b\u0142ogos\u0142awi\u0142 w Nowym Roku 2019. Uwaga. Pierwsza Msza \u015aw. w tym dniu o godz. 9:00, a nast\u0119pne o godz. 10:30, 12:00 i 18:00.<br \/>\n4. W tym tygodniu przypada pierwszy czwartek, pi\u0105tek i sobota miesi\u0105ca:<br \/>\n\uf0b7 pierwszy czwartek miesi\u0105ca \u2013 zapraszamy na Msz\u0119 \u015bw. o godz. 18:00, a po niej na Adoracj\u0119 Naj\u015bwi\u0119tszego Sakramentu tj. na GODZIN\u0118 \u015aWI\u0118T\u0104\u201d. Zapraszamy wszystkie \u201eMargaretki\u201d do wsp\u00f3lnej modlitwy.<br \/>\n\uf0b7 w pierwszy pi\u0105tek spowied\u017a dla dzieci wyj\u0105tkowo od godz. 17:30 a Msza \u015bw. o godz. 18:00 dla wszystkich.<br \/>\n\uf0b7 PRZYPOMINAMY \u017ce dzieci klas IV spowiadaj\u0105 si\u0119 w tygodniu wed\u0142ug ustalonego porz\u0105dku. UWAGA !!!! Msza \u015bw. w I pi\u0105tek miesi\u0105ca dla wszystkich dzieci i doros\u0142ych o godz. 18.00.<\/p>\n<p>&nbsp;<\/p>\n<p>5. w pierwsz\u0105 sobot\u0119 o godz. 17:00 zapraszamy na NABO\u017bE\u0143STWO WYNAGRADZAJ\u0104CE ZA OBELGI PRZECIWKO DZIEWICTWU MARYI w ramach nabo\u017ce\u0144stwa pierwszych pi\u0119ciu sob\u00f3t.<br \/>\n6. Z racji I pi\u0105tku miesi\u0105ca w tym tygodniu ksi\u0119\u017ca udadz\u0105 si\u0119 do chorych. Ks. Proboszcz w pi\u0105tek od godz. 9:30, ks. \u0141ukasz od godz. 11:00 a ks. Marcin od godz. 8:00.<br \/>\n7. Za tydzie\u0144 UROCZYSTO\u015a\u0106 OBJAWIENIA PA\u0143SKIEGO (TRZECH KR\u00d3LI). Jest to dzie\u0144 modlitw za misje, dlatego<br \/>\npami\u0119tajmy o misjonarzach pochodz\u0105cych z naszej parafii. Ofiary zbierane do puszek przeznaczone b\u0119d\u0105 na pomoc dla o. Dariusza Maruta CSSp pracuj\u0105cego na Madagaskarze. B\u00f3g zap\u0142a\u0107 za zrozumienie. W tym dniu podczas ka\u017cdej Mszy \u015awi\u0119tej po\u015bwi\u0119cenie kredy i wody, kt\u00f3r\u0105 zabieramy do domu.<br \/>\n8. Dnia 20 stycznia (Niedziela) po wsp\u00f3lnej Mszy \u015bw. o godz. 18:00 odb\u0119dzie si\u0119 spotkanie op\u0142atkowe dla wszystkich wsp\u00f3lnot dzia\u0142aj\u0105cych przy naszej parafii. Przyjd\u017a czekamy na Ciebie.<\/p>\n<p>9. Za tydzie\u0144 tj. 6 stycznia br. spotkanie grupy pielgrzymkowej Elbl\u0105g &#8211; P\u00f3\u0142noc na Mszy \u015bw. o godz. 18:00 a nast\u0119pnie na plebani. Serdecznie wszystkich by\u0142ych i pragn\u0105cych pielgrzymowa\u0107 pieszo na Jasna G\u00f3r\u0119 zapraszamy. Ks. Tomasz i trzon grupy pielgrzymkowej.<br \/>\n10. Trwa Wizyta duszpasterska w parafii (program znajdziemy w Biuletynie). Dzi\u0119kujemy za sk\u0142adane przy tej okazji ofiary na kolejne \u0142awki do naszego Ko\u015bcio\u0142a. W trakcje kol\u0119dy codziennie o godz. 8.00 sprawowana jest Msza \u015bw. za rodziny, do kt\u00f3rych udamy si\u0119 z Wizyt\u0105 Duszpastersk\u0105. Tym bardziej zach\u0119camy osoby dysponuj\u0105ce czasem do wsp\u00f3lnej<br \/>\nmodlitwy.<br \/>\n11. Scholka parafialna \u201eRAFAEL\u201d oraz Zesp\u00f3\u0142 M\u0142odzie\u017cowy zapraszaj\u0105 do wsp\u00f3lnego kol\u0119dowania wszystkich parafian, przyjaci\u00f3\u0142, dzieci, doros\u0142ych oraz rodzic\u00f3w i dzieci przygotowuj\u0105cych si\u0119 do I Komunii \u015awi\u0119tej; 13 stycznia (niedziela), o godz. 16:15, do naszego Ko\u015bcio\u0142a. PRZYJD\u0179 I W\u0141\u0104CZ SI\u0118 WE WSP\u00d3LNY \u015aPIEW KOL\u0118D.<br \/>\n12. Zach\u0119camy do zamawiania Mszy \u015aw. dzi\u0119kczynnych (rodzinnych) za miniony rok z pro\u015bb\u0105 o dalsz\u0105 opiek\u0119 i Bo\u017ce b\u0142ogos\u0142awie\u0144stwo w Nowym Roku.<\/p>\n<p>&nbsp;<\/p>\n<p>13. Za tydzie\u0144 ofiary z\u0142o\u017cone na tac\u0119 przeznaczone b\u0119d\u0105 uregulowanie rachunku za ogrzewanie Ko\u015bcio\u0142a. Dzi\u0119kuj\u0119 za zrozumienie i z\u0142o\u017cone ofiary.<br \/>\n14. Wszystkim parafianom i przyby\u0142ym go\u015bciom do naszej wsp\u00f3lnoty \u017cyczymy szcz\u0119\u015bliwego Nowego Roku 2019, wielu \u0142ask i opieki Matki Bo\u017cej Szkaplerznej.<\/p>\n<p>&nbsp;<\/p>\n<p>&nbsp;<\/p>\n<p>&nbsp;<\/p>\n","protected":false},"excerpt":{"rendered":"<p>&nbsp; OG\u0141OSZENIA PARAFIALNE&nbsp; IV Niedziela Adwentu &#8211; 23.12.2018r. 1. Je\u015bli kto\u015b nie ma jeszcze po\u015bwi\u0119conego op\u0142atka na st\u00f3\u0142 wigilijny, mo\u017ce go naby\u0107 w zakrystii u pana ko\u015bcielnego. Zapraszamy. &nbsp; 2. Zach\u0119camy dzi\u015b do godnego prze\u017cycia WIGILII BO\u017bEGO NARODZENIA. Zapraszamy na Pasterk\u0119 o godz. 22:00 lub o godz. 24:00. Przypominamy, \u017ce Msze \u015bw. w Uroczysto\u015b\u0107 Narodzenia [&hellip;]<\/p>\n","protected":false},"author":1,"featured_media":2530,"comment_status":"closed","ping_status":"closed","sticky":false,"template":"","format":"standard","meta":{"ngg_post_thumbnail":0,"footnotes":""},"categories":[11,8,3],"tags":[],"class_list":["post-3265","post","type-post","status-publish","format-standard","has-post-thumbnail","hentry","category-aktualnosci","category-blog","category-ogloszenia"],"_links":{"self":[{"href":"https:\/\/rafalk-elblag.pl\/index.php?rest_route=\/wp\/v2\/posts\/3265","targetHints":{"allow":["GET"]}}],"collection":[{"href":"https:\/\/rafalk-elblag.pl\/index.php?rest_route=\/wp\/v2\/posts"}],"about":[{"href":"https:\/\/rafalk-elblag.pl\/index.php?rest_route=\/wp\/v2\/types\/post"}],"author":[{"embeddable":true,"href":"https:\/\/rafalk-elblag.pl\/index.php?rest_route=\/wp\/v2\/users\/1"}],"replies":[{"embeddable":true,"href":"https:\/\/rafalk-elblag.pl\/index.php?rest_route=%2Fwp%2Fv2%2Fcomments&post=3265"}],"version-history":[{"count":1,"href":"https:\/\/rafalk-elblag.pl\/index.php?rest_route=\/wp\/v2\/posts\/3265\/revisions"}],"predecessor-version":[{"id":3266,"href":"https:\/\/rafalk-elblag.pl\/index.php?rest_route=\/wp\/v2\/posts\/3265\/revisions\/3266"}],"wp:featuredmedia":[{"embeddable":true,"href":"https:\/\/rafalk-elblag.pl\/index.php?rest_route=\/wp\/v2\/media\/2530"}],"wp:attachment":[{"href":"https:\/\/rafalk-elblag.pl\/index.php?rest_route=%2Fwp%2Fv2%2Fmedia&parent=3265"}],"wp:term":[{"taxonomy":"category","embeddable":true,"href":"https:\/\/rafalk-elblag.pl\/index.php?rest_route=%2Fwp%2Fv2%2Fcategories&post=3265"},{"taxonomy":"post_tag","embeddable":true,"href":"https:\/\/rafalk-elblag.pl\/index.php?rest_route=%2Fwp%2Fv2%2Ftags&post=3265"}],"curies":[{"name":"wp","href":"https:\/\/api.w.org\/{rel}","templated":true}]}}