{"id":3262,"date":"2018-12-16T23:09:44","date_gmt":"2018-12-16T23:09:44","guid":{"rendered":"http:\/\/rafalk-elblag.pl\/?p=3262"},"modified":"2018-12-16T23:09:44","modified_gmt":"2018-12-16T23:09:44","slug":"ogloszenia-parafialne-16-12-2018-r-iii-niedziela-adwentu","status":"publish","type":"post","link":"https:\/\/rafalk-elblag.pl\/?p=3262","title":{"rendered":"OG\u0141OSZENIA PARAFIALNE 16.12.2018 R. \u2013 III NIEDZIELA ADWENTU"},"content":{"rendered":"<p><a href=\"http:\/\/rafalk-elblag.pl\/wp-content\/uploads\/2016\/12\/pulpit.jpg\"><img loading=\"lazy\" decoding=\"async\" class=\"alignnone size-large wp-image-2530\" src=\"http:\/\/rafalk-elblag.pl\/wp-content\/uploads\/2016\/12\/pulpit-1024x682.jpg\" alt=\"\" width=\"900\" height=\"599\" srcset=\"https:\/\/rafalk-elblag.pl\/wp-content\/uploads\/2016\/12\/pulpit-1024x682.jpg 1024w, https:\/\/rafalk-elblag.pl\/wp-content\/uploads\/2016\/12\/pulpit-300x200.jpg 300w, https:\/\/rafalk-elblag.pl\/wp-content\/uploads\/2016\/12\/pulpit-768x512.jpg 768w, https:\/\/rafalk-elblag.pl\/wp-content\/uploads\/2016\/12\/pulpit.jpg 1698w\" sizes=\"auto, (max-width: 900px) 100vw, 900px\" \/><\/a><\/p>\n<p>&nbsp;<\/p>\n<p>&nbsp;<\/p>\n<p><b>1. Przed nami ostatni tydzie\u0144 Adwentu<span style=\"font-weight: 400;\"> czasu w kt\u00f3rym pragniemy przygotowa\u0107 si\u0119 do \u015bwi\u0105t Bo\u017cego Narodzenia.&nbsp;<\/span>ZAPRASZAMY!!! W dni powszednie zapraszamy na Msze \u015bw. RORATNIE ku czci Matki Bo\u017cej o godz. 6:30. Dzieci zapraszamy w poniedzia\u0142ki i \u015brody o godz. 6:30, a m\u0142odzie\u017c z doros\u0142ymi w pi\u0105tek o godz. 6:00.<\/b><\/p>\n<p>&nbsp;<\/p>\n<p><i><span style=\"font-weight: 400;\">Dzisiaj nie wszyscy jednak rodzice gotowi s\u0105 mobilizowa\u0107 swoje pociechy do p\u00f3j\u015bcia rano na Msz\u0119 \u015bw. To raczej doro\u015bli, a nie dzieci, maj\u0105 problemy z porannymi Roratami. A trzeba pami\u0119ta\u0107, i\u017c w tym zwyczaju kryje si\u0119 mo\u017cliwo\u015b\u0107 \u0107wiczenia woli i umiej\u0119tno\u015bci wyrzeczenia, tak potrzebnych p\u00f3\u017aniej w doros\u0142ym \u017cyciu.<\/span><\/i><\/p>\n<p>&nbsp;<\/p>\n<p>&nbsp;<\/p>\n<p><b><span style=\"font-weight: 400;\">2. Dzisiaj o godz. 18:00 Msza \u015bw. i spotkanie formacyjno- modlitewne dla Rodziny Karmelita\u0144skiej i Bractwa Szkaplerznego. Zapraszamy.<\/span><\/b><\/p>\n<p>&nbsp;<\/p>\n<p>&nbsp;<\/p>\n<p style=\"display: inline !important;\"><span style=\"font-weight: 400;\">3. Osoby pragn\u0105ce pom\u00f3c przy Szopce i dekoracji Ko\u015bcio\u0142a zapraszamy w poniedzia\u0142ek tj. 17 grudnia br. na godz. 9:00. Pro\u015bba, aby w\u015br\u00f3d ch\u0119tnych nie zabrak\u0142o m\u0119\u017cczyzn.<\/span><\/p>\n<p style=\"display: inline !important;\">&nbsp;<\/p>\n<p style=\"display: inline !important;\">&nbsp;<\/p>\n<p style=\"display: inline !important;\">&nbsp;<\/p>\n<p style=\"display: inline !important;\">&nbsp;<\/p>\n<p><b><\/b><\/p>\n<p style=\"display: inline !important;\">4. Spotkania formacyjne o charakterze \u015bwi\u0105tecznym odb\u0119d\u0105 si\u0119 dla kandydat\u00f3w do bierzmowania: z KLAS VIII \u2013 w poniedzia\u0142ek 17 grudnia godz. 17:00, a w pi\u0105tek 21 grudnia o godz. 18:30 dla KLAS III GIMNAZJUM.<\/p>\n<p><b><\/b><\/p>\n<p style=\"display: inline !important;\">5. PRZYPOMINAMY !!!<span style=\"font-weight: 400;\"> Nauka dla rodzic\u00f3w i chrzestnych: 21 grudnia (pi\u0105tek) o godz. 19:00 na plebanii. Obecno\u015b\u0107 obowi\u0105zkowa.<\/span><\/p>\n<p><b><\/b><\/p>\n<p style=\"display: inline !important;\"><span style=\"font-weight: 400;\">6. Ministranci dzisiaj rozprowadzaj\u0105 sianko na st\u00f3\u0142 wigilijny za dobrowoln\u0105 ofiar\u0119. Zadbajmy o to, by tego symbolu ub\u00f3stwa nie zabrak\u0142o w naszym domu.<\/span><\/p>\n<p><b><\/b><\/p>\n<p style=\"display: inline !important;\">7. Je\u015bli kto\u015b nie ma jeszcze po\u015bwi\u0119conego op\u0142atka na st\u00f3\u0142 wigilijny, mo\u017ce go naby\u0107&nbsp;<\/p>\n<p><b><\/b><\/p>\n<p style=\"display: inline !important;\">w zakrystii u pana ko\u015bcielnego. Zapraszamy.<\/p>\n<p><b><\/b><\/p>\n<p style=\"display: inline !important;\"><span style=\"font-weight: 400;\">8. Przypominamy, \u017ce najpi\u0119kniejsz\u0105 modlitw\u0105 Ko\u015bcio\u0142a jest Msza \u015awi\u0119ta, kt\u00f3r\u0105 mo\u017cna zamawia\u0107 za \u017cywych i umar\u0142ych lub ofiarowa\u0107 jako wspania\u0142y chrze\u015bcija\u0144ski prezent z okazji rocznicy \u015blubu, chrztu, urodzin i imienin, prosz\u0105c o \u0142aski lub za nie dzi\u0119kuj\u0105c. <\/span><i><span style=\"font-weight: 400;\">Mo\u017cna zamawia\u0107 i rezerwowa\u0107 Msze \u015awi\u0119te na rok 2019.<\/span><\/i><\/p>\n<p><i><\/i><\/p>\n<p style=\"display: inline !important;\">9. PIELGRZYMKI W ROKU 2019 !!!<span style=\"font-weight: 400;\"> Parafia organizuje:<\/span><\/p>\n<ul>\n<li style=\"font-weight: 400;\"><span style=\"font-weight: 400;\">autokarow\u0105 pielgrzymk\u0119 do Medjugorie w &nbsp;maju i lipcu 2019 roku.&nbsp;<\/span>Koszt ok. 650 z\u0142 i 150 euro.<\/li>\n<\/ul>\n<p>&nbsp;<\/p>\n<ul>\n<li style=\"font-weight: 400;\"><i><span style=\"font-weight: 400;\">samolotow\u0105 pielgrzymk\u0119 do Grecji w drugiej po\u0142owie wrze\u015bnia 2019 roku.&nbsp;<\/span><\/i>Koszt ok. 3450z\u0142. i 150 euro. &nbsp;<i><span style=\"font-weight: 400;\">Zapisy i wi\u0119cej informacji u ks. Proboszcza.<\/span><\/i><\/li>\n<\/ul>\n<p><i><span style=\"font-weight: 400;\">Pomy\u015bl i zaplanuj ju\u017c dzi\u015b Tw\u00f3j wyjazd do tak wa\u017cnych i cudownych miejsc.<\/span><\/i><\/p>\n<p>&nbsp;<\/p>\n<p>&nbsp;<\/p>\n<p><b><span style=\"font-weight: 400;\">10. Zach\u0119camy do czytania prasy katolickiej: nowy numer \u201eGo\u015bcia Niedzielnego\u201d &nbsp;w cenie 5 z\u0142. <\/span>wraz z dodatkiem \u201eGo\u015b\u0107 Elbl\u0105ski\u201d<span style=\"font-weight: 400;\">.<\/span><\/b><\/p>\n<p>&nbsp;<\/p>\n<p>&nbsp;<\/p>\n<p>&nbsp;<\/p>\n<p style=\"text-align: center;\">&nbsp;<\/p>\n<table>\n<tbody>\n<tr>\n<td>\n<p style=\"text-align: center;\"><span style=\"color: #993366;\"><b>Numer Konta Parafialnego<\/b><\/span><\/p>\n<p style=\"text-align: center;\"><span style=\"color: #993366;\"><b>PKO BP 72 1020 1752 0000 0102 0069 6047<\/b><\/span><\/p>\n<\/td>\n<\/tr>\n<\/tbody>\n<\/table>\n<p>&nbsp;<\/p>\n<p>&nbsp;<\/p>\n<p>&nbsp;<\/p>\n","protected":false},"excerpt":{"rendered":"<p>&nbsp; &nbsp; 1. Przed nami ostatni tydzie\u0144 Adwentu czasu w kt\u00f3rym pragniemy przygotowa\u0107 si\u0119 do \u015bwi\u0105t Bo\u017cego Narodzenia.&nbsp;ZAPRASZAMY!!! W dni powszednie zapraszamy na Msze \u015bw. RORATNIE ku czci Matki Bo\u017cej o godz. 6:30. Dzieci zapraszamy w poniedzia\u0142ki i \u015brody o godz. 6:30, a m\u0142odzie\u017c z doros\u0142ymi w pi\u0105tek o godz. 6:00. &nbsp; Dzisiaj nie wszyscy [&hellip;]<\/p>\n","protected":false},"author":1,"featured_media":2530,"comment_status":"closed","ping_status":"closed","sticky":false,"template":"","format":"standard","meta":{"ngg_post_thumbnail":0,"footnotes":""},"categories":[11,8,3],"tags":[],"class_list":["post-3262","post","type-post","status-publish","format-standard","has-post-thumbnail","hentry","category-aktualnosci","category-blog","category-ogloszenia"],"_links":{"self":[{"href":"https:\/\/rafalk-elblag.pl\/index.php?rest_route=\/wp\/v2\/posts\/3262","targetHints":{"allow":["GET"]}}],"collection":[{"href":"https:\/\/rafalk-elblag.pl\/index.php?rest_route=\/wp\/v2\/posts"}],"about":[{"href":"https:\/\/rafalk-elblag.pl\/index.php?rest_route=\/wp\/v2\/types\/post"}],"author":[{"embeddable":true,"href":"https:\/\/rafalk-elblag.pl\/index.php?rest_route=\/wp\/v2\/users\/1"}],"replies":[{"embeddable":true,"href":"https:\/\/rafalk-elblag.pl\/index.php?rest_route=%2Fwp%2Fv2%2Fcomments&post=3262"}],"version-history":[{"count":1,"href":"https:\/\/rafalk-elblag.pl\/index.php?rest_route=\/wp\/v2\/posts\/3262\/revisions"}],"predecessor-version":[{"id":3263,"href":"https:\/\/rafalk-elblag.pl\/index.php?rest_route=\/wp\/v2\/posts\/3262\/revisions\/3263"}],"wp:featuredmedia":[{"embeddable":true,"href":"https:\/\/rafalk-elblag.pl\/index.php?rest_route=\/wp\/v2\/media\/2530"}],"wp:attachment":[{"href":"https:\/\/rafalk-elblag.pl\/index.php?rest_route=%2Fwp%2Fv2%2Fmedia&parent=3262"}],"wp:term":[{"taxonomy":"category","embeddable":true,"href":"https:\/\/rafalk-elblag.pl\/index.php?rest_route=%2Fwp%2Fv2%2Fcategories&post=3262"},{"taxonomy":"post_tag","embeddable":true,"href":"https:\/\/rafalk-elblag.pl\/index.php?rest_route=%2Fwp%2Fv2%2Ftags&post=3262"}],"curies":[{"name":"wp","href":"https:\/\/api.w.org\/{rel}","templated":true}]}}