{"id":3260,"date":"2018-12-16T23:04:57","date_gmt":"2018-12-16T23:04:57","guid":{"rendered":"http:\/\/rafalk-elblag.pl\/?p=3260"},"modified":"2018-12-16T23:04:57","modified_gmt":"2018-12-16T23:04:57","slug":"intencje-mszalne-na-iii-tydzien-adwentu-17-23-12-2018-r","status":"publish","type":"post","link":"https:\/\/rafalk-elblag.pl\/?p=3260","title":{"rendered":"INTENCJE MSZALNE NA III TYDZIE\u0143 ADWENTU (17-23.12.2018 R.)"},"content":{"rendered":"<p><a href=\"http:\/\/rafalk-elblag.pl\/wp-content\/uploads\/2016\/12\/shutterstock_49643152-1000.jpg\"><img loading=\"lazy\" decoding=\"async\" class=\"alignnone size-full wp-image-2526\" src=\"http:\/\/rafalk-elblag.pl\/wp-content\/uploads\/2016\/12\/shutterstock_49643152-1000.jpg\" alt=\"\" width=\"1000\" height=\"665\" srcset=\"https:\/\/rafalk-elblag.pl\/wp-content\/uploads\/2016\/12\/shutterstock_49643152-1000.jpg 1000w, https:\/\/rafalk-elblag.pl\/wp-content\/uploads\/2016\/12\/shutterstock_49643152-1000-300x200.jpg 300w, https:\/\/rafalk-elblag.pl\/wp-content\/uploads\/2016\/12\/shutterstock_49643152-1000-768x511.jpg 768w\" sizes=\"auto, (max-width: 1000px) 100vw, 1000px\" \/><\/a><\/p>\n<p>&nbsp;<\/p>\n<p>&nbsp;<\/p>\n<table>\n<tbody>\n<tr>\n<td colspan=\"2\"><b>17 grudnia &nbsp;&nbsp;PONIEDZIA\u0141EK &nbsp;&nbsp;<\/b><\/td>\n<td>\n<p style=\"text-align: right;\"><b>Mt 1, 1-17<\/b><\/p>\n<\/td>\n<\/tr>\n<tr>\n<td><span style=\"font-weight: 400;\">6:30<\/span><\/td>\n<td colspan=\"2\"><span style=\"font-weight: 400;\">Intencja wolna<\/span><\/td>\n<\/tr>\n<tr>\n<td><span style=\"font-weight: 400;\">18:00<\/span><\/td>\n<td colspan=\"2\"><span style=\"font-weight: 400;\">\u015ap. Tadeusz &#8211; Marian Sawicz (46 rocz. \u015bm)<\/span><\/td>\n<\/tr>\n<\/tbody>\n<\/table>\n<p>&nbsp;<\/p>\n<p>&nbsp;<\/p>\n<p>&nbsp;<\/p>\n<table>\n<tbody>\n<tr>\n<td colspan=\"2\"><b>18 grudnia &nbsp;&nbsp;&nbsp;WTOREK<\/b><\/td>\n<td>\n<p style=\"text-align: right;\"><b>Mt 1, 18-24<\/b><\/p>\n<\/td>\n<\/tr>\n<tr>\n<td><span style=\"font-weight: 400;\">6:30<\/span><\/td>\n<td colspan=\"2\"><span style=\"font-weight: 400;\">Intencja wolna<\/span><\/td>\n<\/tr>\n<tr>\n<td><span style=\"font-weight: 400;\">18:00<\/span><\/td>\n<td colspan=\"2\"><span style=\"font-weight: 400;\">\u015ap.Piotr, Stanis\u0142awa, Stefan Klecha<\/span><\/td>\n<\/tr>\n<\/tbody>\n<\/table>\n<p>&nbsp;<\/p>\n<p>&nbsp;<\/p>\n<p>&nbsp;<\/p>\n<table>\n<tbody>\n<tr>\n<td colspan=\"2\"><b>19 &nbsp;grudnia &nbsp;&nbsp;\u015aRODA<\/b><\/td>\n<td>\n<p style=\"text-align: right;\"><b>\u0141k 1, 5-25<\/b><\/p>\n<\/td>\n<\/tr>\n<tr>\n<td><span style=\"font-weight: 400;\">6:30<\/span><\/td>\n<td colspan=\"2\"><span style=\"font-weight: 400;\">Intencja wolna<\/span><\/td>\n<\/tr>\n<tr>\n<td><span style=\"font-weight: 400;\">17:30<\/span><\/td>\n<td colspan=\"2\"><i><span style=\"font-weight: 400;\">Nabo\u017ce\u0144stwo ku czci Matki Bo\u017cej Nieustaj\u0105cej Pomocy<\/span><\/i><\/td>\n<\/tr>\n<tr>\n<td><span style=\"font-weight: 400;\">18:00<\/span><\/td>\n<td colspan=\"2\"><span style=\"font-weight: 400;\">\u015ap. Rozalia Krzykowska (8 rocz. \u015bm), Stanis\u0142aw Krzykowski<\/span><span style=\"font-weight: 400;\"><br \/>\n<\/span><span style=\"font-weight: 400;\">(35 rocz. \u015bm), zm. braci: Bogdan, Andrzej Krzykowscy <\/span><\/td>\n<\/tr>\n<\/tbody>\n<\/table>\n<p>&nbsp;<\/p>\n<p>&nbsp;<\/p>\n<p>&nbsp;<\/p>\n<table>\n<tbody>\n<tr>\n<td colspan=\"2\"><b>20 &nbsp;grudnia &nbsp;&nbsp;&nbsp;CZWARTEK <\/b><\/td>\n<td>\n<p style=\"text-align: right;\"><b>\u0141k 1, 26-38<\/b><\/p>\n<\/td>\n<\/tr>\n<tr>\n<td><span style=\"font-weight: 400;\">6:30<\/span><\/td>\n<td colspan=\"2\"><span style=\"font-weight: 400;\">\u015ap. Adam Zasada (31 rocz. \u015bm), Tomasz Piwnikiewicz (4 rocz. \u015bm)<\/span><\/td>\n<\/tr>\n<tr>\n<td><span style=\"font-weight: 400;\">18:00<\/span><\/td>\n<td colspan=\"2\"><span style=\"font-weight: 400;\">\u015ap. Dariusz Nikiciuk &#8211; int. od rodziny Nogat\u00f3w<\/span><\/td>\n<\/tr>\n<\/tbody>\n<\/table>\n<p>&nbsp;<\/p>\n<p>&nbsp;<\/p>\n<p>&nbsp;<\/p>\n<table>\n<tbody>\n<tr>\n<td colspan=\"2\"><b>21 &nbsp;grudnia &nbsp;&nbsp;PI\u0104TEK <\/b><\/td>\n<td>\n<p style=\"text-align: right;\"><b>\u0141k 1, 39-45<\/b><\/p>\n<\/td>\n<\/tr>\n<tr>\n<td><span style=\"font-weight: 400;\">6:00<\/span><\/td>\n<td colspan=\"2\"><span style=\"font-weight: 400;\">Intencja wolna<\/span><\/td>\n<\/tr>\n<tr>\n<td><span style=\"font-weight: 400;\">18:00<\/span><\/td>\n<td colspan=\"2\"><span style=\"font-weight: 400;\">Dzi\u0119kczynna w 70 urodziny Barbary Kr\u00f3l z pro\u015bb\u0105 o Bo\u017ce b\u0142ogos\u0142awie\u0144stwo, dary Ducha \u015awi\u0119tego, opiek\u0119 Matki Bo\u017cej oraz potrzebne \u0142aski dla czcigodnej Jubilatki<\/span><\/td>\n<\/tr>\n<\/tbody>\n<\/table>\n<p>&nbsp;<\/p>\n<p>&nbsp;<\/p>\n<p>&nbsp;<\/p>\n<table>\n<tbody>\n<tr>\n<td colspan=\"2\"><b>22 grudnia SOBOTA <\/b><\/td>\n<td>\n<p style=\"text-align: right;\"><b>\u0141k 1, 46-56<\/b><\/p>\n<\/td>\n<\/tr>\n<tr>\n<td><span style=\"font-weight: 400;\">6:30<\/span><\/td>\n<td colspan=\"2\"><span style=\"font-weight: 400;\">Intencja wolna<\/span><\/td>\n<\/tr>\n<tr>\n<td><span style=\"font-weight: 400;\">18:00<\/span><\/td>\n<td colspan=\"2\"><span style=\"font-weight: 400;\">\u015ap. Martyna Szafader (20 rocz. \u015bm)<\/span><\/td>\n<\/tr>\n<tr>\n<td><span style=\"font-weight: 400;\">18:00<\/span><\/td>\n<td colspan=\"2\"><span style=\"font-weight: 400;\">\u015ap. Jadwiga i Stanis\u0142aw Byzdra<\/span><\/td>\n<\/tr>\n<\/tbody>\n<\/table>\n<p>&nbsp;<\/p>\n<p>&nbsp;<\/p>\n<p>&nbsp;<\/p>\n<table>\n<tbody>\n<tr>\n<td colspan=\"2\"><b>23 grudnia &nbsp;IV NIEDZIELA ADWENTU<\/b><\/td>\n<td>\n<p style=\"text-align: right;\"><b>\u0141k 1, 39-45<\/b><\/p>\n<\/td>\n<\/tr>\n<tr>\n<td><span style=\"font-weight: 400;\">7:00<\/span><\/td>\n<td colspan=\"2\"><span style=\"font-weight: 400;\"> Intencja wolna<\/span><\/td>\n<\/tr>\n<tr>\n<td><span style=\"font-weight: 400;\">9:00<\/span><\/td>\n<td colspan=\"2\"><span style=\"font-weight: 400;\">\u015ap. Zmar\u0142ych z rodziny Dziekan <\/span><\/td>\n<\/tr>\n<tr>\n<td><span style=\"font-weight: 400;\">9:00<\/span><\/td>\n<td colspan=\"2\"><span style=\"font-weight: 400;\">Dzi\u0119kczynna w 70 urodziny Barbary Kr\u00f3l z pro\u015bb\u0105 o Bo\u017ce b\u0142ogos\u0142awie\u0144stwo, dary Ducha \u015awi\u0119tego, opiek\u0119 Matki Bo\u017cej oraz potrzebne \u0142aski dla czcigodnej Jubilatki<\/span><\/td>\n<\/tr>\n<tr>\n<td><span style=\"font-weight: 400;\">10:30<\/span><\/td>\n<td colspan=\"2\"><span style=\"font-weight: 400;\">Dzi\u0119kczynna za otrzyman\u0105 prac\u0119 Piotra i Magdy z pro\u015bb\u0105 o Bo\u017ce b\u0142ogos\u0142awie\u0144stwo i opiek\u0119 Matki Bo\u017cej<\/span><\/td>\n<\/tr>\n<tr>\n<td><b>12:00<\/b><\/td>\n<td colspan=\"2\"><b>Za parafian<\/b><\/td>\n<\/tr>\n<tr>\n<td><span style=\"font-weight: 400;\">15:00<\/span><\/td>\n<td colspan=\"2\"><span style=\"font-weight: 400;\">\u015ap. Apolonia Groszyk (15 rocz. \u015bm), Alfreda i Henryk Walkowiak<\/span><\/td>\n<\/tr>\n<tr>\n<td><span style=\"font-weight: 400;\">18:00<\/span><\/td>\n<td colspan=\"2\"><span style=\"font-weight: 400;\">\u015ap. Teresa Rogala (7 rocz. &nbsp;\u015bm) oraz jej rodzic\u00f3w: Boles\u0142aw i Genowefa Kami\u0144scy<\/span><\/td>\n<\/tr>\n<\/tbody>\n<\/table>\n<p>&nbsp;<\/p>\n<p>&nbsp;<\/p>\n<p>&nbsp;<\/p>\n","protected":false},"excerpt":{"rendered":"<p>&nbsp; &nbsp; 17 grudnia &nbsp;&nbsp;PONIEDZIA\u0141EK &nbsp;&nbsp; Mt 1, 1-17 6:30 Intencja wolna 18:00 \u015ap. Tadeusz &#8211; Marian Sawicz (46 rocz. \u015bm) &nbsp; &nbsp; &nbsp; 18 grudnia &nbsp;&nbsp;&nbsp;WTOREK Mt 1, 18-24 6:30 Intencja wolna 18:00 \u015ap.Piotr, Stanis\u0142awa, Stefan Klecha &nbsp; &nbsp; &nbsp; 19 &nbsp;grudnia &nbsp;&nbsp;\u015aRODA \u0141k 1, 5-25 6:30 Intencja wolna 17:30 Nabo\u017ce\u0144stwo ku czci Matki [&hellip;]<\/p>\n","protected":false},"author":1,"featured_media":2526,"comment_status":"closed","ping_status":"closed","sticky":false,"template":"","format":"standard","meta":{"ngg_post_thumbnail":0,"footnotes":""},"categories":[11,8,4],"tags":[],"class_list":["post-3260","post","type-post","status-publish","format-standard","has-post-thumbnail","hentry","category-aktualnosci","category-blog","category-intencje"],"_links":{"self":[{"href":"https:\/\/rafalk-elblag.pl\/index.php?rest_route=\/wp\/v2\/posts\/3260","targetHints":{"allow":["GET"]}}],"collection":[{"href":"https:\/\/rafalk-elblag.pl\/index.php?rest_route=\/wp\/v2\/posts"}],"about":[{"href":"https:\/\/rafalk-elblag.pl\/index.php?rest_route=\/wp\/v2\/types\/post"}],"author":[{"embeddable":true,"href":"https:\/\/rafalk-elblag.pl\/index.php?rest_route=\/wp\/v2\/users\/1"}],"replies":[{"embeddable":true,"href":"https:\/\/rafalk-elblag.pl\/index.php?rest_route=%2Fwp%2Fv2%2Fcomments&post=3260"}],"version-history":[{"count":1,"href":"https:\/\/rafalk-elblag.pl\/index.php?rest_route=\/wp\/v2\/posts\/3260\/revisions"}],"predecessor-version":[{"id":3261,"href":"https:\/\/rafalk-elblag.pl\/index.php?rest_route=\/wp\/v2\/posts\/3260\/revisions\/3261"}],"wp:featuredmedia":[{"embeddable":true,"href":"https:\/\/rafalk-elblag.pl\/index.php?rest_route=\/wp\/v2\/media\/2526"}],"wp:attachment":[{"href":"https:\/\/rafalk-elblag.pl\/index.php?rest_route=%2Fwp%2Fv2%2Fmedia&parent=3260"}],"wp:term":[{"taxonomy":"category","embeddable":true,"href":"https:\/\/rafalk-elblag.pl\/index.php?rest_route=%2Fwp%2Fv2%2Fcategories&post=3260"},{"taxonomy":"post_tag","embeddable":true,"href":"https:\/\/rafalk-elblag.pl\/index.php?rest_route=%2Fwp%2Fv2%2Ftags&post=3260"}],"curies":[{"name":"wp","href":"https:\/\/api.w.org\/{rel}","templated":true}]}}