{"id":3258,"date":"2018-12-10T09:58:41","date_gmt":"2018-12-10T09:58:41","guid":{"rendered":"http:\/\/rafalk-elblag.pl\/?p=3258"},"modified":"2018-12-10T09:58:41","modified_gmt":"2018-12-10T09:58:41","slug":"plan-adwentowych-rekolekcji-parafialnych-2018","status":"publish","type":"post","link":"https:\/\/rafalk-elblag.pl\/?p=3258","title":{"rendered":"PLAN ADWENTOWYCH REKOLEKCJI PARAFIALNYCH 2018"},"content":{"rendered":"<p><a href=\"http:\/\/rafalk-elblag.pl\/wp-content\/uploads\/2016\/12\/candle-15821_640.jpg\"><img loading=\"lazy\" decoding=\"async\" class=\"size-full wp-image-2541 aligncenter\" src=\"http:\/\/rafalk-elblag.pl\/wp-content\/uploads\/2016\/12\/candle-15821_640.jpg\" alt=\"\" width=\"640\" height=\"426\" srcset=\"https:\/\/rafalk-elblag.pl\/wp-content\/uploads\/2016\/12\/candle-15821_640.jpg 640w, https:\/\/rafalk-elblag.pl\/wp-content\/uploads\/2016\/12\/candle-15821_640-300x200.jpg 300w\" sizes=\"auto, (max-width: 640px) 100vw, 640px\" \/><\/a><\/p>\n<p>&nbsp;<\/p>\n<p style=\"text-align: center;\"><span style=\"color: #800080;\"><b>PROGRAM REKOLEKCJI ADWENTOWYCH W PARAFII <\/b><b><br \/>\n<\/b><b>\u015aW. RAFA\u0141A KALINOWSKIEGO W ELBL\u0104GU<\/b><\/span><\/p>\n<p style=\"text-align: center;\"><b><br \/>\n<\/b><b>NIEDZIELA 09 grudnia 2018 (nauki wed\u0142ug porz\u0105dku Mszy \u015bw.)<\/b><\/p>\n<p>&nbsp;<\/p>\n<p style=\"text-align: center;\"><span style=\"color: #800000;\"><b>CZWARTEK \u2013 13 grudnia 2018<\/b><\/span><\/p>\n<p>&nbsp;<\/p>\n<table>\n<tbody>\n<tr>\n<td><span style=\"font-weight: 400;\">6:30<\/span><\/td>\n<td><span style=\"font-weight: 400;\">Msza \u015bw. Roratnia z nauk\u0105 dla doros\u0142ych <\/span><\/td>\n<\/tr>\n<tr>\n<td><span style=\"font-weight: 400;\">11:00<\/span><\/td>\n<td><span style=\"font-weight: 400;\">Msza \u015bw. z nauka dla doros\u0142ych<\/span><\/td>\n<\/tr>\n<tr>\n<td><span style=\"font-weight: 400;\">16:00<\/span><\/td>\n<td><span style=\"font-weight: 400;\">Nauka dla klas I, II, III Szko\u0142y Podstawowej \u2013 na plebanii<\/span><\/td>\n<\/tr>\n<tr>\n<td><span style=\"font-weight: 400;\">16:30<\/span><\/td>\n<td><span style=\"font-weight: 400;\">Nauka dla kl. IV, V, VI, VII, VIII Szko\u0142y Podstawowej \u2013 ko\u015bci\u00f3\u0142 <\/span><\/td>\n<\/tr>\n<tr>\n<td><b>17:30<\/b><\/td>\n<td><b>Adoracja Naj\u015bwi\u0119tszego Sakramentu<\/b><\/td>\n<\/tr>\n<tr>\n<td><span style=\"font-weight: 400;\">18:00<\/span><\/td>\n<td><span style=\"font-weight: 400;\">Msza \u015bw. z nauk\u0105 dla doros\u0142ych<\/span><\/td>\n<\/tr>\n<tr>\n<td><span style=\"font-weight: 400;\">19:30<\/span><\/td>\n<td><span style=\"font-weight: 400;\">Nauka dla Bierzmowanych i Starszej M\u0142odzie\u017cy<\/span><\/td>\n<\/tr>\n<\/tbody>\n<\/table>\n<p>&nbsp;<\/p>\n<p style=\"text-align: center;\"><span style=\"color: #800080;\"><b>PI\u0104TEK \u2013 14 grudnia 2018<\/b><\/span><\/p>\n<p style=\"text-align: center;\"><span style=\"color: #800080;\"><b>DZIE\u0143 POKUTNY<\/b><\/span><\/p>\n<p>&nbsp;<\/p>\n<table>\n<tbody>\n<tr>\n<td><span style=\"font-weight: 400;\">6:00<\/span><\/td>\n<td><span style=\"font-weight: 400;\">Msza \u015bw. Roratnia z nauk\u0105 dla m\u0142odzie\u017cy<\/span><\/td>\n<\/tr>\n<tr>\n<td><b>10:30<\/b><\/td>\n<td><b>Spowied\u017a doros\u0142ych<\/b><\/td>\n<\/tr>\n<tr>\n<td><span style=\"font-weight: 400;\">11:00<\/span><\/td>\n<td><span style=\"font-weight: 400;\">Msza \u015bw. z nauk\u0105 dla doros\u0142ych<\/span><\/td>\n<\/tr>\n<tr>\n<td><span style=\"font-weight: 400;\">16:00<\/span><\/td>\n<td><span style=\"font-weight: 400;\">Nauka dla klas I, II, III Szko\u0142y Podstawowej \u2013 na plebanii<\/span><\/td>\n<\/tr>\n<tr>\n<td><span style=\"font-weight: 400;\">16:30<\/span><\/td>\n<td><span style=\"font-weight: 400;\">Nabo\u017ce\u0144stwo pokutne dla klas IV, V, VI, VII, VIII Szko\u0142y Podstawowej<\/span><\/td>\n<\/tr>\n<tr>\n<td><b>17:30<\/b><\/td>\n<td><b>Adoracja Naj\u015bwi\u0119tszego Sakramentu i Spowied\u017a doros\u0142ych<\/b><\/td>\n<\/tr>\n<tr>\n<td><span style=\"font-weight: 400;\">18:00<\/span><\/td>\n<td><span style=\"font-weight: 400;\">Msza \u015bw. dla doros\u0142ych z nauka dla doros\u0142ych<\/span><\/td>\n<\/tr>\n<tr>\n<td><span style=\"font-weight: 400;\">19:30<\/span><\/td>\n<td><span style=\"font-weight: 400;\">Nabo\u017ce\u0144stwo pokutne z nauk\u0105 dla Bierzmowanych i Starszych<\/span><\/td>\n<\/tr>\n<\/tbody>\n<\/table>\n<p>&nbsp;<\/p>\n<p style=\"text-align: center;\"><span style=\"color: #000080;\"><b>SOBOTA \u2013 15 grudnia 2018<\/b><\/span><\/p>\n<p style=\"text-align: center;\"><span style=\"color: #000080;\"><b>DZIE\u0143 MARYJNY<\/b><\/span><\/p>\n<p>&nbsp;<\/p>\n<table>\n<tbody>\n<tr>\n<td><span style=\"font-weight: 400;\">6:30<\/span><\/td>\n<td><span style=\"font-weight: 400;\">Msza \u015bw. Roratnia z nauk\u0105 dla doros\u0142ych<\/span><\/td>\n<\/tr>\n<tr>\n<td><span style=\"font-weight: 400;\">9:00<\/span><\/td>\n<td><span style=\"font-weight: 400;\">Msza \u015bw. dla Szko\u0142y Podstawowej &#8211; <\/span><b>SPOWIED\u0179 OD GODZ. 8:45<\/b><\/td>\n<\/tr>\n<tr>\n<td><span style=\"font-weight: 400;\">11:00<\/span><\/td>\n<td><span style=\"font-weight: 400;\">Msza \u015bw. z nauk\u0105 dla doros\u0142ych &#8211; <\/span><b>SPOWIED\u0179 OD GODZ. 10:30<\/b><\/td>\n<\/tr>\n<tr>\n<td><b>17:30<\/b><\/td>\n<td><b>Adoracja Naj\u015bwi\u0119tszego Sakramentu<\/b><\/td>\n<\/tr>\n<tr>\n<td><span style=\"font-weight: 400;\">18:00<\/span><\/td>\n<td><span style=\"font-weight: 400;\">Msza \u015bw. z nauk\u0105 dla doros\u0142ych &#8211; <\/span><b>SPOWIED\u0179 OD GODZ. 17:30<\/b><\/td>\n<\/tr>\n<tr>\n<td><span style=\"font-weight: 400;\">19:30<\/span><\/td>\n<td><span style=\"font-weight: 400;\">Msza \u015bw. z nauk\u0105 dla Bierzmowanych i Starszych \u2013 <\/span><b>SPOWIED\u0179 OD 19:00<\/b><\/td>\n<\/tr>\n<\/tbody>\n<\/table>\n<p style=\"text-align: center;\">\n<span style=\"color: #ff0000;\"><b>ZAPRASZAMY DO SPOWIEDZI \u015aWI\u0118TEJ <\/b><b>NA P\u00d3\u0141 GODZINY PRZED MSZ\u0104 \u015aWI\u0118T\u0104<\/b><\/span><\/p>\n<p>&nbsp;<\/p>\n<p>&nbsp;<\/p>\n","protected":false},"excerpt":{"rendered":"<p>&nbsp; PROGRAM REKOLEKCJI ADWENTOWYCH W PARAFII \u015aW. RAFA\u0141A KALINOWSKIEGO W ELBL\u0104GU NIEDZIELA 09 grudnia 2018 (nauki wed\u0142ug porz\u0105dku Mszy \u015bw.) &nbsp; CZWARTEK \u2013 13 grudnia 2018 &nbsp; 6:30 Msza \u015bw. Roratnia z nauk\u0105 dla doros\u0142ych 11:00 Msza \u015bw. z nauka dla doros\u0142ych 16:00 Nauka dla klas I, II, III Szko\u0142y Podstawowej \u2013 na plebanii 16:30 [&hellip;]<\/p>\n","protected":false},"author":1,"featured_media":2541,"comment_status":"closed","ping_status":"closed","sticky":false,"template":"","format":"standard","meta":{"ngg_post_thumbnail":0,"footnotes":""},"categories":[11,8],"tags":[],"class_list":["post-3258","post","type-post","status-publish","format-standard","has-post-thumbnail","hentry","category-aktualnosci","category-blog"],"_links":{"self":[{"href":"https:\/\/rafalk-elblag.pl\/index.php?rest_route=\/wp\/v2\/posts\/3258","targetHints":{"allow":["GET"]}}],"collection":[{"href":"https:\/\/rafalk-elblag.pl\/index.php?rest_route=\/wp\/v2\/posts"}],"about":[{"href":"https:\/\/rafalk-elblag.pl\/index.php?rest_route=\/wp\/v2\/types\/post"}],"author":[{"embeddable":true,"href":"https:\/\/rafalk-elblag.pl\/index.php?rest_route=\/wp\/v2\/users\/1"}],"replies":[{"embeddable":true,"href":"https:\/\/rafalk-elblag.pl\/index.php?rest_route=%2Fwp%2Fv2%2Fcomments&post=3258"}],"version-history":[{"count":1,"href":"https:\/\/rafalk-elblag.pl\/index.php?rest_route=\/wp\/v2\/posts\/3258\/revisions"}],"predecessor-version":[{"id":3259,"href":"https:\/\/rafalk-elblag.pl\/index.php?rest_route=\/wp\/v2\/posts\/3258\/revisions\/3259"}],"wp:featuredmedia":[{"embeddable":true,"href":"https:\/\/rafalk-elblag.pl\/index.php?rest_route=\/wp\/v2\/media\/2541"}],"wp:attachment":[{"href":"https:\/\/rafalk-elblag.pl\/index.php?rest_route=%2Fwp%2Fv2%2Fmedia&parent=3258"}],"wp:term":[{"taxonomy":"category","embeddable":true,"href":"https:\/\/rafalk-elblag.pl\/index.php?rest_route=%2Fwp%2Fv2%2Fcategories&post=3258"},{"taxonomy":"post_tag","embeddable":true,"href":"https:\/\/rafalk-elblag.pl\/index.php?rest_route=%2Fwp%2Fv2%2Ftags&post=3258"}],"curies":[{"name":"wp","href":"https:\/\/api.w.org\/{rel}","templated":true}]}}