{"id":3256,"date":"2018-12-10T09:54:28","date_gmt":"2018-12-10T09:54:28","guid":{"rendered":"http:\/\/rafalk-elblag.pl\/?p=3256"},"modified":"2018-12-10T09:54:28","modified_gmt":"2018-12-10T09:54:28","slug":"ogloszenia-parafialne-9-12-2018-r-ii-niedziela-adwentu","status":"publish","type":"post","link":"https:\/\/rafalk-elblag.pl\/?p=3256","title":{"rendered":"OG\u0141OSZENIA PARAFIALNE 9.12.2018 R. \u2013 II NIEDZIELA ADWENTU"},"content":{"rendered":"<p><a href=\"http:\/\/rafalk-elblag.pl\/wp-content\/uploads\/2016\/12\/pulpit.jpg\"><img loading=\"lazy\" decoding=\"async\" class=\"alignnone size-large wp-image-2530\" src=\"http:\/\/rafalk-elblag.pl\/wp-content\/uploads\/2016\/12\/pulpit-1024x682.jpg\" alt=\"\" width=\"900\" height=\"599\" srcset=\"https:\/\/rafalk-elblag.pl\/wp-content\/uploads\/2016\/12\/pulpit-1024x682.jpg 1024w, https:\/\/rafalk-elblag.pl\/wp-content\/uploads\/2016\/12\/pulpit-300x200.jpg 300w, https:\/\/rafalk-elblag.pl\/wp-content\/uploads\/2016\/12\/pulpit-768x512.jpg 768w, https:\/\/rafalk-elblag.pl\/wp-content\/uploads\/2016\/12\/pulpit.jpg 1698w\" sizes=\"auto, (max-width: 900px) 100vw, 900px\" \/><\/a><\/p>\n<p>&nbsp;<\/p>\n<p>&nbsp;<\/p>\n<p><b><span style=\"font-weight: 400;\">1. Dzisiaj swoj\u0105 modlitw\u0105 i ofiarami sk\u0142adanymi do puszek przed ko\u015bcio\u0142em wspieramy Ko\u015bci\u00f3\u0142 na Wschodzie. <\/span><i><span style=\"font-weight: 400;\">B\u00f3g zap\u0142a\u0107 za z\u0142o\u017cone ofiary.<\/span><\/i><\/b><b><\/b><\/p>\n<p>&nbsp;<\/p>\n<p style=\"display: inline !important;\">2. Witamy w naszej wsp\u00f3lnocie <span style=\"font-weight: 400;\">ks. Jaros\u0142awa Kie\u0142ba, kt\u00f3ry poprowadzi tegoroczne<\/span> Rekolekcje Adwentowe<span style=\"font-weight: 400;\"> w naszej parafii. Rozpoczynamy dzisiaj<\/span><span style=\"font-weight: 400;\"><b>&nbsp;<\/b><\/span><\/p>\n<p style=\"display: inline !important;\"><span style=\"font-weight: 400;\">a kontynuowa\u0107 b\u0119dziemy w dniach 13, 14, 15 grudnia. Pro\u015bmy na ten czas o \u015bwiat\u0142o Ducha \u015awi\u0119tego dla Rekolekcjonisty i ca\u0142ej parafii. <\/span><i><span style=\"font-weight: 400;\">Zaplanujmy dobrze swoje obowi\u0105zki domowe, by wzi\u0105\u0107 udzia\u0142 w duchowym przygotowaniu do \u015bwi\u0105t Narodzenia Pa\u0144skiego<\/span><\/i><i>.<\/i><\/p>\n<p style=\"display: inline !important;\">&nbsp;<\/p>\n<p style=\"display: inline !important;\">&nbsp;<\/p>\n<p><b><\/b><b>3. Adwent<span style=\"font-weight: 400;\"> to czas w kt\u00f3rym pragniemy jak najlepiej przygotowa\u0107 si\u0119 do \u015bwi\u0105t Bo\u017cego Narodzenia. <\/span>UWAGA !!! W dni powszednie zapraszamy na Msze \u015bw. RORATNIE ku czci Matki Bo\u017cej o godz. 6:30. Dzieci zapraszamy w poniedzia\u0142ki i \u015brody o godz. 6:30,<\/b><b>a m\u0142odzie\u017c z doros\u0142ymi w pi\u0105tek o godz. 6:00. <i><span style=\"font-weight: 400;\">Dzisiaj nie wszyscy jednak rodzice gotowi s\u0105 mobilizowa\u0107 swoje pociechy do p\u00f3j\u015bcia rano na Msz\u0119 \u015bw. To raczej doro\u015bli, a nie dzieci, maj\u0105 problemy z porannymi Roratami. A trzeba pami\u0119ta\u0107, i\u017c w tym zwyczaju kryje si\u0119 mo\u017cliwo\u015b\u0107 \u0107wiczenia woli i umiej\u0119tno\u015bci wyrzeczenia, tak potrzebnych p\u00f3\u017aniej w doros\u0142ym \u017cyciu.<\/span><\/i><\/b><b><\/b><\/p>\n<p>&nbsp;<\/p>\n<p style=\"display: inline !important;\"><span style=\"font-weight: 400;\">4. Dzisiaj o godz. 16.15 wyst\u0105pi w naszym ko\u015bciele Katolicki Teatr FEN z <\/span>monta\u017cem s\u0142owno-muzycznym pt. \u201eBo\u017ce \u015bcie\u017cki\u201d. <i><span style=\"font-weight: 400;\">To pr\u00f3ba refleksji nad powo\u0142aniem ka\u017cdego cz\u0142owieka a szczeg\u00f3lnie powo\u0142aniem kap\u0142a\u0144skim. Serdecznie zapraszamy.<\/span><\/i><\/p>\n<p style=\"display: inline !important;\">&nbsp;<\/p>\n<p style=\"display: inline !important;\">&nbsp;<\/p>\n<p style=\"display: inline !important;\">&nbsp;<\/p>\n<p style=\"display: inline !important;\"><span style=\"font-weight: 400;\">5. Wolontariusze Caritas rozprowadzaj\u0105 \u015bwiece na st\u00f3\u0142 wigilijny w ramach og\u00f3lnopolskiej akcji <\/span><i>\u201eWigilijne Dzie\u0142o Pomocy Dzieciom\u201d<\/i><span style=\"font-weight: 400;\"> w cenie: 6 z\u0142 \u2013 ma\u0142e \u015bwiece i 20 z\u0142 du\u017ce \u015bwiece tzw. Jubileuszowe, kt\u00f3re upami\u0119tniaj\u0105 25-lecie parafii. <\/span><i><span style=\"font-weight: 400;\">Nabywaj\u0105c \u015bwiece okazujesz serce tym, kt\u00f3rzy licz\u0105 na Tw\u0105 dobro\u0107.<\/span><\/i><\/p>\n<p style=\"display: inline !important;\"><span style=\"font-weight: 400;\">6. Ministranci dzisiaj rozprowadzaj\u0105 sianko na st\u00f3\u0142 wigilijny za dobrowoln\u0105 ofiar\u0119. Zadbajmy o to, by tego symbolu ub\u00f3stwa nie zabrak\u0142o w naszym domu.<\/span><\/p>\n<p style=\"display: inline !important;\"><span style=\"font-weight: 400;\">7. Cz\u0142onk\u00f3w Kr\u0119gu Biblijnego oraz wszystkich ch\u0119tnych zapraszamy na spotkanie&nbsp;<\/span><\/p>\n<p style=\"display: inline !important;\"><span style=\"font-weight: 400;\">w \u015brod\u0119 o godz. 19:00 w salce na plebanii.<\/span><\/p>\n<p style=\"display: inline !important;\">8. Je\u015bli kto\u015b nie ma jeszcze po\u015bwi\u0119conego op\u0142atka na st\u00f3\u0142 wigilijny, mo\u017ce go naby\u0107&nbsp;<\/p>\n<p style=\"display: inline !important;\">w zakrystii u pana ko\u015bcielnego. Zapraszamy.<\/p>\n<p style=\"display: inline !important;\"><span style=\"font-weight: 400;\">9. Zach\u0119camy do czytania prasy katolickiej: nowy numer \u201eGo\u015bcia Niedzielnego\u201d &nbsp;w cenie 5 z\u0142. <\/span>wraz z dodatkiem \u201eGo\u015b\u0107 Elbl\u0105ski\u201d<span style=\"font-weight: 400;\">.<\/span><\/p>\n<p><span style=\"font-weight: 400;\">10. Pan powo\u0142a\u0142 do wieczno\u015bci: \u015bp. Dariusz Nikiciuk lat 54 z ul. Leszczy\u0144skiego;<\/span>&nbsp;\u015bp. Pawe\u0142 Ejsymont lat 25 z ul. Broniewskiego.<\/p>\n","protected":false},"excerpt":{"rendered":"<p>&nbsp; &nbsp; 1. Dzisiaj swoj\u0105 modlitw\u0105 i ofiarami sk\u0142adanymi do puszek przed ko\u015bcio\u0142em wspieramy Ko\u015bci\u00f3\u0142 na Wschodzie. B\u00f3g zap\u0142a\u0107 za z\u0142o\u017cone ofiary. &nbsp; 2. Witamy w naszej wsp\u00f3lnocie ks. Jaros\u0142awa Kie\u0142ba, kt\u00f3ry poprowadzi tegoroczne Rekolekcje Adwentowe w naszej parafii. Rozpoczynamy dzisiaj&nbsp; a kontynuowa\u0107 b\u0119dziemy w dniach 13, 14, 15 grudnia. Pro\u015bmy na ten czas o [&hellip;]<\/p>\n","protected":false},"author":1,"featured_media":2530,"comment_status":"closed","ping_status":"closed","sticky":false,"template":"","format":"standard","meta":{"ngg_post_thumbnail":0,"footnotes":""},"categories":[11,8,3],"tags":[],"class_list":["post-3256","post","type-post","status-publish","format-standard","has-post-thumbnail","hentry","category-aktualnosci","category-blog","category-ogloszenia"],"_links":{"self":[{"href":"https:\/\/rafalk-elblag.pl\/index.php?rest_route=\/wp\/v2\/posts\/3256","targetHints":{"allow":["GET"]}}],"collection":[{"href":"https:\/\/rafalk-elblag.pl\/index.php?rest_route=\/wp\/v2\/posts"}],"about":[{"href":"https:\/\/rafalk-elblag.pl\/index.php?rest_route=\/wp\/v2\/types\/post"}],"author":[{"embeddable":true,"href":"https:\/\/rafalk-elblag.pl\/index.php?rest_route=\/wp\/v2\/users\/1"}],"replies":[{"embeddable":true,"href":"https:\/\/rafalk-elblag.pl\/index.php?rest_route=%2Fwp%2Fv2%2Fcomments&post=3256"}],"version-history":[{"count":1,"href":"https:\/\/rafalk-elblag.pl\/index.php?rest_route=\/wp\/v2\/posts\/3256\/revisions"}],"predecessor-version":[{"id":3257,"href":"https:\/\/rafalk-elblag.pl\/index.php?rest_route=\/wp\/v2\/posts\/3256\/revisions\/3257"}],"wp:featuredmedia":[{"embeddable":true,"href":"https:\/\/rafalk-elblag.pl\/index.php?rest_route=\/wp\/v2\/media\/2530"}],"wp:attachment":[{"href":"https:\/\/rafalk-elblag.pl\/index.php?rest_route=%2Fwp%2Fv2%2Fmedia&parent=3256"}],"wp:term":[{"taxonomy":"category","embeddable":true,"href":"https:\/\/rafalk-elblag.pl\/index.php?rest_route=%2Fwp%2Fv2%2Fcategories&post=3256"},{"taxonomy":"post_tag","embeddable":true,"href":"https:\/\/rafalk-elblag.pl\/index.php?rest_route=%2Fwp%2Fv2%2Ftags&post=3256"}],"curies":[{"name":"wp","href":"https:\/\/api.w.org\/{rel}","templated":true}]}}