{"id":3254,"date":"2018-12-10T09:50:16","date_gmt":"2018-12-10T09:50:16","guid":{"rendered":"http:\/\/rafalk-elblag.pl\/?p=3254"},"modified":"2018-12-10T09:50:16","modified_gmt":"2018-12-10T09:50:16","slug":"intencje-mszalne-na-ii-tydzien-adwentu-10-16-12-2018-r","status":"publish","type":"post","link":"https:\/\/rafalk-elblag.pl\/?p=3254","title":{"rendered":"INTENCJE MSZALNE NA II TYDZIE\u0143 ADWENTU (10-16.12.2018 R.)"},"content":{"rendered":"<p><a href=\"http:\/\/rafalk-elblag.pl\/wp-content\/uploads\/2016\/12\/shutterstock_49643152-1000.jpg\"><img loading=\"lazy\" decoding=\"async\" class=\"alignnone size-full wp-image-2526\" src=\"http:\/\/rafalk-elblag.pl\/wp-content\/uploads\/2016\/12\/shutterstock_49643152-1000.jpg\" alt=\"\" width=\"1000\" height=\"665\" srcset=\"https:\/\/rafalk-elblag.pl\/wp-content\/uploads\/2016\/12\/shutterstock_49643152-1000.jpg 1000w, https:\/\/rafalk-elblag.pl\/wp-content\/uploads\/2016\/12\/shutterstock_49643152-1000-300x200.jpg 300w, https:\/\/rafalk-elblag.pl\/wp-content\/uploads\/2016\/12\/shutterstock_49643152-1000-768x511.jpg 768w\" sizes=\"auto, (max-width: 1000px) 100vw, 1000px\" \/><\/a><\/p>\n<p>&nbsp;<\/p>\n<p>&nbsp;<\/p>\n<table>\n<tbody>\n<tr>\n<td colspan=\"2\"><b>10 grudnia &nbsp;&nbsp;PONIEDZIA\u0141EK &nbsp;&nbsp;<\/b><\/td>\n<td>\n<p style=\"text-align: right;\"><b>\u0141k 5, 17-26<\/b><\/p>\n<\/td>\n<\/tr>\n<tr>\n<td><span style=\"font-weight: 400;\">6:30<\/span><\/td>\n<td colspan=\"2\"><span style=\"font-weight: 400;\">\u015ap. Pawe\u0142 Ejsymont<\/span><\/td>\n<\/tr>\n<tr>\n<td><span style=\"font-weight: 400;\">18:00<\/span><\/td>\n<td colspan=\"2\"><span style=\"font-weight: 400;\">\u015ap. Krzysztof Zgliczy\u0144ski (2 miesi\u0105c po \u015bmierci)<\/span><\/td>\n<\/tr>\n<\/tbody>\n<\/table>\n<p>&nbsp;<\/p>\n<p>&nbsp;<\/p>\n<p>&nbsp;<\/p>\n<table>\n<tbody>\n<tr>\n<td colspan=\"2\"><b>11 grudnia &nbsp;&nbsp;&nbsp;WTOREK<\/b><\/td>\n<td>\n<p style=\"text-align: right;\"><b>Mt 18, 12-14<\/b><\/p>\n<\/td>\n<\/tr>\n<tr>\n<td><span style=\"font-weight: 400;\">6:30<\/span><\/td>\n<td colspan=\"2\"><span style=\"font-weight: 400;\">Za wdowy i wdowc\u00f3w oraz osoby, kt\u00f3re utraci\u0142y swoich bliskich, z pro\u015bb\u0105 o Bo\u017ce b\u0142ogos\u0142awie\u0144stwo i pocieszenie w czasie \u017ca\u0142oby i opiek\u0119 Maryi<\/span><\/td>\n<\/tr>\n<tr>\n<td><span style=\"font-weight: 400;\">18:00<\/span><\/td>\n<td colspan=\"2\"><span style=\"font-weight: 400;\">\u015ap. Irena Kozak (2 rocz. \u015bm) i zm. rodzic\u00f3w: Jadwiga i W\u0142adys\u0142aw Klukiewicz<\/span><\/td>\n<\/tr>\n<\/tbody>\n<\/table>\n<p>&nbsp;<\/p>\n<p>&nbsp;<\/p>\n<p>&nbsp;<\/p>\n<table>\n<tbody>\n<tr>\n<td colspan=\"2\"><b>12 &nbsp;grudnia &nbsp;&nbsp;\u015aRODA<\/b><\/td>\n<td>\n<p style=\"text-align: right;\"><b>Mt 11, 28-30<\/b><\/p>\n<\/td>\n<\/tr>\n<tr>\n<td><span style=\"font-weight: 400;\">6:30<\/span><\/td>\n<td colspan=\"2\"><span style=\"font-weight: 400;\">Intencja wolna<\/span><\/td>\n<\/tr>\n<tr>\n<td><span style=\"font-weight: 400;\">17:30<\/span><\/td>\n<td colspan=\"2\"><i><span style=\"font-weight: 400;\">Nabo\u017ce\u0144stwo ku czci Matki Bo\u017cej Nieustaj\u0105cej Pomocy<\/span><\/i><\/td>\n<\/tr>\n<tr>\n<td><span style=\"font-weight: 400;\">18:00<\/span><\/td>\n<td colspan=\"2\"><span style=\"font-weight: 400;\">\u015ap. Stefania, Jerzy, Bazyli, Natalia<\/span><\/td>\n<\/tr>\n<tr>\n<td><span style=\"font-weight: 400;\">18:00<\/span><\/td>\n<td colspan=\"2\"><span style=\"font-weight: 400;\">W intencji czcicieli Matki Bo\u017cej Nieustaj\u0105cej Pomocy i ich rodzin<\/span><\/td>\n<\/tr>\n<\/tbody>\n<\/table>\n<p>&nbsp;<\/p>\n<p>&nbsp;<\/p>\n<p>&nbsp;<\/p>\n<table>\n<tbody>\n<tr>\n<td colspan=\"2\"><b>13 &nbsp;grudnia &nbsp;&nbsp;&nbsp;CZWARTEK &#8211; <\/b><b>DZIE\u0143 REKOLEKCJI ADWENTOWYCH<\/b><\/p>\n<p><span style=\"font-weight: 400;\">Wspomnienie \u015bw. \u0141ucji, dziewicy i m\u0119czennicy<\/span><\/td>\n<td>\n<p style=\"text-align: right;\"><b>Mt 11, 11-15<\/b><\/p>\n<\/td>\n<\/tr>\n<tr>\n<td><span style=\"font-weight: 400;\">6:30<\/span><\/td>\n<td colspan=\"2\"><span style=\"font-weight: 400;\">Intencja wolna<\/span><\/td>\n<\/tr>\n<tr>\n<td><span style=\"font-weight: 400;\">11:00<\/span><\/td>\n<td colspan=\"2\"><span style=\"font-weight: 400;\">O Bo\u017ce blogos\u0142awie\u0144stwo, potrzebne \u0142aski dla Janiny oraz opiek\u0119 Matki Bo\u017cej<\/span><\/td>\n<\/tr>\n<tr>\n<td><span style=\"font-weight: 400;\">18:00<\/span><\/td>\n<td colspan=\"2\"><span style=\"font-weight: 400;\">W intencji Nikoli i Kuby oraz za rodzin\u0119, kt\u00f3ra ich przyjmie, o Bo\u017ce b\u0142ogos\u0142awie\u0144stwo, mi\u0142o\u015b\u0107 i zgod\u0119 w rodzinie oraz opiek\u0119 Matki Bo\u017cej<\/span><\/td>\n<\/tr>\n<tr>\n<td><span style=\"font-weight: 400;\">18:00<\/span><\/td>\n<td colspan=\"2\"><span style=\"font-weight: 400;\">\u015ap. Waldemar Malinowski (2 rocz. \u015bm) i zm. z rodzin: Malinowskich i Bo\u0142b\u00f3w<\/span><\/td>\n<\/tr>\n<tr>\n<td><span style=\"font-weight: 400;\">19:30<\/span><\/td>\n<td colspan=\"2\"><span style=\"font-weight: 400;\">Nauka rekolekcyjna dla m\u0142odzie\u017cy<\/span><\/td>\n<\/tr>\n<\/tbody>\n<\/table>\n<p>&nbsp;<\/p>\n<p>&nbsp;<\/p>\n<p>&nbsp;<\/p>\n<table>\n<tbody>\n<tr>\n<td colspan=\"2\"><b>14 &nbsp;grudnia &nbsp;&nbsp;PI\u0104TEK &#8211; <\/b><b>DZIE\u0143 REKOLEKCJI ADWENTOWYCH<\/b><\/p>\n<p><span style=\"font-weight: 400;\">Wspomnienie \u015bw. Jana od Krzy\u017ca, prezbitera i doktora Ko\u015bcio\u0142a<\/span><\/td>\n<td>\n<p style=\"text-align: right;\"><b>Mt 11, 16-19<\/b><\/p>\n<\/td>\n<\/tr>\n<tr>\n<td><span style=\"font-weight: 400;\">6:00<\/span><\/td>\n<td colspan=\"2\"><span style=\"font-weight: 400;\">Dzi\u0119kczynna z okazji 15 urodzin Filipa Abucewicza, z pro\u015bb\u0105 o Bo\u017ce b\u0142ogos\u0142awie\u0144stwo i dary Ducha \u015awi\u0119tego<\/span><\/td>\n<\/tr>\n<tr>\n<td><span style=\"font-weight: 400;\">11:00<\/span><\/td>\n<td colspan=\"2\"><span style=\"font-weight: 400;\">\u015ap. Danuta Jaczun i zm. wnucz\u0119ta: Karolina, Otylia i \u0141ucja<\/span><\/td>\n<\/tr>\n<tr>\n<td><span style=\"font-weight: 400;\">18:00<\/span><\/td>\n<td colspan=\"2\"><span style=\"font-weight: 400;\">Dzi\u0119kczynna za dar przyja\u017ani i przyjaci\u00f3\u0142, kt\u00f3rych Pan B\u00f3g postawi\u0142 w \u017cyciu Anny<\/span><\/td>\n<\/tr>\n<tr>\n<td><span style=\"font-weight: 400;\">18:00<\/span><\/td>\n<td colspan=\"2\"><span style=\"font-weight: 400;\">O zdrowie i potrzebne \u0142aski w chorobie dla mamy Stanis\u0142awy &#8211; prosi c\u00f3rka <\/span><\/td>\n<\/tr>\n<tr>\n<td><span style=\"font-weight: 400;\">19:30<\/span><\/td>\n<td colspan=\"2\"><span style=\"font-weight: 400;\">Nabo\u017ce\u0144stwo pokutne dla m\u0142odzie\u017cy<\/span><\/td>\n<\/tr>\n<\/tbody>\n<\/table>\n<p>&nbsp;<\/p>\n<p>&nbsp;<\/p>\n<p>&nbsp;<\/p>\n<table>\n<tbody>\n<tr>\n<td colspan=\"2\"><b>15 grudnia SOBOTA &#8211; <\/b><b>DZIE\u0143 REKOLEKCJI ADWENTOWYCH<\/b><\/td>\n<td>\n<p style=\"text-align: right;\"><b>Mt 17, 10-13<\/b><\/p>\n<\/td>\n<\/tr>\n<tr>\n<td><span style=\"font-weight: 400;\">6:30<\/span><\/td>\n<td colspan=\"2\"><span style=\"font-weight: 400;\">Intencja wolna<\/span><\/td>\n<\/tr>\n<tr>\n<td><span style=\"font-weight: 400;\">11:00<\/span><\/td>\n<td colspan=\"2\"><span style=\"font-weight: 400;\">Intencja wolna<\/span><\/td>\n<\/tr>\n<tr>\n<td><span style=\"font-weight: 400;\">18:00<\/span><\/td>\n<td colspan=\"2\"><span style=\"font-weight: 400;\">\u015ap. Marek Razmuk (4 miesi\u0105c po \u015bmierci)<\/span><\/td>\n<\/tr>\n<tr>\n<td><span style=\"font-weight: 400;\">18:00<\/span><\/td>\n<td colspan=\"2\"><span style=\"font-weight: 400;\">Intencja wolna<\/span><\/td>\n<\/tr>\n<tr>\n<td><span style=\"font-weight: 400;\">19:30<\/span><\/td>\n<td colspan=\"2\"><span style=\"font-weight: 400;\">Intencja wolna<\/span><\/td>\n<\/tr>\n<\/tbody>\n<\/table>\n<p>&nbsp;<\/p>\n<p>&nbsp;<\/p>\n<p>&nbsp;<\/p>\n<table>\n<tbody>\n<tr>\n<td colspan=\"2\"><b>16 grudnia &nbsp;III NIEDZIELA ADWENTU &#8211; GAUDETE<\/b><\/td>\n<td>\n<p style=\"text-align: right;\"><b>\u0141k 3, 10-18<\/b><\/p>\n<\/td>\n<\/tr>\n<tr>\n<td><span style=\"font-weight: 400;\">7:00<\/span><\/td>\n<td colspan=\"2\"><span style=\"font-weight: 400;\">Dzi\u0119kczynna za 9 lat trze\u017awo\u015bci Jerzego, z pro\u015bb\u0105 o Bo\u017ce b\u0142ogos\u0142awie\u0144stwo i si\u0142y na kolejny rok<\/span><\/td>\n<\/tr>\n<tr>\n<td><span style=\"font-weight: 400;\">9:00<\/span><\/td>\n<td colspan=\"2\"><span style=\"font-weight: 400;\">\u015ap. Zofia Reczek w dniu urodzin <\/span><\/td>\n<\/tr>\n<tr>\n<td><span style=\"font-weight: 400;\">9:00<\/span><\/td>\n<td colspan=\"2\"><span style=\"font-weight: 400;\">\u015ap. Zmar\u0142ych z rodziny Dziekan<\/span><\/td>\n<\/tr>\n<tr>\n<td><span style=\"font-weight: 400;\">10:30<\/span><\/td>\n<td colspan=\"2\"><span style=\"font-weight: 400;\">Dzi\u0119kczynna w 6 urodziny Tatiany Caban, z pro\u015bb\u0105 o Bo\u017ce b\u0142ogos\u0142awie\u0144stwo, opiek\u0119 Matki Bo\u017cej dla Jubilatki oraz ca\u0142ej rodziny<\/span><\/td>\n<\/tr>\n<tr>\n<td><b>12:00<\/b><\/td>\n<td colspan=\"2\"><b>Za parafian<\/b><\/td>\n<\/tr>\n<tr>\n<td><span style=\"font-weight: 400;\">15:00<\/span><\/td>\n<td colspan=\"2\"><span style=\"font-weight: 400;\">\u015ap. Piotr Lietz (1 rocz. \u015bm)<\/span><\/td>\n<\/tr>\n<tr>\n<td><span style=\"font-weight: 400;\">18:00<\/span><\/td>\n<td colspan=\"2\"><span style=\"font-weight: 400;\">\u015ap. Roman \u017belazny (6 rocz. \u015bm)<\/span><\/td>\n<\/tr>\n<tr>\n<td><b>18:00<\/b><\/td>\n<td colspan=\"2\"><b>Bractwo Szkaplerzne<\/b><\/td>\n<\/tr>\n<\/tbody>\n<\/table>\n<p>&nbsp;<\/p>\n<p>&nbsp;<\/p>\n<p>&nbsp;<\/p>\n","protected":false},"excerpt":{"rendered":"<p>&nbsp; &nbsp; 10 grudnia &nbsp;&nbsp;PONIEDZIA\u0141EK &nbsp;&nbsp; \u0141k 5, 17-26 6:30 \u015ap. Pawe\u0142 Ejsymont 18:00 \u015ap. Krzysztof Zgliczy\u0144ski (2 miesi\u0105c po \u015bmierci) &nbsp; &nbsp; &nbsp; 11 grudnia &nbsp;&nbsp;&nbsp;WTOREK Mt 18, 12-14 6:30 Za wdowy i wdowc\u00f3w oraz osoby, kt\u00f3re utraci\u0142y swoich bliskich, z pro\u015bb\u0105 o Bo\u017ce b\u0142ogos\u0142awie\u0144stwo i pocieszenie w czasie \u017ca\u0142oby i opiek\u0119 Maryi 18:00 [&hellip;]<\/p>\n","protected":false},"author":1,"featured_media":2526,"comment_status":"closed","ping_status":"closed","sticky":false,"template":"","format":"standard","meta":{"ngg_post_thumbnail":0,"footnotes":""},"categories":[11,8,4],"tags":[],"class_list":["post-3254","post","type-post","status-publish","format-standard","has-post-thumbnail","hentry","category-aktualnosci","category-blog","category-intencje"],"_links":{"self":[{"href":"https:\/\/rafalk-elblag.pl\/index.php?rest_route=\/wp\/v2\/posts\/3254","targetHints":{"allow":["GET"]}}],"collection":[{"href":"https:\/\/rafalk-elblag.pl\/index.php?rest_route=\/wp\/v2\/posts"}],"about":[{"href":"https:\/\/rafalk-elblag.pl\/index.php?rest_route=\/wp\/v2\/types\/post"}],"author":[{"embeddable":true,"href":"https:\/\/rafalk-elblag.pl\/index.php?rest_route=\/wp\/v2\/users\/1"}],"replies":[{"embeddable":true,"href":"https:\/\/rafalk-elblag.pl\/index.php?rest_route=%2Fwp%2Fv2%2Fcomments&post=3254"}],"version-history":[{"count":1,"href":"https:\/\/rafalk-elblag.pl\/index.php?rest_route=\/wp\/v2\/posts\/3254\/revisions"}],"predecessor-version":[{"id":3255,"href":"https:\/\/rafalk-elblag.pl\/index.php?rest_route=\/wp\/v2\/posts\/3254\/revisions\/3255"}],"wp:featuredmedia":[{"embeddable":true,"href":"https:\/\/rafalk-elblag.pl\/index.php?rest_route=\/wp\/v2\/media\/2526"}],"wp:attachment":[{"href":"https:\/\/rafalk-elblag.pl\/index.php?rest_route=%2Fwp%2Fv2%2Fmedia&parent=3254"}],"wp:term":[{"taxonomy":"category","embeddable":true,"href":"https:\/\/rafalk-elblag.pl\/index.php?rest_route=%2Fwp%2Fv2%2Fcategories&post=3254"},{"taxonomy":"post_tag","embeddable":true,"href":"https:\/\/rafalk-elblag.pl\/index.php?rest_route=%2Fwp%2Fv2%2Ftags&post=3254"}],"curies":[{"name":"wp","href":"https:\/\/api.w.org\/{rel}","templated":true}]}}