{"id":3251,"date":"2018-11-30T14:22:29","date_gmt":"2018-11-30T14:22:29","guid":{"rendered":"http:\/\/rafalk-elblag.pl\/?p=3251"},"modified":"2018-11-30T14:22:29","modified_gmt":"2018-11-30T14:22:29","slug":"ogloszenia-parafialne-2-12-2018-r-i-niedziela-adwentu","status":"publish","type":"post","link":"https:\/\/rafalk-elblag.pl\/?p=3251","title":{"rendered":"OG\u0141OSZENIA PARAFIALNE 2.12.2018 R. \u2013 I NIEDZIELA ADWENTU"},"content":{"rendered":"<p><a href=\"http:\/\/rafalk-elblag.pl\/wp-content\/uploads\/2016\/12\/pulpit.jpg\"><img loading=\"lazy\" decoding=\"async\" class=\"alignnone size-large wp-image-2530\" src=\"http:\/\/rafalk-elblag.pl\/wp-content\/uploads\/2016\/12\/pulpit-1024x682.jpg\" alt=\"\" width=\"900\" height=\"599\" srcset=\"https:\/\/rafalk-elblag.pl\/wp-content\/uploads\/2016\/12\/pulpit-1024x682.jpg 1024w, https:\/\/rafalk-elblag.pl\/wp-content\/uploads\/2016\/12\/pulpit-300x200.jpg 300w, https:\/\/rafalk-elblag.pl\/wp-content\/uploads\/2016\/12\/pulpit-768x512.jpg 768w, https:\/\/rafalk-elblag.pl\/wp-content\/uploads\/2016\/12\/pulpit.jpg 1698w\" sizes=\"auto, (max-width: 900px) 100vw, 900px\" \/><\/a><\/p>\n<p>&nbsp;<\/p>\n<p><b>1. Zapraszamy dzisiaj na Adoracj\u0119 Naj\u015bwi\u0119tszego Sakramentu od godz. 16.00.<\/b><\/p>\n<p>&nbsp;<\/p>\n<p style=\"display: inline !important;\"><span style=\"font-weight: 400;\">2. Dzisiejsza taca przeznaczona na sp\u0142acenie ostatniej raty za wykonane \u0142awki, znajduj\u0105ce si\u0119 ju\u017c w naszej \u015bwi\u0105tyni. B\u00f3g zap\u0142a\u0107 za z\u0142o\u017cone ofiary. <\/span><i><span style=\"font-weight: 400;\">PROSIMY O ZAMYKANIE DRZWI PRZY WCHODZENIU I WYCHODZENIU Z KO\u015aCIO\u0141A PONIEWA\u017b KO\u015aCI\u00d3\u0141 JEST OGRZEWANY. <\/span><\/i><i>DZI\u0118KUJEMY.<\/i><\/p>\n<p style=\"display: inline !important;\">&nbsp;<\/p>\n<p style=\"display: inline !important;\">&nbsp;<\/p>\n<p style=\"display: inline !important;\">&nbsp;<\/p>\n<p>&nbsp;<\/p>\n<p style=\"display: inline !important;\"><b>3. Zapraszamy w ADWENCIE na wsp\u00f3lne \u015bpiewanie Godzinek ku czci Niepokalanego Pocz\u0119cia NMP: niedziela godz. 8:40.<\/b><\/p>\n<p style=\"display: inline !important;\">&nbsp;<\/p>\n<p style=\"display: inline !important;\">&nbsp;<\/p>\n<p style=\"display: inline !important;\">&nbsp;<\/p>\n<p style=\"display: inline !important;\">4. Rozpocz\u0119ty Adwent<span style=\"font-weight: 400;\"> to czas w kt\u00f3rym pragniemy jak najlepiej przygotowa\u0107 si\u0119 do \u015bwi\u0105t Bo\u017cego Narodzenia. <\/span>UWAGA !!! W dni powszednie zapraszamy na Msze \u015bw. RORATNIE ku czci Matki Bo\u017cej o godz. 6:30. Dzieci zapraszamy w poniedzia\u0142ki i \u015brody o godz. 6:30, a m\u0142odzie\u017c z doros\u0142ymi w pi\u0105tek o godz. 6:00. <i><span style=\"font-weight: 400;\">Dzisiaj nie wszyscy jednak rodzice gotowi s\u0105 mobilizowa\u0107 swoje pociechy do p\u00f3j\u015bcia rano na Msz\u0119 \u015bw. To raczej doro\u015bli, a nie dzieci, maj\u0105 problemy z porannymi Roratami. A trzeba pami\u0119ta\u0107, i\u017c w tym zwyczaju kryje si\u0119 mo\u017cliwo\u015b\u0107 \u0107wiczenia woli i umiej\u0119tno\u015bci wyrzeczenia, tak potrzebnych p\u00f3\u017aniej w doros\u0142ym \u017cyciu.<\/span><\/i><\/p>\n<p style=\"display: inline !important;\">&nbsp;<\/p>\n<p style=\"display: inline !important;\">&nbsp;<\/p>\n<p style=\"display: inline !important;\">&nbsp;<\/p>\n<p style=\"display: inline !important;\"><span style=\"font-weight: 400;\">5. W tym tygodniu przypada pierwszy czwartek i pi\u0105tek miesi\u0105ca:<\/span><\/p>\n<p style=\"display: inline !important;\">&nbsp;<\/p>\n<p style=\"display: inline !important;\">&nbsp;<\/p>\n<p style=\"display: inline !important;\">&nbsp;<\/p>\n<p><b><\/b><b>&#8211; I czwartek miesi\u0105ca<\/b><span style=\"font-weight: 400;\"> \u2013 zapraszamy na Msz\u0119 \u015bw. o godz. 18:00, a po niej na Adoracj\u0119 Naj\u015bwi\u0119tszego Sakramentu tj. na \u201eGODZIN\u0118 \u015aWI\u0118T\u0104\u201d. Zapraszamy wszystkie \u201eMargaretki\u201d do wsp\u00f3lnej modlitwy.<\/span><\/p>\n<p>&nbsp;<\/p>\n<p>&nbsp;<\/p>\n<p><b>&#8211; I pi\u0105tek miesi\u0105ca: <span style=\"font-weight: 400;\">spowied\u017a dla dzieci od godz. 16:00 Msza \u015bw. o godz. 16:30&nbsp;<\/span><span style=\"font-weight: 400;\">a spowied\u017a<\/span> <span style=\"font-weight: 400;\">dla doros\u0142ych od godz. 17:30.&nbsp;<\/span><\/b><b>PRZYPOMINAMY <span style=\"font-weight: 400;\">\u017ce dzieci klas IV maj\u0105 spowied\u017a w tygodniu wed\u0142ug ustalonego porz\u0105dku<\/span><i><span style=\"font-weight: 400;\">: poniedzia\u0142ek od godz. 17:30 klasa IV A, wtorek od godz. 17:30 klasa IV B \u015broda od godz. 17:30 klasa IV C, czwartek od godz. 17:30 klasa IV D i w pi\u0105tek od godz. 16:00 <\/span><\/i><span style=\"font-weight: 400;\">i Msza \u015bw. o godz. 16:30<\/span>. Pozosta\u0142e dzieci i m\u0142odzie\u017c zapraszamy do spowiedzi w tygodniu od godz. 17:30<\/b><b><\/b><\/p>\n<p>&nbsp;<\/p>\n<p style=\"display: inline !important;\"><span style=\"font-weight: 400;\">&#8211; W pierwszy pi\u0105tek miesi\u0105ca z Panem Jezusem udamy si\u0119 do chorych: ksi\u0105dz Proboszcz od godz. 9:30, ks. \u0141ukasz od godz. 11:00 i ks. Marcin od godz. 8:00. <\/span><i><span style=\"font-weight: 400;\">Prosimy zg\u0142asza\u0107 chorych do kap\u0142an\u00f3w.<\/span><\/i><\/p>\n<p style=\"display: inline !important;\">&nbsp;<\/p>\n<p style=\"display: inline !important;\">&nbsp;<\/p>\n<p style=\"display: inline !important;\">&nbsp;<\/p>\n<p style=\"display: inline !important;\"><span style=\"font-weight: 400;\">6. W sobot\u0119 8 grudnia przypada<\/span> Uroczysto\u015b\u0107 Niepokalanego Pocz\u0119cia NMP. Zapraszamy na Uroczyste Godzinki ku czci Niepokalanego Pocz\u0119cia NMP o godz. 17:30 oraz na Eucharysti\u0119. <i><span style=\"font-weight: 400;\">Dzie\u0144 ten jest \u015bwi\u0119tem patronalnym Ruchu \u015awiat\u0142o-\u017bycie, i jej ga\u0142\u0119zi Domowego Ko\u015bcio\u0142a. Tego dnia od godz. 15:00, prze\u017cywa\u0107 b\u0119dziemy Rejonowy Dzie\u0144 Wsp\u00f3lnoty pt. \u201eWzrastanie \u2013 dzie\u0142o Boga i cz\u0142owieka\u201d<\/span><\/i><\/p>\n<p style=\"display: inline !important;\">&nbsp;<\/p>\n<p style=\"display: inline !important;\">&nbsp;<\/p>\n<p style=\"display: inline !important;\"><span style=\"font-weight: 400;\">7. Wolontariusze Caritas rozprowadzaj\u0105 \u015bwiece na st\u00f3\u0142 wigilijny w ramach og\u00f3lnopolskiej akcji <\/span><i>\u201eWigilijne Dzie\u0142o Pomocy Dzieciom\u201d<\/i><span style=\"font-weight: 400;\"> w cenie: 6 z\u0142 \u2013 ma\u0142e \u015bwiece i 20 z\u0142 du\u017ce \u015bwiece tzw. Jubileuszowe, kt\u00f3re upami\u0119tniaj\u0105 25-lecie parafii. <\/span><i><span style=\"font-weight: 400;\">Nabywaj\u0105c \u015bwiece okazujesz serce tym, kt\u00f3rzy licz\u0105 na Tw\u0105 dobro\u0107.<\/span><\/i><\/p>\n<p style=\"display: inline !important;\">&nbsp;<\/p>\n<p style=\"display: inline !important;\">&nbsp;<\/p>\n<p style=\"display: inline !important;\">&nbsp;<\/p>\n<p style=\"display: inline !important;\">8. Rekolekcje Adwentowe<span style=\"font-weight: 400;\"> w naszej parafii odb\u0119d\u0105 si\u0119 w dniach: 9 grudnia (niedziela) oraz 13, 14, 15 grudnia. W tym roku rekolekcje poprowadzi ks. Zbigniew Koz\u0142owski &#8211; misjonarz z Ukrainy \u2013 Berdia\u0144sk nad Morzem Azowskim. <\/span><i><span style=\"font-weight: 400;\">Zaplanujmy dobrze swoje obowi\u0105zki domowe, by wzi\u0105\u0107 udzia\u0142 w duchowym przygotowaniu do \u015bwi\u0105t Narodzenia Pa\u0144skiego.<\/span><\/i><\/p>\n<p style=\"display: inline !important;\">&nbsp;<\/p>\n<p style=\"display: inline !important;\">&nbsp;<\/p>\n<p><b style=\"font-size: 16px;\"><\/b>9.&nbsp;<span style=\"font-weight: 400;\">Za tydzie\u0144 sk\u0142adamy ofiary do puszek na tzw. pomoc Ko\u015bcio\u0142owi na Wschodzie.<\/span><\/p>\n<p>&nbsp;<\/p>\n<p style=\"display: inline !important;\">10. Po\u015bwi\u0119cone op\u0142atki na st\u00f3\u0142 wigilijny<span style=\"font-weight: 400;\">, mo\u017cna naby\u0107 w zakrystii u pana Ko\u015bcielnego.<\/span><\/p>\n<p style=\"display: inline !important;\">&nbsp;<\/p>\n<p style=\"display: inline !important;\">&nbsp;<\/p>\n<p style=\"display: inline !important;\">&nbsp;<\/p>\n<p><b style=\"font-size: 16px;\"><\/b><span>11. Zach\u0119camy do czytania prasy katolickiej: nowy numer \u201eGo\u015bcia Niedzielnego\u201d &nbsp;w cenie 5 z\u0142. <\/span>wraz z dodatkiem \u201eGo\u015b\u0107 Elbl\u0105ski\u201d.<\/p>\n<p>&nbsp;<\/p>\n<p><span style=\"font-size: 14px;\">12. Pan powo\u0142a\u0142 do wieczno\u015bci: \u015bp. Iwon\u0119 Kobrzenieck\u0105, lat 47 z ul. Brzechwy. Wieczny odpoczynek racz jej da\u0107 Panie&#8230;.<\/span><\/p>\n<p>&nbsp;<\/p>\n<p>&nbsp;<\/p>\n<p>&nbsp;<\/p>\n<p>&nbsp;<\/p>\n","protected":false},"excerpt":{"rendered":"<p>&nbsp; 1. Zapraszamy dzisiaj na Adoracj\u0119 Naj\u015bwi\u0119tszego Sakramentu od godz. 16.00. &nbsp; 2. Dzisiejsza taca przeznaczona na sp\u0142acenie ostatniej raty za wykonane \u0142awki, znajduj\u0105ce si\u0119 ju\u017c w naszej \u015bwi\u0105tyni. B\u00f3g zap\u0142a\u0107 za z\u0142o\u017cone ofiary. PROSIMY O ZAMYKANIE DRZWI PRZY WCHODZENIU I WYCHODZENIU Z KO\u015aCIO\u0141A PONIEWA\u017b KO\u015aCI\u00d3\u0141 JEST OGRZEWANY. DZI\u0118KUJEMY. &nbsp; &nbsp; &nbsp; &nbsp; 3. Zapraszamy [&hellip;]<\/p>\n","protected":false},"author":1,"featured_media":2530,"comment_status":"closed","ping_status":"closed","sticky":false,"template":"","format":"standard","meta":{"ngg_post_thumbnail":0,"footnotes":""},"categories":[11,8,3],"tags":[],"class_list":["post-3251","post","type-post","status-publish","format-standard","has-post-thumbnail","hentry","category-aktualnosci","category-blog","category-ogloszenia"],"_links":{"self":[{"href":"https:\/\/rafalk-elblag.pl\/index.php?rest_route=\/wp\/v2\/posts\/3251","targetHints":{"allow":["GET"]}}],"collection":[{"href":"https:\/\/rafalk-elblag.pl\/index.php?rest_route=\/wp\/v2\/posts"}],"about":[{"href":"https:\/\/rafalk-elblag.pl\/index.php?rest_route=\/wp\/v2\/types\/post"}],"author":[{"embeddable":true,"href":"https:\/\/rafalk-elblag.pl\/index.php?rest_route=\/wp\/v2\/users\/1"}],"replies":[{"embeddable":true,"href":"https:\/\/rafalk-elblag.pl\/index.php?rest_route=%2Fwp%2Fv2%2Fcomments&post=3251"}],"version-history":[{"count":1,"href":"https:\/\/rafalk-elblag.pl\/index.php?rest_route=\/wp\/v2\/posts\/3251\/revisions"}],"predecessor-version":[{"id":3252,"href":"https:\/\/rafalk-elblag.pl\/index.php?rest_route=\/wp\/v2\/posts\/3251\/revisions\/3252"}],"wp:featuredmedia":[{"embeddable":true,"href":"https:\/\/rafalk-elblag.pl\/index.php?rest_route=\/wp\/v2\/media\/2530"}],"wp:attachment":[{"href":"https:\/\/rafalk-elblag.pl\/index.php?rest_route=%2Fwp%2Fv2%2Fmedia&parent=3251"}],"wp:term":[{"taxonomy":"category","embeddable":true,"href":"https:\/\/rafalk-elblag.pl\/index.php?rest_route=%2Fwp%2Fv2%2Fcategories&post=3251"},{"taxonomy":"post_tag","embeddable":true,"href":"https:\/\/rafalk-elblag.pl\/index.php?rest_route=%2Fwp%2Fv2%2Ftags&post=3251"}],"curies":[{"name":"wp","href":"https:\/\/api.w.org\/{rel}","templated":true}]}}