{"id":3249,"date":"2018-11-30T14:13:10","date_gmt":"2018-11-30T14:13:10","guid":{"rendered":"http:\/\/rafalk-elblag.pl\/?p=3249"},"modified":"2018-11-30T14:13:10","modified_gmt":"2018-11-30T14:13:10","slug":"intencje-mszalne-na-i-tydzien-adwentu-3-9-12-2018-r","status":"publish","type":"post","link":"https:\/\/rafalk-elblag.pl\/?p=3249","title":{"rendered":"INTENCJE MSZALNE NA I TYDZIE\u0143 ADWENTU (3-9.12.2018 R.)"},"content":{"rendered":"<p><a href=\"http:\/\/rafalk-elblag.pl\/wp-content\/uploads\/2016\/12\/shutterstock_49643152-1000.jpg\"><img loading=\"lazy\" decoding=\"async\" class=\"alignnone size-full wp-image-2526\" src=\"http:\/\/rafalk-elblag.pl\/wp-content\/uploads\/2016\/12\/shutterstock_49643152-1000.jpg\" alt=\"\" width=\"1000\" height=\"665\" srcset=\"https:\/\/rafalk-elblag.pl\/wp-content\/uploads\/2016\/12\/shutterstock_49643152-1000.jpg 1000w, https:\/\/rafalk-elblag.pl\/wp-content\/uploads\/2016\/12\/shutterstock_49643152-1000-300x200.jpg 300w, https:\/\/rafalk-elblag.pl\/wp-content\/uploads\/2016\/12\/shutterstock_49643152-1000-768x511.jpg 768w\" sizes=\"auto, (max-width: 1000px) 100vw, 1000px\" \/><\/a><\/p>\n<p>&nbsp;<\/p>\n<p>&nbsp;<\/p>\n<table>\n<tbody>\n<tr>\n<td colspan=\"2\"><b>03 grudnia &nbsp;&nbsp;PONIEDZIA\u0141EK &nbsp;&nbsp;<\/b><\/p>\n<p><span style=\"font-weight: 400;\">Wspomnienie \u015bw. Franciszka Ksawerego, prezbitera<\/span><\/td>\n<td>\n<p style=\"text-align: right;\"><b>Mt 8, 5-11<\/b><\/p>\n<\/td>\n<\/tr>\n<tr>\n<td><span style=\"font-weight: 400;\">6:30<\/span><\/td>\n<td colspan=\"2\"><span style=\"font-weight: 400;\">Roman Kami\u0144ski (23 rocz. \u015bm)<\/span><\/td>\n<\/tr>\n<tr>\n<td><span style=\"font-weight: 400;\">18:00<\/span><\/td>\n<td colspan=\"2\"><span style=\"font-weight: 400;\">Dzi\u0119kczynna z okazji 2 urodzin Alicji Tykarskiej, z pro\u015bb\u0105 o Bo\u017ce b\u0142ogos\u0142awie\u0144stwo i opiek\u0119 Matki Bo\u017cej<\/span><\/td>\n<\/tr>\n<\/tbody>\n<\/table>\n<p>&nbsp;<\/p>\n<p>&nbsp;<\/p>\n<p>&nbsp;<\/p>\n<table>\n<tbody>\n<tr>\n<td colspan=\"2\"><b>04 grudnia &nbsp;&nbsp;&nbsp;WTOREK<\/b><\/p>\n<p><span style=\"font-weight: 400;\">wspomnienie \u015bw. Barbary, dziewicy i m\u0119czennicy<\/span><\/td>\n<td>\n<p style=\"text-align: right;\"><b>\u0141k 10, 21-24<\/b><\/p>\n<\/td>\n<\/tr>\n<tr>\n<td><span style=\"font-weight: 400;\">6:30<\/span><\/td>\n<td colspan=\"2\"><span style=\"font-weight: 400;\">\u015ap. Monika i Jan Ostrowscy, Barbara Skorupska<\/span><\/td>\n<\/tr>\n<tr>\n<td><span style=\"font-weight: 400;\">18:00<\/span><\/td>\n<td colspan=\"2\"><span style=\"font-weight: 400;\">Dzi\u0119kczynna za Barbar\u0119 w dniu urodzin i imienin z pro\u015bb\u0105 o Bo\u017ce b\u0142ogos\u0142awie\u0144stwo i opiek\u0119 Matki Bo\u017cej<\/span><\/td>\n<\/tr>\n<\/tbody>\n<\/table>\n<p>&nbsp;<\/p>\n<p>&nbsp;<\/p>\n<p>&nbsp;<\/p>\n<table>\n<tbody>\n<tr>\n<td colspan=\"2\"><b>05 &nbsp;grudnia &nbsp;&nbsp;\u015aRODA<\/b><\/td>\n<td>\n<p style=\"text-align: right;\"><b>Mt 15, 29-37<\/b><\/p>\n<\/td>\n<\/tr>\n<tr>\n<td><span style=\"font-weight: 400;\">6:30<\/span><\/td>\n<td colspan=\"2\"><span style=\"font-weight: 400;\">\u015ap. Kazimiera Zembrzycka (7 rocz. \u015bm)<\/span><\/td>\n<\/tr>\n<tr>\n<td><span style=\"font-weight: 400;\">17:30<\/span><\/td>\n<td colspan=\"2\"><i><span style=\"font-weight: 400;\">Nabo\u017ce\u0144stwo ku czci Matki Bo\u017cej Nieustaj\u0105cej Pomocy<\/span><\/i><\/td>\n<\/tr>\n<tr>\n<td><span style=\"font-weight: 400;\">18:00<\/span><\/td>\n<td colspan=\"2\"><span style=\"font-weight: 400;\">\u015ap. Jan Przeworski (30 dz. p. p.)<\/span><\/td>\n<\/tr>\n<tr>\n<td><span style=\"font-weight: 400;\">18:00<\/span><\/td>\n<td colspan=\"2\"><span style=\"font-weight: 400;\">\u015ap Bronis\u0142awa Tykarska (25 rocz. \u015bm), Julian<\/span><\/td>\n<\/tr>\n<\/tbody>\n<\/table>\n<p>&nbsp;<\/p>\n<p>&nbsp;<\/p>\n<p>&nbsp;<\/p>\n<table>\n<tbody>\n<tr>\n<td colspan=\"2\"><b>06 &nbsp;grudnia &nbsp;&nbsp;&nbsp;CZWARTEK &#8211; PIERWSZY CZWARTEK MIESI\u0104CA<\/b><\/p>\n<p><span style=\"font-weight: 400;\">Uroczysto\u015b\u0107 \u015bw. Miko\u0142aja, biskupa &#8211; patrona miasta Elbl\u0105ga<\/span><\/td>\n<td>\n<p style=\"text-align: right;\"><b>Mt 7, 21. 24-27<\/b><\/p>\n<\/td>\n<\/tr>\n<tr>\n<td><span style=\"font-weight: 400;\">6:30<\/span><\/td>\n<td colspan=\"2\"><span style=\"font-weight: 400;\">\u015ap. Waldemar Kaniewski (2 rocz. \u015bm), Weronika Kijuc (36 rocz. \u015bm)<\/span><\/td>\n<\/tr>\n<tr>\n<td><span style=\"font-weight: 400;\">18:00<\/span><\/td>\n<td colspan=\"2\"><span style=\"font-weight: 400;\">\u015ap. J\u00f3zef Sielewicz (6 rocz. \u015bm)<\/span><\/td>\n<\/tr>\n<tr>\n<td><span style=\"font-weight: 400;\">18:00<\/span><\/td>\n<td colspan=\"2\"><span style=\"font-weight: 400;\">\u015ap. Jan, Franciszka, Stanis\u0142aw Przyborowscy, Irena Chadej, Zofia i Miros\u0142aw Bili\u0144scy, Maria i J\u00f3zef Balonis<\/span><\/td>\n<\/tr>\n<\/tbody>\n<\/table>\n<p>&nbsp;<\/p>\n<p>&nbsp;<\/p>\n<p>&nbsp;<\/p>\n<table>\n<tbody>\n<tr>\n<td colspan=\"2\"><b>07 &nbsp;grudnia &nbsp;&nbsp;PI\u0104TEK &#8211; PIERWSZY PI\u0104TEK MIESI\u0104CA<\/b><\/p>\n<p><span style=\"font-weight: 400;\">Wspomnienie \u015bw. Ambro\u017cego, biskupa i doktora Ko\u015bcio\u0142a<\/span><\/td>\n<td>\n<p style=\"text-align: right;\"><b>Mt 9, 27-31<\/b><\/p>\n<\/td>\n<\/tr>\n<tr>\n<td><span style=\"font-weight: 400;\">6:00<\/span><\/td>\n<td colspan=\"2\"><span style=\"font-weight: 400;\">Intencja wolna<\/span><\/td>\n<\/tr>\n<tr>\n<td><span style=\"font-weight: 400;\">16:30<\/span><\/td>\n<td colspan=\"2\"><span style=\"font-weight: 400;\">W intencji czcicieli Naj\u015bwi\u0119tszego Serca Pana Jezusa<\/span><\/td>\n<\/tr>\n<tr>\n<td><span style=\"font-weight: 400;\">18:00<\/span><\/td>\n<td colspan=\"2\"><span style=\"font-weight: 400;\">\u015ap. Stanis\u0142awa i Stanis\u0142aw Klonkowscy<\/span><\/td>\n<\/tr>\n<\/tbody>\n<\/table>\n<p>&nbsp;<\/p>\n<p>&nbsp;<\/p>\n<p>&nbsp;<\/p>\n<table>\n<tbody>\n<tr>\n<td colspan=\"2\"><b>08 grudnia SOBOTA <\/b><\/p>\n<p><span style=\"font-weight: 400;\">Uroczysto\u015b\u0107 Niepokalanego Pocz\u0119cia Naj\u015bwi\u0119tszej Maryi Panny<\/span><\/td>\n<td><b>\u0141k 1, 26-38<\/b><\/td>\n<\/tr>\n<tr>\n<td><span style=\"font-weight: 400;\">6:30<\/span><\/td>\n<td colspan=\"2\"><span style=\"font-weight: 400;\">\u015ap. Maria Za\u0142\u0119ska w dniu imienin<\/span><\/td>\n<\/tr>\n<tr>\n<td><span style=\"font-weight: 400;\">6:30<\/span><\/td>\n<td colspan=\"2\"><span style=\"font-weight: 400;\">W intencji S\u0142u\u017cby Liturgicznej O\u0142tarza, m\u0142odzie\u017cy naszej parafii w KSMIE &nbsp;oraz dzieci w scholce parafialnej Rafael oraz kap\u0142an\u00f3w naszej parafii<\/span><\/td>\n<\/tr>\n<tr>\n<td><span style=\"font-weight: 400;\">18:00<\/span><\/td>\n<td colspan=\"2\"><span style=\"font-weight: 400;\">O Bo\u017ce b\u0142ogos\u0142awie\u0144stwo dla ma\u0142\u017conk\u00f3w: Dominiki i Macieja Mirota o dar wzajemnej mi\u0142o\u015bci<\/span><\/td>\n<\/tr>\n<\/tbody>\n<\/table>\n<p>&nbsp;<\/p>\n<p>&nbsp;<\/p>\n<p>&nbsp;<\/p>\n<table>\n<tbody>\n<tr>\n<td colspan=\"2\"><span style=\"color: #800080;\"><b>09 grudnia &nbsp;II NIEDZIELA ADWENTU<\/b><\/span><\/td>\n<td>\n<p style=\"text-align: right;\"><b>\u0141k 3, 1-6<\/b><\/p>\n<\/td>\n<\/tr>\n<tr>\n<td><span style=\"font-weight: 400;\">7:00<\/span><\/td>\n<td colspan=\"2\"><span style=\"font-weight: 400;\">\u015ap. Kinga Ma\u0107ko (8 rocz. \u015bm)<\/span><\/td>\n<\/tr>\n<tr>\n<td><span style=\"font-weight: 400;\">9:00<\/span><\/td>\n<td colspan=\"2\"><span style=\"font-weight: 400;\">Dzi\u0119kczynna za wszelkie \u0142aski udzielone w ca\u0142ym roku Nikodemowi i jego rodzinie, Agnieszce i ca\u0142ej rodzinie zakonnej, Magdalenie i Maciejowi<\/span><\/td>\n<\/tr>\n<tr>\n<td><span style=\"font-weight: 400;\">9:00<\/span><\/td>\n<td colspan=\"2\"><span style=\"font-weight: 400;\">\u015ap. Marianna M\u0142ynarska (5 rocz. \u015bm), zmarli z rodziny M\u0142ynarskich, Anna Nadolska<\/span><\/td>\n<\/tr>\n<tr>\n<td><span style=\"font-weight: 400;\">10:30<\/span><\/td>\n<td colspan=\"2\"><span style=\"font-weight: 400;\">Dzi\u0119kczynna z okazji urodzin Maksymiliana i Juliana, z pro\u015bb\u0105 o Bo\u017ce b\u0142og, wszelkie \u0142aski i opiek\u0119 Matki Bo\u017cej<\/span><\/td>\n<\/tr>\n<tr>\n<td><b>12:00<\/b><\/td>\n<td colspan=\"2\"><b>Za parafian<\/b><\/td>\n<\/tr>\n<tr>\n<td><span style=\"font-weight: 400;\">15:00<\/span><\/td>\n<td colspan=\"2\"><span style=\"font-weight: 400;\">\u015ap. Micha\u0142 Jakubiak (4 rocz. \u015bm)<\/span><\/td>\n<\/tr>\n<tr>\n<td><span style=\"font-weight: 400;\">18:00<\/span><\/td>\n<td colspan=\"2\"><span style=\"font-weight: 400;\">W intencji Izabelli Penkalskiej w dniu 18 urodzin, o Bo\u017ce b\u0142ogos\u0142awie\u0144stwo, wszelkie \u0142aski i opiek\u0119 Matki Bo\u017cej dla Jubilatki<\/span><\/td>\n<\/tr>\n<\/tbody>\n<\/table>\n<p>&nbsp;<\/p>\n<p>&nbsp;<\/p>\n<p>&nbsp;<\/p>\n","protected":false},"excerpt":{"rendered":"<p>&nbsp; &nbsp; 03 grudnia &nbsp;&nbsp;PONIEDZIA\u0141EK &nbsp;&nbsp; Wspomnienie \u015bw. Franciszka Ksawerego, prezbitera Mt 8, 5-11 6:30 Roman Kami\u0144ski (23 rocz. \u015bm) 18:00 Dzi\u0119kczynna z okazji 2 urodzin Alicji Tykarskiej, z pro\u015bb\u0105 o Bo\u017ce b\u0142ogos\u0142awie\u0144stwo i opiek\u0119 Matki Bo\u017cej &nbsp; &nbsp; &nbsp; 04 grudnia &nbsp;&nbsp;&nbsp;WTOREK wspomnienie \u015bw. Barbary, dziewicy i m\u0119czennicy \u0141k 10, 21-24 6:30 \u015ap. Monika [&hellip;]<\/p>\n","protected":false},"author":1,"featured_media":2526,"comment_status":"closed","ping_status":"closed","sticky":false,"template":"","format":"standard","meta":{"ngg_post_thumbnail":0,"footnotes":""},"categories":[11,8,4],"tags":[],"class_list":["post-3249","post","type-post","status-publish","format-standard","has-post-thumbnail","hentry","category-aktualnosci","category-blog","category-intencje"],"_links":{"self":[{"href":"https:\/\/rafalk-elblag.pl\/index.php?rest_route=\/wp\/v2\/posts\/3249","targetHints":{"allow":["GET"]}}],"collection":[{"href":"https:\/\/rafalk-elblag.pl\/index.php?rest_route=\/wp\/v2\/posts"}],"about":[{"href":"https:\/\/rafalk-elblag.pl\/index.php?rest_route=\/wp\/v2\/types\/post"}],"author":[{"embeddable":true,"href":"https:\/\/rafalk-elblag.pl\/index.php?rest_route=\/wp\/v2\/users\/1"}],"replies":[{"embeddable":true,"href":"https:\/\/rafalk-elblag.pl\/index.php?rest_route=%2Fwp%2Fv2%2Fcomments&post=3249"}],"version-history":[{"count":1,"href":"https:\/\/rafalk-elblag.pl\/index.php?rest_route=\/wp\/v2\/posts\/3249\/revisions"}],"predecessor-version":[{"id":3250,"href":"https:\/\/rafalk-elblag.pl\/index.php?rest_route=\/wp\/v2\/posts\/3249\/revisions\/3250"}],"wp:featuredmedia":[{"embeddable":true,"href":"https:\/\/rafalk-elblag.pl\/index.php?rest_route=\/wp\/v2\/media\/2526"}],"wp:attachment":[{"href":"https:\/\/rafalk-elblag.pl\/index.php?rest_route=%2Fwp%2Fv2%2Fmedia&parent=3249"}],"wp:term":[{"taxonomy":"category","embeddable":true,"href":"https:\/\/rafalk-elblag.pl\/index.php?rest_route=%2Fwp%2Fv2%2Fcategories&post=3249"},{"taxonomy":"post_tag","embeddable":true,"href":"https:\/\/rafalk-elblag.pl\/index.php?rest_route=%2Fwp%2Fv2%2Ftags&post=3249"}],"curies":[{"name":"wp","href":"https:\/\/api.w.org\/{rel}","templated":true}]}}