{"id":3244,"date":"2018-11-29T08:13:19","date_gmt":"2018-11-29T08:13:19","guid":{"rendered":"http:\/\/rafalk-elblag.pl\/?p=3244"},"modified":"2019-01-04T06:19:14","modified_gmt":"2019-01-04T06:19:14","slug":"adwent-2019","status":"publish","type":"post","link":"https:\/\/rafalk-elblag.pl\/?p=3244","title":{"rendered":"ADWENT 2019"},"content":{"rendered":"<p><a href=\"http:\/\/rafalk-elblag.pl\/wp-content\/uploads\/2014\/11\/011.jpg\"><img loading=\"lazy\" decoding=\"async\" class=\"size-large wp-image-1068 aligncenter\" src=\"http:\/\/rafalk-elblag.pl\/wp-content\/uploads\/2014\/11\/011-1024x576.jpg\" alt=\"\" width=\"900\" height=\"506\" srcset=\"https:\/\/rafalk-elblag.pl\/wp-content\/uploads\/2014\/11\/011-1024x576.jpg 1024w, https:\/\/rafalk-elblag.pl\/wp-content\/uploads\/2014\/11\/011-300x168.jpg 300w, https:\/\/rafalk-elblag.pl\/wp-content\/uploads\/2014\/11\/011.jpg 1600w\" sizes=\"auto, (max-width: 900px) 100vw, 900px\" \/><\/a><\/p>\n<p>&nbsp;<\/p>\n<p>&nbsp;<\/p>\n<p><span style=\"color: #800080;\"><strong>A D W E N T<\/strong><\/span> &#8211; to dla chrze\u015bcijan czas radosnego oczekiwania na przyj\u015bcie Pana na ko\u0144cu czas\u00f3w oraz na wspomnienie Jego pierwszego przyj\u015bcia w czasie narodzin z Maryi Dziewicy w Betlejem przed dwudziestoma wiekami. W\u015br\u00f3d wielu zwyczaj\u00f3w adwentowych najbardziej znane to: roratnie Msze \u015awi\u0119te, wieniec, kalendarz i pie\u015bni adwentowe, lampiony wykonywane w\u0142asnor\u0119cznie.<\/p>\n<p>&nbsp;<\/p>\n<p>&nbsp;<\/p>\n<p><span style=\"color: #993366;\"><strong>R O R A T Y<\/strong><\/span> &#8211; czyli Msze \u015awi\u0119te rozpoczynaj\u0105ce si\u0119 przed wschodem S\u0142o\u0144ca s\u0105 wyrazem naszego oczekiwania i gotowo\u015bci na przyj\u0119cie Jezusa, kt\u00f3ry roz\u015bwietli\u0142 mroki \u015bwiata pogr\u0105\u017conego w grzechu, niczym \u015bwiat jest roz\u015bwietlany pierwszymi promieniami S\u0142o\u0144ca. Msza \u015awi\u0119ta rozpoczyna si\u0119 w ciemno\u015bci, do kt\u00f3rej przychodzi Bo\u017ce \u015bwiat\u0142o w czasie \u015bpiewanego hymnu &#8222;Chwa\u0142a na wysoko\u015bci Bogu&#8221;. Roraty dla dzieci i m\u0142odzie\u017cy w naszej parafii ko\u0144cz\u0105 si\u0119 pocz\u0119stunkiem &#8211; s\u0142odkim \u015bniadaniem dla ich uczestnik\u00f3w [dro\u017cd\u017c\u00f3wka i kakao], po kt\u00f3rym dzieci udaj\u0105 si\u0119 do szko\u0142y.<\/p>\n<p>&nbsp;<\/p>\n<p><em>Zapraszamy ju\u017c od 3 grudnia:<\/em><\/p>\n<p>&nbsp;<\/p>\n<p><span style=\"color: #800080;\"><strong>DZIECI:<\/strong><\/span>&nbsp;<strong>w<\/strong>&nbsp;<strong>poniedzia\u0142ki i \u015brody na godz. 6:30;<\/strong><\/p>\n<p>&nbsp;<\/p>\n<p><strong><span style=\"color: #993366;\">M\u0141ODZIE\u017b:<\/span> w pi\u0105tki na godz. 6:00;<\/strong><\/p>\n<p>&nbsp;<\/p>\n<p><strong><span style=\"color: #cc99ff;\">DOROS\u0141YCH:<\/span> <\/strong>wraz z m\u0142odzie\u017c\u0105 i dzie\u0107mi oraz w pozosta\u0142e dni [za wyj\u0105tkiem niedzieli]: na godzin\u0119 6:30 [wtorek, czwartek, sobota].<\/p>\n<p>&nbsp;<\/p>\n<p>&nbsp;<\/p>\n<p><strong><span style=\"color: #cc99ff;\">R E K O L E K C J E<\/span>&nbsp; &nbsp;<span style=\"color: #800080;\">A D W E N T O W E:&nbsp;<\/span><\/strong><\/p>\n<p><span style=\"color: #993366;\"><strong>odb\u0119d\u0105 si\u0119 w naszej parafii w dniach: 9, 13, 14, 15 grudnia.<\/strong> <\/span>W niedziel\u0119 9 grudnia nauka rekolekcyjna na ka\u017cdej Mszy \u015awi\u0119tej [7:00, 9:00, 10:30 (dzieci), 12:00, 15:00, 18:00 (m\u0142odzie\u017c)]. W dniach 13, 14, 15 grudnia Msze \u015awi\u0119te z nauk\u0105 rekolekcyjn\u0105 o godz. 8:00, 11:00 i 18:00. O godz. 20:00 przez trzy kolejne dni spotyka si\u0119 m\u0142odzie\u017c na nabo\u017ce\u0144stwach i naukach [Msza \u015awi\u0119ta odb\u0119dzie si\u0119 ostatniego dnia w sobot\u0119 15 grudnia o 20:00, w pi\u0105tek o 20:00 nabo\u017ce\u0144stwo pokutne i mo\u017cliwo\u015b\u0107 spowiedzi dla m\u0142odzie\u017cy].<\/p>\n<p>&nbsp;<\/p>\n<p>Czas adwentu odmierzaj\u0105 kolejne 4 niedziele, w czasie kt\u00f3rych Liturgia S\u0142owa sama w sobie przygotowuje nas na odnowienie naszego \u017cycia religijnego. Zaplanujmy sobie tak czas, by\u015bmy mogli wzi\u0105\u0107 udzia\u0142 w niedzielnych nabo\u017ce\u0144stwach. W\u0142\u0105czajmy si\u0119 w piel\u0119gnowanie adwentowych tradycji w naszych domach oraz starajmy si\u0119 uczy\u0107 pi\u0119knych pie\u015bni adwentowych wypieranych tak cz\u0119sto w dzisiejszej kulturze masowej przez rozbrzmiewaj\u0105ce ju\u017c w \u015brodkach przekazu &#8222;piosenki \u015bwi\u0105teczne&#8221;.&nbsp;<\/p>\n<p>&nbsp;<\/p>\n<p><span style=\"color: #800080;\"><strong>1 niedziela adwentu &#8211; 2 grudnia;<\/strong><\/span><\/p>\n<p><span style=\"color: #800080;\"><strong>2 niedziela adwentu &#8211; 9 grudnia [rozpocz\u0119cie rekolekcji parafialnych];<\/strong><\/span><\/p>\n<p><span style=\"color: #ff00ff;\"><strong>3 niedziela adwentu &#8211; 16 grudnia [niedziela rado\u015bci ze zbli\u017caj\u0105cych si\u0119 \u015bwi\u0105t &#8211; gaudete]<\/strong><\/span><\/p>\n<p><span style=\"color: #800080;\"><strong>4 niedziela adwentu &#8211; 23 grudnia [pami\u0119tajmy i tu\u017c przed \u015bwi\u0119tami o niedzielnej Eucharystii!]<\/strong><\/span><\/p>\n<p>&nbsp;<\/p>\n<p><strong>*w ka\u017cd\u0105 niedziel\u0119 Msze \u015awi\u0119te sprawowane s\u0105 o godz.:<\/strong><\/p>\n<p><span style=\"color: #cc99ff;\"><strong> 7:00, 9:00, 12:00, 15:00 (rozpocz\u0119cie od Koronki do Bo\u017cego Mi\u0142osierdzia) &#8211; dla doros\u0142ych<\/strong><\/span><\/p>\n<p><strong><span style=\"color: #993366;\">10:30 &#8211; Msza \u015awi\u0119ta rodzinna z udzia\u0142em dzieci<\/span><\/strong><\/p>\n<p><span style=\"color: #800080;\"><strong>i 18:00 &#8211; Msza \u015awi\u0119ta dla m\u0142odzie\u017cy<\/strong><\/span><\/p>\n<p>&nbsp;<\/p>\n<p>&nbsp;<\/p>\n","protected":false},"excerpt":{"rendered":"<p>&nbsp; &nbsp; A D W E N T &#8211; to dla chrze\u015bcijan czas radosnego oczekiwania na przyj\u015bcie Pana na ko\u0144cu czas\u00f3w oraz na wspomnienie Jego pierwszego przyj\u015bcia w czasie narodzin z Maryi Dziewicy w Betlejem przed dwudziestoma wiekami. W\u015br\u00f3d wielu zwyczaj\u00f3w adwentowych najbardziej znane to: roratnie Msze \u015awi\u0119te, wieniec, kalendarz i pie\u015bni adwentowe, lampiony wykonywane [&hellip;]<\/p>\n","protected":false},"author":1,"featured_media":2541,"comment_status":"closed","ping_status":"closed","sticky":false,"template":"","format":"standard","meta":{"ngg_post_thumbnail":0,"footnotes":""},"categories":[11,8],"tags":[],"class_list":["post-3244","post","type-post","status-publish","format-standard","has-post-thumbnail","hentry","category-aktualnosci","category-blog"],"_links":{"self":[{"href":"https:\/\/rafalk-elblag.pl\/index.php?rest_route=\/wp\/v2\/posts\/3244","targetHints":{"allow":["GET"]}}],"collection":[{"href":"https:\/\/rafalk-elblag.pl\/index.php?rest_route=\/wp\/v2\/posts"}],"about":[{"href":"https:\/\/rafalk-elblag.pl\/index.php?rest_route=\/wp\/v2\/types\/post"}],"author":[{"embeddable":true,"href":"https:\/\/rafalk-elblag.pl\/index.php?rest_route=\/wp\/v2\/users\/1"}],"replies":[{"embeddable":true,"href":"https:\/\/rafalk-elblag.pl\/index.php?rest_route=%2Fwp%2Fv2%2Fcomments&post=3244"}],"version-history":[{"count":1,"href":"https:\/\/rafalk-elblag.pl\/index.php?rest_route=\/wp\/v2\/posts\/3244\/revisions"}],"predecessor-version":[{"id":3245,"href":"https:\/\/rafalk-elblag.pl\/index.php?rest_route=\/wp\/v2\/posts\/3244\/revisions\/3245"}],"wp:featuredmedia":[{"embeddable":true,"href":"https:\/\/rafalk-elblag.pl\/index.php?rest_route=\/wp\/v2\/media\/2541"}],"wp:attachment":[{"href":"https:\/\/rafalk-elblag.pl\/index.php?rest_route=%2Fwp%2Fv2%2Fmedia&parent=3244"}],"wp:term":[{"taxonomy":"category","embeddable":true,"href":"https:\/\/rafalk-elblag.pl\/index.php?rest_route=%2Fwp%2Fv2%2Fcategories&post=3244"},{"taxonomy":"post_tag","embeddable":true,"href":"https:\/\/rafalk-elblag.pl\/index.php?rest_route=%2Fwp%2Fv2%2Ftags&post=3244"}],"curies":[{"name":"wp","href":"https:\/\/api.w.org\/{rel}","templated":true}]}}