{"id":3241,"date":"2018-11-29T07:26:46","date_gmt":"2018-11-29T07:26:46","guid":{"rendered":"http:\/\/rafalk-elblag.pl\/?p=3241"},"modified":"2019-05-21T09:11:27","modified_gmt":"2019-05-21T09:11:27","slug":"uroczystosc-poswiecenia-kosciola","status":"publish","type":"post","link":"https:\/\/rafalk-elblag.pl\/?p=3241","title":{"rendered":"UROCZYSTO\u015a\u0106 PO\u015aWI\u0118CENIA KO\u015aCIO\u0141A"},"content":{"rendered":"<p><a href=\"http:\/\/rafalk-elblag.pl\/wp-content\/uploads\/2018\/11\/50cceb4263a9001c0b2a292299bf2981.jpg\"><img loading=\"lazy\" decoding=\"async\" class=\"alignnone size-large wp-image-3242\" src=\"http:\/\/rafalk-elblag.pl\/wp-content\/uploads\/2018\/11\/50cceb4263a9001c0b2a292299bf2981-1024x738.jpg\" alt=\"\" width=\"900\" height=\"649\" srcset=\"https:\/\/rafalk-elblag.pl\/wp-content\/uploads\/2018\/11\/50cceb4263a9001c0b2a292299bf2981-1024x738.jpg 1024w, https:\/\/rafalk-elblag.pl\/wp-content\/uploads\/2018\/11\/50cceb4263a9001c0b2a292299bf2981-300x216.jpg 300w, https:\/\/rafalk-elblag.pl\/wp-content\/uploads\/2018\/11\/50cceb4263a9001c0b2a292299bf2981-768x553.jpg 768w, https:\/\/rafalk-elblag.pl\/wp-content\/uploads\/2018\/11\/50cceb4263a9001c0b2a292299bf2981.jpg 1041w\" sizes=\"auto, (max-width: 900px) 100vw, 900px\" \/><\/a><\/p>\n<p>&nbsp;<\/p>\n<p><span style=\"color: #800080;\"><strong>Centralne obchody jubileuszu 25-lecia istnienia parafii przypad\u0142y na sobot\u0119 17 listopada 2018 r. W tym dniu odby\u0142o si\u0119 uroczyste po\u015bwi\u0119cenie ko\u015bcio\u0142a przez ks. bpa Jana Styrn\u0119, kt\u00f3re zgromadzi\u0142o wielu kap\u0142an\u00f3w i wiernych. Zapraszamy do lektury artyku\u0142u pana \u0141ukasza Siano\u017c\u0119ckiego z &#8222;Go\u015bcia Elbl\u0105skiego&#8221;. Poni\u017cej znajduje si\u0119 tak\u017ce link do galerii ze zdj\u0119ciami z uroczysto\u015bci.<\/strong><\/span><\/p>\n<p>&nbsp;<\/p>\n<div class=\"txt__lead\">\n<p>Rodzina potrzebuje domu. Rodzina dzieci Bo\u017cych te\u017c go potrzebuje. Domu, w kt\u00f3rym wzrastaj\u0105 dzieci, do\u015bwiadczaj\u0105ce przyk\u0142adu swoich rodzic\u00f3w i ciep\u0142ego serca &#8211; m\u00f3wi\u0142 biskup Jan Styrna podczas centralnych obchod\u00f3w 25-lecia parafii \u015bw. Rafa\u0142a Kalinowskiego w Elbl\u0105gu.<\/p>\n<\/div>\n<div class=\" txt__rich-area\">\n<p>Jak przypomnia\u0142, ju\u017c w Starym Testamencie przypominana jest rado\u015b\u0107 z faktu wybudowania \u015bwi\u0105tyni. &#8211; Bardzo podobnie to wygl\u0105da i dzisiaj, bo jako ludzie tak bardzo si\u0119 nie zmieniamy. I dzi\u015b obserwujemy hojno\u015b\u0107 ludu, kt\u00f3ry gromadzi\u0142 pieni\u0105dze na t\u0119 \u015bwi\u0105tyni\u0119. Obserwujemy t\u0105 szczero\u015b\u0107 serca przy sk\u0142adaniu ofiar. Jeszcze raz ukazane nam jest uznanie dla tych, kt\u00f3rzy w jakikolwiek spos\u00f3b przyczynili si\u0119 do zbudowania i ozdobienia tej w\u0142a\u015bnie \u015bwi\u0105tyni &#8211; zauwa\u017cy\u0142 biskup Styrna.<\/p>\n<p>W czasie uroczysto\u015bci biskup Jan po\u015bwi\u0119ci\u0142 parafialn\u0105 \u015bwi\u0105tyni\u0119 i o\u0142tarz.<\/p>\n<p>Parafia dla elbl\u0105skiej dzielnicy Nad Jarem zosta\u0142a wyodr\u0119bniona z parafii \u015bw. Brata Alberta i oficjalnie zosta\u0142a erygowana 16 listopada 1993 roku.<\/p>\n<p>&#8211; Wierz\u0119, \u017ce ten ko\u015bci\u00f3\u0142 powsta\u0142 na solidnych fundamentach wiary, modlitwy, cierpienia i ofiar parafian &#8211; wymienia\u0142 ks. Wojciech Zwolicki, obecny proboszcz wsp\u00f3lnoty. &#8211; Ten ko\u015bci\u00f3\u0142 po to powsta\u0142, aby ka\u017cdy cz\u0142owiek m\u00f3g\u0142 spotka\u0107 si\u0119 z Chrystusem na Eucharystii, adoracji czy w konfesjonale &#8211; podkre\u015bla\u0142.<\/p>\n<p>W dzisiejszych uroczysto\u015bciach wzi\u0105\u0142 udzia\u0142 tak\u017ce pierwszy proboszcz parafii, ks. Adam \u015aniechowski, a tak\u017ce ksi\u0119\u017ca, kt\u00f3rzy pos\u0142ugiwali Nad Jarem w czasie minionych 25 lat, oraz kap\u0142ani zaprzyja\u017anieni z parafi\u0105. By\u0142y tak\u017ce liczne poczty sztandarowe oraz setki wiernych.<\/p>\n<\/div>\n<p>&nbsp;<\/p>\n<p>&nbsp;<\/p>\n<p><span style=\"color: #993300;\"><strong>LINK DO GALERII &#8222;GO\u015aCIA ELBL\u0104SKIEGO&#8221; Z UROCZYSTO\u015aCI PO\u015aWI\u0118CENIA KO\u015aCIO\u0141A:<\/strong><\/span><\/p>\n<p>https:\/\/elblag.gosc.pl\/gal\/spis\/5167849.25-lecie-parafii-sw-Rafala-Kalinowskiego-w-Elblagu<\/p>\n<p>&nbsp;<\/p>\n<p>&nbsp;<\/p>\n<p>&nbsp;<\/p>\n","protected":false},"excerpt":{"rendered":"<p>&nbsp; Centralne obchody jubileuszu 25-lecia istnienia parafii przypad\u0142y na sobot\u0119 17 listopada 2018 r. W tym dniu odby\u0142o si\u0119 uroczyste po\u015bwi\u0119cenie ko\u015bcio\u0142a przez ks. bpa Jana Styrn\u0119, kt\u00f3re zgromadzi\u0142o wielu kap\u0142an\u00f3w i wiernych. Zapraszamy do lektury artyku\u0142u pana \u0141ukasza Siano\u017c\u0119ckiego z &#8222;Go\u015bcia Elbl\u0105skiego&#8221;. Poni\u017cej znajduje si\u0119 tak\u017ce link do galerii ze zdj\u0119ciami z uroczysto\u015bci. &nbsp; [&hellip;]<\/p>\n","protected":false},"author":1,"featured_media":3242,"comment_status":"closed","ping_status":"closed","sticky":false,"template":"","format":"standard","meta":{"ngg_post_thumbnail":0,"footnotes":""},"categories":[1],"tags":[],"class_list":["post-3241","post","type-post","status-publish","format-standard","has-post-thumbnail","hentry","category-uncategorized"],"_links":{"self":[{"href":"https:\/\/rafalk-elblag.pl\/index.php?rest_route=\/wp\/v2\/posts\/3241","targetHints":{"allow":["GET"]}}],"collection":[{"href":"https:\/\/rafalk-elblag.pl\/index.php?rest_route=\/wp\/v2\/posts"}],"about":[{"href":"https:\/\/rafalk-elblag.pl\/index.php?rest_route=\/wp\/v2\/types\/post"}],"author":[{"embeddable":true,"href":"https:\/\/rafalk-elblag.pl\/index.php?rest_route=\/wp\/v2\/users\/1"}],"replies":[{"embeddable":true,"href":"https:\/\/rafalk-elblag.pl\/index.php?rest_route=%2Fwp%2Fv2%2Fcomments&post=3241"}],"version-history":[{"count":1,"href":"https:\/\/rafalk-elblag.pl\/index.php?rest_route=\/wp\/v2\/posts\/3241\/revisions"}],"predecessor-version":[{"id":3243,"href":"https:\/\/rafalk-elblag.pl\/index.php?rest_route=\/wp\/v2\/posts\/3241\/revisions\/3243"}],"wp:featuredmedia":[{"embeddable":true,"href":"https:\/\/rafalk-elblag.pl\/index.php?rest_route=\/wp\/v2\/media\/3242"}],"wp:attachment":[{"href":"https:\/\/rafalk-elblag.pl\/index.php?rest_route=%2Fwp%2Fv2%2Fmedia&parent=3241"}],"wp:term":[{"taxonomy":"category","embeddable":true,"href":"https:\/\/rafalk-elblag.pl\/index.php?rest_route=%2Fwp%2Fv2%2Fcategories&post=3241"},{"taxonomy":"post_tag","embeddable":true,"href":"https:\/\/rafalk-elblag.pl\/index.php?rest_route=%2Fwp%2Fv2%2Ftags&post=3241"}],"curies":[{"name":"wp","href":"https:\/\/api.w.org\/{rel}","templated":true}]}}