{"id":3239,"date":"2018-11-29T07:09:25","date_gmt":"2018-11-29T07:09:25","guid":{"rendered":"http:\/\/rafalk-elblag.pl\/?p=3239"},"modified":"2018-11-29T07:09:25","modified_gmt":"2018-11-29T07:09:25","slug":"ogloszenia-parafialne-25-11-2018-r-niedziela-chrystusa-krola-wszechswiata","status":"publish","type":"post","link":"https:\/\/rafalk-elblag.pl\/?p=3239","title":{"rendered":"OG\u0141OSZENIA PARAFIALNE 25.11.2018 R. \u2013 NIEDZIELA CHRYSTUSA KR\u00d3LA WSZECH\u015aWIATA"},"content":{"rendered":"<p><a href=\"http:\/\/rafalk-elblag.pl\/wp-content\/uploads\/2016\/12\/pulpit.jpg\"><img loading=\"lazy\" decoding=\"async\" class=\"alignnone size-large wp-image-2530\" src=\"http:\/\/rafalk-elblag.pl\/wp-content\/uploads\/2016\/12\/pulpit-1024x682.jpg\" alt=\"\" width=\"900\" height=\"599\" srcset=\"https:\/\/rafalk-elblag.pl\/wp-content\/uploads\/2016\/12\/pulpit-1024x682.jpg 1024w, https:\/\/rafalk-elblag.pl\/wp-content\/uploads\/2016\/12\/pulpit-300x200.jpg 300w, https:\/\/rafalk-elblag.pl\/wp-content\/uploads\/2016\/12\/pulpit-768x512.jpg 768w, https:\/\/rafalk-elblag.pl\/wp-content\/uploads\/2016\/12\/pulpit.jpg 1698w\" sizes=\"auto, (max-width: 900px) 100vw, 900px\" \/><\/a><\/p>\n<p>&nbsp;<\/p>\n<p>&nbsp;<\/p>\n<p>1. Dzisiaj Uroczysto\u015b\u0107 Jezusa Chrystusa, Kr\u00f3la Wszech\u015bwiata i zako\u0144czenie roku liturgicznego, za tydzie\u0144 rozpoczynamy ADWENT.<\/p>\n<p>&nbsp;<br \/>\n2. O godzinie 16:00 w ko\u015bciele Bo\u017cego Cia\u0142a w Elbl\u0105gu przy ul. Robotniczej 29 odb\u0119dzie si\u0119 spotkanie panelowe pt. Porozmawiajmy o przemijaniu. Organizatorem wydarzenia jest Wsp\u00f3lnota \u017bycia dzia\u0142aj\u0105ca przy ko\u015bciele Bo\u017cego Cia\u0142a, kt\u00f3ra serdecznie zaprasza wszystkich zainteresowanych tematem na spotkanie.<\/p>\n<p>&nbsp;<br \/>\n3. W listopadzie w spos\u00f3b szczeg\u00f3lny pochylamy si\u0119 nad mogi\u0142ami, w kt\u00f3rych spoczywaj\u0105 nasi bliscy. Najg\u0142\u0119bszym wyrazem naszej mi\u0142o\u015bci jest nasza modlitwa za nich. Dlatego zapraszamy do wsp\u00f3lnej modlitwy za zmar\u0142ych codziennie na Mszy \u015bw. Zbiorowej o godz. 18.00, a po niej na Koronk\u0119 do Mi\u0142osierdzia Bo\u017cego, po\u0142\u0105czon\u0105 z Wypominkami. Pami\u0119tajmy: \u201e\u015awi\u0119t\u0105 i zbawienn\u0105 rzecz\u0105 jest modli\u0107 si\u0119 za \u017cywych i zmar\u0142ych.\u201d Czy to ju\u017c uczyni\u0142e\u015b?<\/p>\n<p>&nbsp;<br \/>\n4. W \u015brod\u0119 28 listopada br. zapraszamy na spotkanie Kr\u0119gu Biblijnego o godz. 19:00.<\/p>\n<p>&nbsp;<br \/>\n5. Zapraszamy na Msz\u0119 \u015bwi\u0119t\u0105 dla chorych w czwartek 29 listopada o godz. 18:00. Po Mszy \u015bwi\u0119tej na\u0142o\u017cenie r\u0105k przez&nbsp; kap\u0142an\u00f3w oraz modlitwa o przywr\u00f3cenie zdrowia fizycznego i duchowego.<\/p>\n<p>&nbsp;<br \/>\n6. W tym tygodniu przypada pierwsza sobota miesi\u0105ca:<br \/>\n\uf0b7 w pierwsz\u0105 sobot\u0119 o godz. 17:00 zapraszamy na NABO\u017bE\u0143STWO WYNAGRADZAJ\u0104CE ZA OBELGI PRZECIWKO NIEPOKALANEMU POCZ\u0118CIU MARYI w ramach nabo\u017ce\u0144stwa pierwszych pi\u0119ciu sob\u00f3t, o kt\u00f3re prosi\u0142a Matka Bo\u017ca.<\/p>\n<p>&nbsp;<\/p>\n<p>&nbsp;<\/p>\n<p>7. Przypominamy, \u017ce najpi\u0119kniejsz\u0105 modlitw\u0105 Ko\u015bcio\u0142a jest Msza \u015bwi\u0119ta, kt\u00f3r\u0105 mo\u017cna zamawia\u0107 za \u017cywych i umar\u0142ych lub ofiarowa\u0107 jako wspania\u0142y chrze\u015bcija\u0144ski prezent z okazji rocznicy \u015blubu, chrztu, urodzin i imienin prosz\u0105c o \u0142aski lub za nie dzi\u0119kuj\u0105c. Mo\u017cna zamawia\u0107 i rezerwowa\u0107 Msze \u015bw. na rok 2019.<\/p>\n<p>&nbsp;<br \/>\n8. W zakrystii mamy mo\u017cliwo\u015b\u0107 nabycia JUBILEUSZOWEJ \u015bwiecy, upami\u0119tniaj\u0105cej 25-lecie naszej parafii w cenie 20 z\u0142. Zapraszamy.<\/p>\n<p>&nbsp;<br \/>\n9. Rekolekcje dla m\u0142odzie\u017cy szk\u00f3\u0142 ponadgimnazjalnych Elbl\u0105ga zwi\u0105zano w tym roku z has\u0142em: \u201ePrzebuduj to w sobie\u201d. Nawi\u0105zuje ono do fragmentu Ewangelii \u015bw. Mateusza o budowaniu domu na skale [Mt 7, 24\u201327]. Podczas rekolekcji zostan\u0105 poruszone tematy: kariera, pieni\u0105dze, mi\u0142o\u015b\u0107 i seksualno\u015b\u0107 oraz u\u017cywki i uzale\u017cnienia. Rekolekcje odb\u0119d\u0105 si\u0119 w terminach: 27-28 oraz 29-30 listopada 2018 w godz. 8.30 \u2013 11.30. Rekolekcje dla doros\u0142ych pt.: \u201eNie b\u00f3jcie si\u0119 kocha\u0107 Maryi!\u201d odb\u0119d\u0105 si\u0119 w tym roku w Elbl\u0105gu w dniach 27-29 listopada. Rekolekcje poprowadzi o. Micha\u0142 Nowak &#8211; franciszkanin. Miejsce: hala MOSiR przy ul. Grunwaldzkiej 135. Czas: w godz. 18.00\u201321.00. Wst\u0119p wolny. Zapraszamy.<\/p>\n<p>&nbsp;<br \/>\n10. Zach\u0119camy do czytania prasy katolickiej: nowy numer \u201eGo\u015bcia Niedzielnego\u201d w cenie 5 z\u0142. wraz z dodatkiem \u201eGo\u015b\u0107 Elbl\u0105ski\u201d w kt\u00f3rym znajdziemy artyku\u0142 z po\u015bwi\u0119cenia naszego Ko\u015bcio\u0142a. Warto przeczyta\u0107!<\/p>\n<p>&nbsp;<\/p>\n<p>&nbsp;<\/p>\n<p style=\"text-align: center;\"><span style=\"color: #993366;\"><strong>Numer Konta Parafialnego<\/strong><\/span><\/p>\n<p style=\"text-align: center;\"><span style=\"color: #993366;\"><strong>PKO BP 72 1020 1752 0000 0102 0069 6047<\/strong><\/span><\/p>\n<p style=\"text-align: center;\">&nbsp;<\/p>\n<p style=\"text-align: center;\">&nbsp;<\/p>\n","protected":false},"excerpt":{"rendered":"<p>&nbsp; &nbsp; 1. Dzisiaj Uroczysto\u015b\u0107 Jezusa Chrystusa, Kr\u00f3la Wszech\u015bwiata i zako\u0144czenie roku liturgicznego, za tydzie\u0144 rozpoczynamy ADWENT. &nbsp; 2. O godzinie 16:00 w ko\u015bciele Bo\u017cego Cia\u0142a w Elbl\u0105gu przy ul. Robotniczej 29 odb\u0119dzie si\u0119 spotkanie panelowe pt. Porozmawiajmy o przemijaniu. Organizatorem wydarzenia jest Wsp\u00f3lnota \u017bycia dzia\u0142aj\u0105ca przy ko\u015bciele Bo\u017cego Cia\u0142a, kt\u00f3ra serdecznie zaprasza wszystkich zainteresowanych [&hellip;]<\/p>\n","protected":false},"author":1,"featured_media":2530,"comment_status":"closed","ping_status":"closed","sticky":false,"template":"","format":"standard","meta":{"ngg_post_thumbnail":0,"footnotes":""},"categories":[11,8,3],"tags":[],"class_list":["post-3239","post","type-post","status-publish","format-standard","has-post-thumbnail","hentry","category-aktualnosci","category-blog","category-ogloszenia"],"_links":{"self":[{"href":"https:\/\/rafalk-elblag.pl\/index.php?rest_route=\/wp\/v2\/posts\/3239","targetHints":{"allow":["GET"]}}],"collection":[{"href":"https:\/\/rafalk-elblag.pl\/index.php?rest_route=\/wp\/v2\/posts"}],"about":[{"href":"https:\/\/rafalk-elblag.pl\/index.php?rest_route=\/wp\/v2\/types\/post"}],"author":[{"embeddable":true,"href":"https:\/\/rafalk-elblag.pl\/index.php?rest_route=\/wp\/v2\/users\/1"}],"replies":[{"embeddable":true,"href":"https:\/\/rafalk-elblag.pl\/index.php?rest_route=%2Fwp%2Fv2%2Fcomments&post=3239"}],"version-history":[{"count":1,"href":"https:\/\/rafalk-elblag.pl\/index.php?rest_route=\/wp\/v2\/posts\/3239\/revisions"}],"predecessor-version":[{"id":3240,"href":"https:\/\/rafalk-elblag.pl\/index.php?rest_route=\/wp\/v2\/posts\/3239\/revisions\/3240"}],"wp:featuredmedia":[{"embeddable":true,"href":"https:\/\/rafalk-elblag.pl\/index.php?rest_route=\/wp\/v2\/media\/2530"}],"wp:attachment":[{"href":"https:\/\/rafalk-elblag.pl\/index.php?rest_route=%2Fwp%2Fv2%2Fmedia&parent=3239"}],"wp:term":[{"taxonomy":"category","embeddable":true,"href":"https:\/\/rafalk-elblag.pl\/index.php?rest_route=%2Fwp%2Fv2%2Fcategories&post=3239"},{"taxonomy":"post_tag","embeddable":true,"href":"https:\/\/rafalk-elblag.pl\/index.php?rest_route=%2Fwp%2Fv2%2Ftags&post=3239"}],"curies":[{"name":"wp","href":"https:\/\/api.w.org\/{rel}","templated":true}]}}