{"id":3235,"date":"2018-11-29T06:54:51","date_gmt":"2018-11-29T06:54:51","guid":{"rendered":"http:\/\/rafalk-elblag.pl\/?p=3235"},"modified":"2018-11-29T06:54:51","modified_gmt":"2018-11-29T06:54:51","slug":"ogloszenia-parafialne-18-11-2018-r-xxxiii-niedziela-zwykla","status":"publish","type":"post","link":"https:\/\/rafalk-elblag.pl\/?p=3235","title":{"rendered":"OG\u0141OSZENIA PARAFIALNE 18.11.2018 R. \u2013 XXXIII NIEDZIELA ZWYK\u0141A"},"content":{"rendered":"<p><a href=\"http:\/\/rafalk-elblag.pl\/wp-content\/uploads\/2016\/12\/pulpit.jpg\"><img loading=\"lazy\" decoding=\"async\" class=\"alignnone size-large wp-image-2530\" src=\"http:\/\/rafalk-elblag.pl\/wp-content\/uploads\/2016\/12\/pulpit-1024x682.jpg\" alt=\"\" width=\"900\" height=\"599\" srcset=\"https:\/\/rafalk-elblag.pl\/wp-content\/uploads\/2016\/12\/pulpit-1024x682.jpg 1024w, https:\/\/rafalk-elblag.pl\/wp-content\/uploads\/2016\/12\/pulpit-300x200.jpg 300w, https:\/\/rafalk-elblag.pl\/wp-content\/uploads\/2016\/12\/pulpit-768x512.jpg 768w, https:\/\/rafalk-elblag.pl\/wp-content\/uploads\/2016\/12\/pulpit.jpg 1698w\" sizes=\"auto, (max-width: 900px) 100vw, 900px\" \/><\/a><\/p>\n<p>&nbsp;<\/p>\n<p>&nbsp;<\/p>\n<p>1. Dzisiaj w naszym Ko\u015bciele o godz. 19:30 DZI\u0118KCZYNIENIE ZA 25 LAT ISTNIENIA PARAFII. Zapraszamy wszystkich parafian do wsp\u00f3lnej modlitwy dzi\u0119kczynienia i uwielbienia Boga za wszelkie otrzymane \u0142aski.<\/p>\n<p>&nbsp;<br \/>\n2. Jutro b\u0119dziemy obchodzi\u0107 Parafialny Dzie\u0144 Obrony \u017bycia. W tym dniu na Mszy \u015bw. o godz. 18:00 b\u0119dzie mo\u017cliwo\u015b\u0107 podj\u0119cia Duchowej Adopcji Dziecka Pocz\u0119tego, zagro\u017conego aborcj\u0105. Zapraszamy wszystkie osoby, kt\u00f3re podejmowa\u0142y t\u0119 form\u0119 OBRONY \u017bYCIA oraz osoby pragn\u0105ce w\u0142\u0105czy\u0107 si\u0119 w to wielkie dzie\u0142o modlitwy za dzieci zagro\u017cone zabiciem w \u0142onie matki. Przy Biuletynie znajdziemy kartki do wype\u0142nienia w celu podj\u0119cia tego dzie\u0142a.<\/p>\n<p>&nbsp;<br \/>\n3. ZAPRASZAMY NA UROCZYSTO\u015aCI ODPUSTOWE do naszej \u015bwi\u0105tyni 20 listopada (wtorek). Msze \u015bw. w tym dniu o godz.: 8.00, 18.00. Pami\u0119tajmy, \u017ce jest to imieniny naszej parafii. \u015awi\u0119ty Rafa\u0142 Kalinowski zaprasza wszystkich na uczt\u0119. Czy skorzystasz z zaproszenia?<\/p>\n<p>&nbsp;<br \/>\n4. Z okazji 25-lecia powstania naszej parafii &#8211; zespo\u0142y \u201eIL VENTO MUSICALE\u201d Marcina Skotnickiego oraz \u201eDANSERYE\u201d Ryszarda Skotnickiego zaprezentuj\u0105 muzyk\u0119 dawn\u0105 z okresu \u015bredniowiecza, renesansu i baroku. Zapraszamy we wtorek (20 listopada) na godz. 19:00 do Ko\u015bcio\u0142a.<\/p>\n<p>&nbsp;<br \/>\n5. W listopadzie w spos\u00f3b szczeg\u00f3lny pochylamy si\u0119 nad mogi\u0142ami, w kt\u00f3rych spoczywaj\u0105 nasi bliscy. Najg\u0142\u0119bszym wyrazem naszej mi\u0142o\u015bci jest nasza modlitwa za nich. Dlatego zapraszamy do wsp\u00f3lnej modlitwy za zmar\u0142ych codziennie na Mszy \u015bw. Zbiorowej o godz. 18.00, a po niej na Koronk\u0119 do Mi\u0142osierdzia Bo\u017cego, po\u0142\u0105czon\u0105 z Wypominkami. Pami\u0119tajmy: \u201e\u015awi\u0119t\u0105 i zbawienn\u0105 rzecz\u0105 jest modli\u0107 si\u0119 za \u017cywych i zmar\u0142ych.\u201d Czy to ju\u017c uczyni\u0142e\u015b?<\/p>\n<p>&nbsp;<br \/>\n6. Dzieci wraz z rodzicami lub opiekunami zapraszamy na modlitw\u0119 za zmar\u0142ych 21 listopada (\u015broda) na godz. 16.30.<\/p>\n<p>&nbsp;<br \/>\n7. Panu Piotrowi naszemu Organi\u015bcie, Scholce Parafialnej oraz Zespo\u0142owi M\u0142odzie\u017cowemu \u017cycz\u0119, by \u015bw. Cecylia &#8211; patronka muzyki ko\u015bcielnej wyprasza\u0142a wszystkim potrzebne \u0142aski do dalszego pos\u0142ugiwania swym \u015bpiewem i muzyk\u0105 na Bo\u017c\u0105 chwa\u0142\u0119.<\/p>\n<p>&nbsp;<\/p>\n<p>8. W sobot\u0119 24 listopada b\u0119dziemy go\u015bci\u0107 b\u0119dziemy w naszej parafii wolontariuszy ze Wsp\u00f3lnoty Taize, Amerykanina i mieszka\u0144ca Hong-Kongu. W programie spotkania Msza \u015awi\u0119ta i o 19:00 modlitwa \u015bpiewami z Taize po\u0142\u0105czona z adoracj\u0105 krzy\u017ca. Z naszej parafii wybiera si\u0119 grupa na Europejskie Spotkanie M\u0142odych w Madrycie [26 grudnia &#8211; 3 stycznia]. Wszystkich serdecznie zapraszamy na spotkanie z naszymi go\u015b\u0107mi!<\/p>\n<p>&nbsp;<br \/>\n9. Przypominamy, \u017ce najpi\u0119kniejsz\u0105 modlitw\u0105 Ko\u015bcio\u0142a jest Msza \u015bwi\u0119ta, kt\u00f3r\u0105 mo\u017cna zamawia\u0107 za \u017cywych i umar\u0142ych lub ofiarowa\u0107 jako wspania\u0142y chrze\u015bcija\u0144ski prezent z okazji rocznicy \u015blubu, chrztu, urodzin i imienin prosz\u0105c o \u0142aski lub za nie dzi\u0119kuj\u0105c. Mo\u017cna zamawia\u0107 i rezerwowa\u0107 Msze \u015bw. na rok 2019.<\/p>\n<p>&nbsp;<br \/>\n10. Dnia 25 listopada 2018 roku o godzinie 16.00 w ko\u015bciele Bo\u017cego Cia\u0142a w Elbl\u0105gu przy ul. Robotniczej 29 odb\u0119dzie si\u0119 spotkanie panelowe pt. Porozmawiajmy o przemijaniu. W spotkaniu go\u015bcinnie wezm\u0105 udzia\u0142&nbsp; Anna Zalewska &#8211; psycholog elbl\u0105skiego hospicjum, wsp\u00f3\u0142prowadz\u0105ca grup\u0119 wsparcia dla os\u00f3b w \u017ca\u0142obie oraz ks. Artur Radacki &#8211; doktor psychologii, proboszcz ko\u015bcio\u0142a Wszystkich \u015awi\u0119tych w Elbl\u0105gu. Organizatorem wydarzenia jest Wsp\u00f3lnota \u017bycia dzia\u0142aj\u0105ca przy ko\u015bciele Bo\u017cego Cia\u0142a, kt\u00f3ra serdecznie zaprasza na spotkanie.<\/p>\n<p>&nbsp;<\/p>\n<p>&nbsp;<\/p>\n<p>11. Wszystkim, kt\u00f3rzy si\u0119 w\u0142\u0105czyli w przygotowanie UROCZYSTO\u015aCI po\u015bwiecenia naszego Ko\u015bcio\u0142a sk\u0142adam B\u00f3g zap\u0142a\u0107. Niech Pan B\u00f3g Wam wynagrodzi wszelkim b\u0142ogos\u0142awie\u0144stwem.<\/p>\n<p>&nbsp;<br \/>\n12. Przed Ko\u015bcio\u0142em, mamy dzisiaj mo\u017cliwo\u015b\u0107 nabycia JUBILEUSZOWEJ \u015bwiecy, upami\u0119tniaj\u0105cej 25-lecie naszej parafii w cenie 20 z\u0142.<\/p>\n<p>&nbsp;<br \/>\n13. Zach\u0119camy do czytania prasy katolickiej: nowy numer \u201eGo\u015bcia Niedzielnego\u201d w cenie 5 z\u0142. wraz z dodatkiem \u201eGo\u015b\u0107 Elbl\u0105ski\u201d.<\/p>\n<p>&nbsp;<\/p>\n<p>&nbsp;<\/p>\n","protected":false},"excerpt":{"rendered":"<p>&nbsp; &nbsp; 1. Dzisiaj w naszym Ko\u015bciele o godz. 19:30 DZI\u0118KCZYNIENIE ZA 25 LAT ISTNIENIA PARAFII. Zapraszamy wszystkich parafian do wsp\u00f3lnej modlitwy dzi\u0119kczynienia i uwielbienia Boga za wszelkie otrzymane \u0142aski. &nbsp; 2. Jutro b\u0119dziemy obchodzi\u0107 Parafialny Dzie\u0144 Obrony \u017bycia. W tym dniu na Mszy \u015bw. o godz. 18:00 b\u0119dzie mo\u017cliwo\u015b\u0107 podj\u0119cia Duchowej Adopcji Dziecka Pocz\u0119tego, [&hellip;]<\/p>\n","protected":false},"author":1,"featured_media":2530,"comment_status":"closed","ping_status":"closed","sticky":false,"template":"","format":"standard","meta":{"ngg_post_thumbnail":0,"footnotes":""},"categories":[11,8,3],"tags":[],"class_list":["post-3235","post","type-post","status-publish","format-standard","has-post-thumbnail","hentry","category-aktualnosci","category-blog","category-ogloszenia"],"_links":{"self":[{"href":"https:\/\/rafalk-elblag.pl\/index.php?rest_route=\/wp\/v2\/posts\/3235","targetHints":{"allow":["GET"]}}],"collection":[{"href":"https:\/\/rafalk-elblag.pl\/index.php?rest_route=\/wp\/v2\/posts"}],"about":[{"href":"https:\/\/rafalk-elblag.pl\/index.php?rest_route=\/wp\/v2\/types\/post"}],"author":[{"embeddable":true,"href":"https:\/\/rafalk-elblag.pl\/index.php?rest_route=\/wp\/v2\/users\/1"}],"replies":[{"embeddable":true,"href":"https:\/\/rafalk-elblag.pl\/index.php?rest_route=%2Fwp%2Fv2%2Fcomments&post=3235"}],"version-history":[{"count":1,"href":"https:\/\/rafalk-elblag.pl\/index.php?rest_route=\/wp\/v2\/posts\/3235\/revisions"}],"predecessor-version":[{"id":3236,"href":"https:\/\/rafalk-elblag.pl\/index.php?rest_route=\/wp\/v2\/posts\/3235\/revisions\/3236"}],"wp:featuredmedia":[{"embeddable":true,"href":"https:\/\/rafalk-elblag.pl\/index.php?rest_route=\/wp\/v2\/media\/2530"}],"wp:attachment":[{"href":"https:\/\/rafalk-elblag.pl\/index.php?rest_route=%2Fwp%2Fv2%2Fmedia&parent=3235"}],"wp:term":[{"taxonomy":"category","embeddable":true,"href":"https:\/\/rafalk-elblag.pl\/index.php?rest_route=%2Fwp%2Fv2%2Fcategories&post=3235"},{"taxonomy":"post_tag","embeddable":true,"href":"https:\/\/rafalk-elblag.pl\/index.php?rest_route=%2Fwp%2Fv2%2Ftags&post=3235"}],"curies":[{"name":"wp","href":"https:\/\/api.w.org\/{rel}","templated":true}]}}