{"id":3233,"date":"2018-11-29T06:50:27","date_gmt":"2018-11-29T06:50:27","guid":{"rendered":"http:\/\/rafalk-elblag.pl\/?p=3233"},"modified":"2018-11-29T06:50:27","modified_gmt":"2018-11-29T06:50:27","slug":"intencje-mszalne-na-xxxiii-tydzien-zwykly-19-25-11-2018-r","status":"publish","type":"post","link":"https:\/\/rafalk-elblag.pl\/?p=3233","title":{"rendered":"INTENCJE MSZALNE NA XXXIII TYDZIE\u0143 ZWYK\u0141Y (19 \u2013 25. 11. 2018 R.)"},"content":{"rendered":"<p><a href=\"http:\/\/rafalk-elblag.pl\/wp-content\/uploads\/2016\/12\/shutterstock_49643152-1000.jpg\"><img loading=\"lazy\" decoding=\"async\" class=\"alignnone size-full wp-image-2526\" src=\"http:\/\/rafalk-elblag.pl\/wp-content\/uploads\/2016\/12\/shutterstock_49643152-1000.jpg\" alt=\"\" width=\"1000\" height=\"665\" srcset=\"https:\/\/rafalk-elblag.pl\/wp-content\/uploads\/2016\/12\/shutterstock_49643152-1000.jpg 1000w, https:\/\/rafalk-elblag.pl\/wp-content\/uploads\/2016\/12\/shutterstock_49643152-1000-300x200.jpg 300w, https:\/\/rafalk-elblag.pl\/wp-content\/uploads\/2016\/12\/shutterstock_49643152-1000-768x511.jpg 768w\" sizes=\"auto, (max-width: 1000px) 100vw, 1000px\" \/><\/a><\/p>\n<p>&nbsp;<\/p>\n<p>&nbsp;<\/p>\n<p>&nbsp;<\/p>\n<table>\n<tbody>\n<tr>\n<td colspan=\"2\"><b>19 listopada &nbsp;&nbsp;PONIEDZIA\u0141EK <\/b><\/td>\n<td>\n<p style=\"text-align: right;\"><b>\u0141k 18, 35-43<\/b><\/p>\n<\/td>\n<\/tr>\n<tr>\n<td><span style=\"font-weight: 400;\">8:00<\/span><\/td>\n<td colspan=\"2\"><span style=\"font-weight: 400;\">\u015ap. Nestor, Katarzyna, Miko\u0142aj, Ewa Baranik, Teodor i Katarzyna Ru\u015bniak<\/span><\/td>\n<\/tr>\n<tr>\n<td><span style=\"font-weight: 400;\">18:00<\/span><\/td>\n<td colspan=\"2\"><span style=\"font-weight: 400;\">\u015ap. Jolanta Ko\u015bci\u0144ska (2 rocz. \u015bm), Anna Rzepka (1 rocz. \u015bm)<\/span><\/td>\n<\/tr>\n<tr>\n<td><span style=\"font-weight: 400;\">18:00<\/span><\/td>\n<td colspan=\"2\"><span style=\"font-weight: 400;\">Msza \u015bw. zbiorowa za zmar\u0142ych (19)<\/span><\/td>\n<\/tr>\n<\/tbody>\n<\/table>\n<p>&nbsp;<\/p>\n<p>&nbsp;<\/p>\n<p>&nbsp;<\/p>\n<table>\n<tbody>\n<tr>\n<td colspan=\"2\"><b>20 &nbsp;listopada &nbsp;&nbsp;&nbsp;WTOREK <\/b><\/p>\n<p><span style=\"font-weight: 400;\">Wspomnienie \u015bw. Rafa\u0142a Kalinowskiego, prezbitera &#8211; ODPUST PARAFIALNY<\/span><\/td>\n<td>\n<p style=\"text-align: right;\"><b>\u0141k 19, 1-10<\/b><\/p>\n<\/td>\n<\/tr>\n<tr>\n<td><span style=\"font-weight: 400;\">8:00<\/span><\/td>\n<td colspan=\"2\"><span style=\"font-weight: 400;\">O Bo\u017ce prowadzenie i b\u0142ogos\u0142awie\u0144stwo w \u017cyciu kap\u0142a\u0144skim, potrzebne \u0142aski, dary Ducha \u015bw i opiek\u0119 Matki Bo\u017cej dla Ksi\u0119dza Adama Skrzy\u0144skiego &#8211; intencja od margaretki<\/span><\/td>\n<\/tr>\n<tr>\n<td><span style=\"font-weight: 400;\">18:00<\/span><\/td>\n<td colspan=\"2\"><span style=\"font-weight: 400;\">Za parafian<\/span><\/td>\n<\/tr>\n<tr>\n<td><span style=\"font-weight: 400;\">18:00<\/span><\/td>\n<td colspan=\"2\"><span style=\"font-weight: 400;\">Msza \u015bw. zbiorowa za zmar\u0142ych (20)<\/span><\/td>\n<\/tr>\n<\/tbody>\n<\/table>\n<p>&nbsp;<\/p>\n<p>&nbsp;<\/p>\n<p>&nbsp;<\/p>\n<table>\n<tbody>\n<tr>\n<td colspan=\"2\"><b>21 &nbsp;listopada &nbsp;&nbsp;\u015aRODA<\/b><\/p>\n<p><span style=\"font-weight: 400;\">Wspomnienie Ofiarowania Naj\u015bwi\u0119tszej Maryi Panny<\/span><\/td>\n<td>\n<p style=\"text-align: right;\"><b>\u0141k 19, 11-28<\/b><\/p>\n<\/td>\n<\/tr>\n<tr>\n<td><span style=\"font-weight: 400;\">8:00<\/span><\/td>\n<td colspan=\"2\"><span style=\"font-weight: 400;\">\u015ap. Tadeusz Cie\u015bli\u0144ski (23 rocz. \u015bm), Krystyna, J\u00f3zef, Stanis\u0142awa z rodziny Cie\u015bli\u0144skich<\/span><\/td>\n<\/tr>\n<tr>\n<td><span style=\"font-weight: 400;\">17:30<\/span><\/td>\n<td colspan=\"2\"><i><span style=\"font-weight: 400;\">Nabo\u017ce\u0144stwo ku czci Matki Bo\u017cej Nieustaj\u0105cej Pomocy<\/span><\/i><\/td>\n<\/tr>\n<tr>\n<td><span style=\"font-weight: 400;\">18:00<\/span><\/td>\n<td colspan=\"2\"><span style=\"font-weight: 400;\">Msza \u015bw. zbiorowa za zmar\u0142ych (21)<\/span><\/td>\n<\/tr>\n<tr>\n<td><span style=\"font-weight: 400;\">18:00<\/span><\/td>\n<td colspan=\"2\"><span style=\"font-weight: 400;\">\u015ap Edmund Szcz\u0119\u015bniak i zmar\u0142ych rodzic\u00f3w<\/span><\/td>\n<\/tr>\n<\/tbody>\n<\/table>\n<p>&nbsp;<\/p>\n<p>&nbsp;<\/p>\n<p>&nbsp;<\/p>\n<table>\n<tbody>\n<tr>\n<td colspan=\"2\"><b>22 &nbsp;listopada &nbsp;&nbsp;&nbsp;CZWARTEK <\/b><\/p>\n<p><span style=\"font-weight: 400;\">Wspomnienie \u015bw. Cecylii, dziewicy i m\u0119czennicy<\/span><\/td>\n<td>\n<p style=\"text-align: right;\"><b>\u0141k 19, 41-44<\/b><\/p>\n<\/td>\n<\/tr>\n<tr>\n<td><span style=\"font-weight: 400;\">8:00<\/span><\/td>\n<td colspan=\"2\"><span style=\"font-weight: 400;\">Za Karolin\u0119 w dniu imienin &#8211; z pro\u015bb\u0105 o wiar\u0119, nadziej\u0119 i mi\u0142o\u015b\u0107<\/span><\/td>\n<\/tr>\n<tr>\n<td><span style=\"font-weight: 400;\">18:00<\/span><\/td>\n<td colspan=\"2\"><span style=\"font-weight: 400;\">Msza \u015bw. zbiorowa za zmar\u0142ych (22)<\/span><\/td>\n<\/tr>\n<tr>\n<td><span style=\"font-weight: 400;\">18:00<\/span><\/td>\n<td colspan=\"2\"><span style=\"font-weight: 400;\">\u015ap. Cecylia i J\u00f3zef Chmiel<\/span><\/td>\n<\/tr>\n<\/tbody>\n<\/table>\n<p>&nbsp;<\/p>\n<p>&nbsp;<\/p>\n<p>&nbsp;<\/p>\n<table>\n<tbody>\n<tr>\n<td colspan=\"2\"><b>23 &nbsp;listopada &nbsp;&nbsp;PI\u0104TEK <\/b><\/td>\n<td>\n<p style=\"text-align: right;\"><b>\u0141k 19, 45-48<\/b><\/p>\n<\/td>\n<\/tr>\n<tr>\n<td><span style=\"font-weight: 400;\">8:00<\/span><\/td>\n<td colspan=\"2\"><span style=\"font-weight: 400;\">\u015ap. Edmund Go\u0142y\u0144ski (14 rocz. \u015bm), rodzic\u00f3w i rodze\u0144stwo z obojga stron<\/span><\/td>\n<\/tr>\n<tr>\n<td><span style=\"font-weight: 400;\">18:00<\/span><\/td>\n<td colspan=\"2\"><span style=\"font-weight: 400;\">Msza \u015bw. zbiorowa za zmar\u0142ych (23)<\/span><\/td>\n<\/tr>\n<tr>\n<td><span style=\"font-weight: 400;\">18:00<\/span><\/td>\n<td colspan=\"2\"><span style=\"font-weight: 400;\">\u015ap.Stefan \u015awider (2 rocz. \u015bm)<\/span><\/td>\n<\/tr>\n<\/tbody>\n<\/table>\n<p>&nbsp;<\/p>\n<p>&nbsp;<\/p>\n<p>&nbsp;<\/p>\n<table>\n<tbody>\n<tr>\n<td colspan=\"2\"><b>24 listopada SOBOTA<\/b><\/p>\n<p><span style=\"font-weight: 400;\">Wspomnienie \u015bwi\u0119tych m\u0119czennik\u00f3w Andrzeja Dung-Lac, prezbitera, i Towarzyszy<\/span><\/td>\n<td>\n<p style=\"text-align: right;\"><b>\u0141k 20, 27-40<\/b><\/p>\n<\/td>\n<\/tr>\n<tr>\n<td><span style=\"font-weight: 400;\">8:00<\/span><\/td>\n<td colspan=\"2\"><span style=\"font-weight: 400;\">\u015ap. Marian Segeda (30 dz. p.p.)<\/span><\/td>\n<\/tr>\n<tr>\n<td><span style=\"font-weight: 400;\">18:00<\/span><\/td>\n<td colspan=\"2\"><span style=\"font-weight: 400;\">\u015ap. Kazimierz Kaczor (6 rocz. \u015bm)<\/span><\/td>\n<\/tr>\n<tr>\n<td><span style=\"font-weight: 400;\">18:00<\/span><\/td>\n<td colspan=\"2\"><span style=\"font-weight: 400;\">Msza \u015bw. zbiorowa za zmar\u0142ych (24)<\/span><\/td>\n<\/tr>\n<\/tbody>\n<\/table>\n<p>&nbsp;<\/p>\n<p>&nbsp;<\/p>\n<p>&nbsp;<\/p>\n<table>\n<tbody>\n<tr>\n<td colspan=\"2\"><b>25 listopada &nbsp;XXXIV NIEDZIELA ZWYK\u0141A &#8211; CHRYSTUSA KR\u00d3LA WSZECH\u015aWIATA &#8211; NIEDZIELA KO\u0143CZ\u0104CA ROK LITURGICZNY W KO\u015aCIELE<\/b><\/td>\n<td><b>J 18, 33b-37<\/b><\/td>\n<\/tr>\n<tr>\n<td><span style=\"font-weight: 400;\">7:00<\/span><\/td>\n<td colspan=\"2\"><span style=\"font-weight: 400;\">\u015ap. Zmar\u0142ych z rodziny Dziekan<\/span><\/td>\n<\/tr>\n<tr>\n<td><span style=\"font-weight: 400;\">9:00<\/span><\/td>\n<td colspan=\"2\"><span style=\"font-weight: 400;\">Dzi\u0119kczynna w 30 rocznic\u0119 \u015blubu: Danuty i Mariana Piwnikiewicz, z pro\u015bb\u0105 o Bo\u017ce b\u0142ogos\u0142, potrzebne \u0142aski dla Jubilat\u00f3w<\/span><\/td>\n<\/tr>\n<tr>\n<td><span style=\"font-weight: 400;\">9:00<\/span><\/td>\n<td colspan=\"2\"><span style=\"font-weight: 400;\">\u015ap. Janina (5 rocz. \u015bm) i Czes\u0142aw (16 rocz. \u015bm) Moryc<\/span><\/td>\n<\/tr>\n<tr>\n<td><span style=\"font-weight: 400;\">10:30<\/span><\/td>\n<td colspan=\"2\"><span style=\"font-weight: 400;\">\u015ap. Artur Kowalski (16 rocz. \u015bm)<\/span><\/td>\n<\/tr>\n<tr>\n<td><b>12:00<\/b><\/td>\n<td colspan=\"2\"><b>Za parafian<\/b><\/td>\n<\/tr>\n<tr>\n<td><span style=\"font-weight: 400;\">15:00<\/span><\/td>\n<td colspan=\"2\"><span style=\"font-weight: 400;\">\u015ap. Helena (24 rocz. \u015bm), Wincenty (31 rocz. \u015bm) z rodziny Wi\u015bniewskich<\/span><\/td>\n<\/tr>\n<tr>\n<td><span style=\"font-weight: 400;\">18:00<\/span><\/td>\n<td colspan=\"2\"><span style=\"font-weight: 400;\">Msza \u015bw. zbiorowa za zmar\u0142ych (25)<\/span><\/td>\n<\/tr>\n<\/tbody>\n<\/table>\n<p>&nbsp;<\/p>\n<p>&nbsp;<\/p>\n<p>&nbsp;<\/p>\n<p>&nbsp;<\/p>\n","protected":false},"excerpt":{"rendered":"<p>&nbsp; &nbsp; &nbsp; 19 listopada &nbsp;&nbsp;PONIEDZIA\u0141EK \u0141k 18, 35-43 8:00 \u015ap. Nestor, Katarzyna, Miko\u0142aj, Ewa Baranik, Teodor i Katarzyna Ru\u015bniak 18:00 \u015ap. Jolanta Ko\u015bci\u0144ska (2 rocz. \u015bm), Anna Rzepka (1 rocz. \u015bm) 18:00 Msza \u015bw. zbiorowa za zmar\u0142ych (19) &nbsp; &nbsp; &nbsp; 20 &nbsp;listopada &nbsp;&nbsp;&nbsp;WTOREK Wspomnienie \u015bw. Rafa\u0142a Kalinowskiego, prezbitera &#8211; ODPUST PARAFIALNY \u0141k 19, [&hellip;]<\/p>\n","protected":false},"author":1,"featured_media":2526,"comment_status":"closed","ping_status":"closed","sticky":false,"template":"","format":"standard","meta":{"ngg_post_thumbnail":0,"footnotes":""},"categories":[11,8,4],"tags":[],"class_list":["post-3233","post","type-post","status-publish","format-standard","has-post-thumbnail","hentry","category-aktualnosci","category-blog","category-intencje"],"_links":{"self":[{"href":"https:\/\/rafalk-elblag.pl\/index.php?rest_route=\/wp\/v2\/posts\/3233","targetHints":{"allow":["GET"]}}],"collection":[{"href":"https:\/\/rafalk-elblag.pl\/index.php?rest_route=\/wp\/v2\/posts"}],"about":[{"href":"https:\/\/rafalk-elblag.pl\/index.php?rest_route=\/wp\/v2\/types\/post"}],"author":[{"embeddable":true,"href":"https:\/\/rafalk-elblag.pl\/index.php?rest_route=\/wp\/v2\/users\/1"}],"replies":[{"embeddable":true,"href":"https:\/\/rafalk-elblag.pl\/index.php?rest_route=%2Fwp%2Fv2%2Fcomments&post=3233"}],"version-history":[{"count":1,"href":"https:\/\/rafalk-elblag.pl\/index.php?rest_route=\/wp\/v2\/posts\/3233\/revisions"}],"predecessor-version":[{"id":3234,"href":"https:\/\/rafalk-elblag.pl\/index.php?rest_route=\/wp\/v2\/posts\/3233\/revisions\/3234"}],"wp:featuredmedia":[{"embeddable":true,"href":"https:\/\/rafalk-elblag.pl\/index.php?rest_route=\/wp\/v2\/media\/2526"}],"wp:attachment":[{"href":"https:\/\/rafalk-elblag.pl\/index.php?rest_route=%2Fwp%2Fv2%2Fmedia&parent=3233"}],"wp:term":[{"taxonomy":"category","embeddable":true,"href":"https:\/\/rafalk-elblag.pl\/index.php?rest_route=%2Fwp%2Fv2%2Fcategories&post=3233"},{"taxonomy":"post_tag","embeddable":true,"href":"https:\/\/rafalk-elblag.pl\/index.php?rest_route=%2Fwp%2Fv2%2Ftags&post=3233"}],"curies":[{"name":"wp","href":"https:\/\/api.w.org\/{rel}","templated":true}]}}