{"id":3227,"date":"2018-11-10T14:13:20","date_gmt":"2018-11-10T14:13:20","guid":{"rendered":"http:\/\/rafalk-elblag.pl\/?p=3227"},"modified":"2018-11-30T14:23:26","modified_gmt":"2018-11-30T14:23:26","slug":"listopad-czas-modlitwy-za-zmarlych","status":"publish","type":"post","link":"https:\/\/rafalk-elblag.pl\/?p=3227","title":{"rendered":"Listopad &#8211; czas modlitwy za zmar\u0142ych"},"content":{"rendered":"<p><a href=\"http:\/\/rafalk-elblag.pl\/wp-content\/uploads\/2014\/10\/slide02.jpg\"><img loading=\"lazy\" decoding=\"async\" class=\"alignnone size-large wp-image-1033\" src=\"http:\/\/rafalk-elblag.pl\/wp-content\/uploads\/2014\/10\/slide02-1024x576.jpg\" alt=\"\" width=\"900\" height=\"506\" srcset=\"https:\/\/rafalk-elblag.pl\/wp-content\/uploads\/2014\/10\/slide02-1024x576.jpg 1024w, https:\/\/rafalk-elblag.pl\/wp-content\/uploads\/2014\/10\/slide02-300x168.jpg 300w, https:\/\/rafalk-elblag.pl\/wp-content\/uploads\/2014\/10\/slide02.jpg 1600w\" sizes=\"auto, (max-width: 900px) 100vw, 900px\" \/><\/a><\/p>\n<p>&nbsp;<\/p>\n<p><span style=\"color: #993366;\"><em><strong>Przez ca\u0142y miesi\u0105c listopad modlimy si\u0119 za zmar\u0142ych, polecaj\u0105c szczeg\u00f3lnie naszych bliskich podczas nabo\u017ce\u0144stw:<\/strong><\/em><\/span><\/p>\n<p>&nbsp;<\/p>\n<p><strong><span style=\"color: #800080;\">1. Mszy \u015awi\u0119tej zbiorowej za zmar\u0142ych<\/span><\/strong> &#8211; sprawowanej <strong>ka\u017cdego dnia o godz. 18:00<\/strong>. Na pocz\u0105tku tej Eucharystii odczytywane s\u0105 imiona i nazwiska naszych bliskich.<\/p>\n<p>&nbsp;<\/p>\n<p><span style=\"color: #800080;\"><strong>2. Nabo\u017ce\u0144stwa wypominkowego<\/strong><\/span> &#8211; ka\u017cdego dnia po zako\u0144czonej Mszy \u015awi\u0119tej wieczorowej <strong>ok. godz. 18:45<\/strong> zapraszamy na Koronk\u0119 do Bo\u017cego Mi\u0142osierdzia po\u0142\u0105czon\u0105 z modlitw\u0105 za naszych bliskich zmar\u0142ych.<\/p>\n<p>&nbsp;<\/p>\n<hr>\n<p><strong>Do ko\u0144ca miesi\u0105ca mo\u017cna przynosi\u0107 do zakrystii lub wrzuca\u0107 na tac\u0119 karty wypominkowe. Prosimy o czytelne zapisanie imion i nazwisk os\u00f3b, za kt\u00f3re mamy si\u0119 modli\u0107, a tak\u017ce wskaza\u0107 konkretny dzie\u0144, w kt\u00f3rym bliskie nam osoby maj\u0105 zosta\u0107 wyczytane w czasie Mszy \u015awi\u0119tej lub nabo\u017ce\u0144stwa wypominkowego.<\/strong><\/p>\n<p>&nbsp;<\/p>\n<p>&nbsp;<\/p>\n","protected":false},"excerpt":{"rendered":"<p>&nbsp; Przez ca\u0142y miesi\u0105c listopad modlimy si\u0119 za zmar\u0142ych, polecaj\u0105c szczeg\u00f3lnie naszych bliskich podczas nabo\u017ce\u0144stw: &nbsp; 1. Mszy \u015awi\u0119tej zbiorowej za zmar\u0142ych &#8211; sprawowanej ka\u017cdego dnia o godz. 18:00. Na pocz\u0105tku tej Eucharystii odczytywane s\u0105 imiona i nazwiska naszych bliskich. &nbsp; 2. Nabo\u017ce\u0144stwa wypominkowego &#8211; ka\u017cdego dnia po zako\u0144czonej Mszy \u015awi\u0119tej wieczorowej ok. godz. 18:45 [&hellip;]<\/p>\n","protected":false},"author":1,"featured_media":1033,"comment_status":"closed","ping_status":"closed","sticky":false,"template":"","format":"standard","meta":{"ngg_post_thumbnail":0,"footnotes":""},"categories":[1],"tags":[],"class_list":["post-3227","post","type-post","status-publish","format-standard","has-post-thumbnail","hentry","category-uncategorized"],"_links":{"self":[{"href":"https:\/\/rafalk-elblag.pl\/index.php?rest_route=\/wp\/v2\/posts\/3227","targetHints":{"allow":["GET"]}}],"collection":[{"href":"https:\/\/rafalk-elblag.pl\/index.php?rest_route=\/wp\/v2\/posts"}],"about":[{"href":"https:\/\/rafalk-elblag.pl\/index.php?rest_route=\/wp\/v2\/types\/post"}],"author":[{"embeddable":true,"href":"https:\/\/rafalk-elblag.pl\/index.php?rest_route=\/wp\/v2\/users\/1"}],"replies":[{"embeddable":true,"href":"https:\/\/rafalk-elblag.pl\/index.php?rest_route=%2Fwp%2Fv2%2Fcomments&post=3227"}],"version-history":[{"count":1,"href":"https:\/\/rafalk-elblag.pl\/index.php?rest_route=\/wp\/v2\/posts\/3227\/revisions"}],"predecessor-version":[{"id":3228,"href":"https:\/\/rafalk-elblag.pl\/index.php?rest_route=\/wp\/v2\/posts\/3227\/revisions\/3228"}],"wp:featuredmedia":[{"embeddable":true,"href":"https:\/\/rafalk-elblag.pl\/index.php?rest_route=\/wp\/v2\/media\/1033"}],"wp:attachment":[{"href":"https:\/\/rafalk-elblag.pl\/index.php?rest_route=%2Fwp%2Fv2%2Fmedia&parent=3227"}],"wp:term":[{"taxonomy":"category","embeddable":true,"href":"https:\/\/rafalk-elblag.pl\/index.php?rest_route=%2Fwp%2Fv2%2Fcategories&post=3227"},{"taxonomy":"post_tag","embeddable":true,"href":"https:\/\/rafalk-elblag.pl\/index.php?rest_route=%2Fwp%2Fv2%2Ftags&post=3227"}],"curies":[{"name":"wp","href":"https:\/\/api.w.org\/{rel}","templated":true}]}}