{"id":3225,"date":"2018-11-10T14:05:36","date_gmt":"2018-11-10T14:05:36","guid":{"rendered":"http:\/\/rafalk-elblag.pl\/?p=3225"},"modified":"2018-11-10T14:05:36","modified_gmt":"2018-11-10T14:05:36","slug":"ogloszenia-parafialne-11-11-2018-r-xxxii-niedziela-zwykla","status":"publish","type":"post","link":"https:\/\/rafalk-elblag.pl\/?p=3225","title":{"rendered":"OG\u0141OSZENIA PARAFIALNE 11.11.2018 R. \u2013 XXXII NIEDZIELA ZWYK\u0141A"},"content":{"rendered":"<p><a href=\"http:\/\/rafalk-elblag.pl\/wp-content\/uploads\/2016\/12\/pulpit.jpg\"><img loading=\"lazy\" decoding=\"async\" class=\"alignnone size-large wp-image-2530\" src=\"http:\/\/rafalk-elblag.pl\/wp-content\/uploads\/2016\/12\/pulpit-1024x682.jpg\" alt=\"\" width=\"900\" height=\"599\" srcset=\"https:\/\/rafalk-elblag.pl\/wp-content\/uploads\/2016\/12\/pulpit-1024x682.jpg 1024w, https:\/\/rafalk-elblag.pl\/wp-content\/uploads\/2016\/12\/pulpit-300x200.jpg 300w, https:\/\/rafalk-elblag.pl\/wp-content\/uploads\/2016\/12\/pulpit-768x512.jpg 768w, https:\/\/rafalk-elblag.pl\/wp-content\/uploads\/2016\/12\/pulpit.jpg 1698w\" sizes=\"auto, (max-width: 900px) 100vw, 900px\" \/><\/a><\/p>\n<p>&nbsp;<\/p>\n<p>1. UWAGA!!!! Wyj\u0105tkowo w tym tygodniu WYPOMINKI za zmar\u0142ych o godz. 17:45. Zapraszamy do wsp\u00f3lnej modlitwy.<br \/>\n2. Dzisiaj na Mszy \u015bw. o godz. 7:00 zosta\u0142y po\u015bwi\u0119cone op\u0142atki na st\u00f3\u0142 wigilijny, kt\u00f3re b\u0119d\u0105 w roznoszone wraz z LISTEM JUBILEUSZOWYM przez upowa\u017cnione osoby z naszej parafii.<br \/>\n3. W listopadzie w spos\u00f3b szczeg\u00f3lny pochylamy si\u0119 nad mogi\u0142ami, w kt\u00f3rych spoczywaj\u0105 nasi bliscy. Najg\u0142\u0119bszym wyrazem naszej mi\u0142o\u015bci jest nasza modlitwa za nich. Dlatego zapraszamy do wsp\u00f3lnej modlitwy za zmar\u0142ych codziennie na Mszy \u015bw. Zbiorowej o godz. 18:00.<br \/>\n4. ARKA RODZIN zaprasza dzisiaj po Mszy \u015awi\u0119tej o godz. 10:30 na plebani\u0119. Jest to spotkanie przeznaczone dla rodzin z dzie\u0107mi, w trakcie kt\u00f3rego prowadzone s\u0105 rodzinne gry planszowe, modlitwa i integracja.<br \/>\n5. Zapraszamy na spotkanie KR\u0118GU BIBLIJNEGO &#8211; 14 LISTOPADA (\u015aRODA) O GODZINIE 19.00 na plebanii.<br \/>\n6. Dzisiaj na Mszy \u015bw. o godz. 12:00, w 100 rocznic\u0119 odzyskania przez Polsk\u0119 Niepodleg\u0142o\u015bci, dzi\u0119kowa\u0107 b\u0119dziemy za dar wolno\u015bci i prosi\u0107 o m\u0105dro\u015b\u0107, dary Ducha \u015awi\u0119tego dla wszystkich odpowiedzialnych za losy Polskiego Narodu.<br \/>\n7. Od jutra po ka\u017cdej Mszy \u015bw. wieczorowej przed ko\u015bcio\u0142em, b\u0119dzie mo\u017cliwo\u015b\u0107 nabycia wyj\u0105tkowej \u015bwiecy, upami\u0119tniaj\u0105cej 25-lecie naszej parafii w cenie 20 z\u0142.<br \/>\n8. W tym tygodniu rozpoczynamy bezpo\u015brednie przygotowania obchod\u00f3w 25-lecia Parafii oraz po\u015bwiecenia (konsekracji) naszej \u015bwi\u0105tyni. Zapraszamy do udzia\u0142u w przygotowaniach poprzez udzia\u0142 w nast\u0119puj\u0105cych wydarzeniach:<br \/>\n\uf0d8 12.11.2018r., poniedzia\u0142ek godz. 18:00 \u2013 Msza \u015bw. z modlitw\u0105 o uzdrowienie. Poprowadzi j\u0105 Zesp\u00f3\u0142 Koordynator\u00f3w Odnowy w Duchu \u015awi\u0119tym Diecezji Elbl\u0105skiej. Po Mszy \u015awi\u0119tej Adoracja Naj\u015bwi\u0119tszego Sakramentu, modlitwa uwielbienia.<br \/>\n\uf0d8 14.11.2018r., \u015broda godz. 18:00 Msza \u015bw. a po czuwanie prowadzone przez m\u0142odzie\u017c naszej Parafii z ks. Marcinem<br \/>\n\uf0d8 15.11.2018r., czwartek godz. 18:00 \u2013 Msza \u015bw., a po Adoracja Naj\u015bwi\u0119tszego Sakramentu za kap\u0142an\u00f3w, kt\u00f3rzy pracowali duszpastersko w parafii w minionych latach i pos\u0142uguj\u0105 obecnie. Nabo\u017ce\u0144stwo poprowadzi ks. \u0141ukasz.<br \/>\n\uf0d8 16.11.2018r., pi\u0105tek godz. 18.00 \u2013 Msza \u015bw., spotkanie Rodziny Karmelita\u0144skiej i Bractwa Szkaplerznego. W tym dniu b\u0119dziemy dzi\u0119kowa\u0107 za powstanie naszej parafii p.w. \u015bw. Rafa\u0142a Kalinowskiego, erygowanej 16 listopada 1993 roku przez \u015bp. ks. Biskupa Andrzeja \u015aliwi\u0144skiego \u2013 Pierwszego Biskupa Elbl\u0105skiego.<br \/>\n\uf0d8 17.11.2018r., sobota godz. 12:00 UROCZYSTA MSZA \u015aWI\u0118TA I PO\u015aWIECENIE KO\u015aCIO\u0141A. ZAPRASZAMY WSZYSTKICH PARAFIAN I GO\u015aCI.<br \/>\n9. Od 11 do 19 listopada w naszej parafii b\u0119dzie trwa\u0142a Nowenna do \u015bw. Rafa\u0142a Kalinowskiego, przygotowuj\u0105ca nas duchowo do Odpustu Parafialnego. Nowenn\u0119 b\u0119dziemy odmawia\u0107 na zako\u0144czenie Mszy \u015bw. Zapraszamy do tej wsp\u00f3lnej modlitwy.<br \/>\n10. W przysz\u0142\u0105 Niedziel\u0119 tj. 18 listopada o godz. 18.00 zostanie odprawiona Msza \u015bw. z nauk\u0105 dla m\u0142odzie\u017cy. W tym dniu przypada wspomnienie b\u0142. Karoliny K\u00f3zk\u00f3wny patronki Ruchu Czystych Serc i Katolickiego Stowarzyszenia M\u0142odzie\u017cy.<br \/>\n11. Za tydzie\u0144 tj. 18 listopada br. o godz. 19:30 zapraszamy wszystkich parafian do wsp\u00f3lnego DZI\u0118KCZYNIENIA ZA 25 LAT ISTNIENIA PARAFII.<br \/>\n12. Parafialny Dzie\u0144 Obrony \u017bycia obchodzi\u0107 b\u0119dziemy 19 listopada br. (poniedzia\u0142ek). W tym dniu na Mszy \u015bw. o godz. 18:00 b\u0119dzie mo\u017cliwo\u015b\u0107 podj\u0119cia Duchowej Adopcji Dziecka Pocz\u0119tego, zagro\u017conego aborcj\u0105. Zapraszamy wszystkie osoby, kt\u00f3re podejmowa\u0142y t\u0119 form\u0119 OBRONY \u017bYCIA oraz osoby pragn\u0105ce w\u0142\u0105czy\u0107 si\u0119 w to wielkie dzie\u0142o modlitwy za dzieci zagro\u017cone zabiciem.<br \/>\n13. Zach\u0119camy do czytania prasy katolickiej: nowy numer \u201eGo\u015bcia Niedzielnego\u201d w cenie 5 z\u0142. wraz z dodatkiem \u201eGo\u015b\u0107 Elbl\u0105ski\u201d.<\/p>\n<p>&nbsp;<\/p>\n<p>&nbsp;<\/p>\n","protected":false},"excerpt":{"rendered":"<p>&nbsp; 1. UWAGA!!!! Wyj\u0105tkowo w tym tygodniu WYPOMINKI za zmar\u0142ych o godz. 17:45. Zapraszamy do wsp\u00f3lnej modlitwy. 2. Dzisiaj na Mszy \u015bw. o godz. 7:00 zosta\u0142y po\u015bwi\u0119cone op\u0142atki na st\u00f3\u0142 wigilijny, kt\u00f3re b\u0119d\u0105 w roznoszone wraz z LISTEM JUBILEUSZOWYM przez upowa\u017cnione osoby z naszej parafii. 3. W listopadzie w spos\u00f3b szczeg\u00f3lny pochylamy si\u0119 nad mogi\u0142ami, [&hellip;]<\/p>\n","protected":false},"author":1,"featured_media":2530,"comment_status":"closed","ping_status":"closed","sticky":false,"template":"","format":"standard","meta":{"ngg_post_thumbnail":0,"footnotes":""},"categories":[11,8,3],"tags":[],"class_list":["post-3225","post","type-post","status-publish","format-standard","has-post-thumbnail","hentry","category-aktualnosci","category-blog","category-ogloszenia"],"_links":{"self":[{"href":"https:\/\/rafalk-elblag.pl\/index.php?rest_route=\/wp\/v2\/posts\/3225","targetHints":{"allow":["GET"]}}],"collection":[{"href":"https:\/\/rafalk-elblag.pl\/index.php?rest_route=\/wp\/v2\/posts"}],"about":[{"href":"https:\/\/rafalk-elblag.pl\/index.php?rest_route=\/wp\/v2\/types\/post"}],"author":[{"embeddable":true,"href":"https:\/\/rafalk-elblag.pl\/index.php?rest_route=\/wp\/v2\/users\/1"}],"replies":[{"embeddable":true,"href":"https:\/\/rafalk-elblag.pl\/index.php?rest_route=%2Fwp%2Fv2%2Fcomments&post=3225"}],"version-history":[{"count":1,"href":"https:\/\/rafalk-elblag.pl\/index.php?rest_route=\/wp\/v2\/posts\/3225\/revisions"}],"predecessor-version":[{"id":3226,"href":"https:\/\/rafalk-elblag.pl\/index.php?rest_route=\/wp\/v2\/posts\/3225\/revisions\/3226"}],"wp:featuredmedia":[{"embeddable":true,"href":"https:\/\/rafalk-elblag.pl\/index.php?rest_route=\/wp\/v2\/media\/2530"}],"wp:attachment":[{"href":"https:\/\/rafalk-elblag.pl\/index.php?rest_route=%2Fwp%2Fv2%2Fmedia&parent=3225"}],"wp:term":[{"taxonomy":"category","embeddable":true,"href":"https:\/\/rafalk-elblag.pl\/index.php?rest_route=%2Fwp%2Fv2%2Fcategories&post=3225"},{"taxonomy":"post_tag","embeddable":true,"href":"https:\/\/rafalk-elblag.pl\/index.php?rest_route=%2Fwp%2Fv2%2Ftags&post=3225"}],"curies":[{"name":"wp","href":"https:\/\/api.w.org\/{rel}","templated":true}]}}