{"id":3222,"date":"2018-11-10T14:00:24","date_gmt":"2018-11-10T14:00:24","guid":{"rendered":"http:\/\/rafalk-elblag.pl\/?p=3222"},"modified":"2018-11-10T14:01:23","modified_gmt":"2018-11-10T14:01:23","slug":"intencje-mszalne-na-xxxii-tydzien-zwykly-12-18-10-2018-r","status":"publish","type":"post","link":"https:\/\/rafalk-elblag.pl\/?p=3222","title":{"rendered":"INTENCJE MSZALNE NA XXXII TYDZIE\u0143 ZWYK\u0141Y (12 \u2013 18. 11. 2018 R.)"},"content":{"rendered":"<p><a href=\"http:\/\/rafalk-elblag.pl\/wp-content\/uploads\/2016\/12\/shutterstock_49643152-1000.jpg\"><img loading=\"lazy\" decoding=\"async\" class=\"alignnone size-full wp-image-2526\" src=\"http:\/\/rafalk-elblag.pl\/wp-content\/uploads\/2016\/12\/shutterstock_49643152-1000.jpg\" alt=\"\" width=\"1000\" height=\"665\" srcset=\"https:\/\/rafalk-elblag.pl\/wp-content\/uploads\/2016\/12\/shutterstock_49643152-1000.jpg 1000w, https:\/\/rafalk-elblag.pl\/wp-content\/uploads\/2016\/12\/shutterstock_49643152-1000-300x200.jpg 300w, https:\/\/rafalk-elblag.pl\/wp-content\/uploads\/2016\/12\/shutterstock_49643152-1000-768x511.jpg 768w\" sizes=\"auto, (max-width: 1000px) 100vw, 1000px\" \/><\/a><\/p>\n<p>&nbsp;<\/p>\n<p>&nbsp;<\/p>\n<table>\n<tbody>\n<tr>\n<td colspan=\"2\"><b>12 listopada &nbsp;&nbsp;PONIEDZIA\u0141EK <\/b><\/p>\n<p><span style=\"font-weight: 400;\">Wspomnienie \u015bw. Jozafata, biskupa i m\u0119czennika<\/span><\/td>\n<td>\n<p style=\"text-align: right;\"><b>\u0141k 17, 1-6<\/b><\/p>\n<\/td>\n<\/tr>\n<tr>\n<td><span style=\"font-weight: 400;\">8:00<\/span><\/td>\n<td colspan=\"2\"><span style=\"font-weight: 400;\">Intencja wolna<\/span><\/td>\n<\/tr>\n<tr>\n<td><span style=\"font-weight: 400;\">18:00<\/span><\/td>\n<td colspan=\"2\"><span style=\"font-weight: 400;\">Msza \u015bw. z modlitw\u0105 o uzdrowienie &#8211; &nbsp;intencja Odnowy w Duchu \u015awi\u0119tym<\/span><\/td>\n<\/tr>\n<tr>\n<td><span style=\"font-weight: 400;\">18:00<\/span><\/td>\n<td colspan=\"2\"><span style=\"font-weight: 400;\">Msza \u015bw. zbiorowa za zmar\u0142ych (12)<\/span><\/td>\n<\/tr>\n<\/tbody>\n<\/table>\n<p>&nbsp;<\/p>\n<p>&nbsp;<\/p>\n<table>\n<tbody>\n<tr>\n<td colspan=\"2\"><b>13 &nbsp;listopada &nbsp;&nbsp;&nbsp;WTOREK <\/b><\/p>\n<p><span style=\"font-weight: 400;\">Wspomnienie \u015bwi\u0119tych Benedykta, Jana, Mateusza, Izaaka i Krystyna, pierwszych m\u0119czennik\u00f3w Polski<\/span><\/td>\n<td>\n<p style=\"text-align: right;\"><b>\u0141k 17, 7-10<\/b><\/p>\n<\/td>\n<\/tr>\n<tr>\n<td><span style=\"font-weight: 400;\">8:00<\/span><\/td>\n<td colspan=\"2\"><span style=\"font-weight: 400;\">\u015ap. Stanis\u0142aw Siedlecki (30 dz.p.p)<\/span><\/td>\n<\/tr>\n<tr>\n<td><span style=\"font-weight: 400;\">18:00<\/span><\/td>\n<td colspan=\"2\"><span style=\"font-weight: 400;\">Dzi\u0119kczynna za Ks. Marcina z okazji imienin, z pro\u015bb\u0105 o zdrowie, wszelkie \u0142aski, opiek\u0119 Matki Bo\u017cej &#8211; intencja od Margaretki<\/span><\/td>\n<\/tr>\n<tr>\n<td><span style=\"font-weight: 400;\">18:00<\/span><\/td>\n<td colspan=\"2\"><span style=\"font-weight: 400;\">Msza \u015bw. zbiorowa za zmar\u0142ych (13)<\/span><\/td>\n<\/tr>\n<\/tbody>\n<\/table>\n<p>&nbsp;<\/p>\n<p>&nbsp;<\/p>\n<table>\n<tbody>\n<tr>\n<td colspan=\"2\"><b>14 &nbsp;listopada &nbsp;&nbsp;\u015aRODA<\/b><\/td>\n<td>\n<p style=\"text-align: right;\"><b>\u0141k 17, 11-19<\/b><\/p>\n<\/td>\n<\/tr>\n<tr>\n<td><span style=\"font-weight: 400;\">8:00<\/span><\/td>\n<td colspan=\"2\"><span style=\"font-weight: 400;\">O Bo\u017ce b\u0142ogos\u0142awie\u0144stwo, dary Ducha \u015awi\u0119tego i opiek\u0119 Matki Bo\u017cej dla Rados\u0142awa<\/span><\/td>\n<\/tr>\n<tr>\n<td><span style=\"font-weight: 400;\">17:30<\/span><\/td>\n<td colspan=\"2\"><i><span style=\"font-weight: 400;\">Nabo\u017ce\u0144stwo ku czci Matki Bo\u017cej Nieustaj\u0105cej Pomocy<\/span><\/i><\/td>\n<\/tr>\n<tr>\n<td><span style=\"font-weight: 400;\">18:00<\/span><\/td>\n<td colspan=\"2\"><span style=\"font-weight: 400;\">Msza \u015bw. zbiorowa za zmar\u0142ych (14)<\/span><\/td>\n<\/tr>\n<tr>\n<td><span style=\"font-weight: 400;\">18:00<\/span><\/td>\n<td colspan=\"2\"><span style=\"font-weight: 400;\">\u015ap. Zmar\u0142ych z rodziny Dziekan<\/span><\/td>\n<\/tr>\n<\/tbody>\n<\/table>\n<p>&nbsp;<\/p>\n<p>&nbsp;<\/p>\n<table>\n<tbody>\n<tr>\n<td colspan=\"2\"><b>15 &nbsp;listopada &nbsp;&nbsp;&nbsp;CZWARTEK <\/b><\/td>\n<td>\n<p style=\"text-align: right;\"><b>\u0141k 17, 20-25<\/b><\/p>\n<\/td>\n<\/tr>\n<tr>\n<td><span style=\"font-weight: 400;\">8:00<\/span><\/td>\n<td colspan=\"2\"><span style=\"font-weight: 400;\">Intencja wolna<\/span><\/td>\n<\/tr>\n<tr>\n<td><span style=\"font-weight: 400;\">18:00<\/span><\/td>\n<td colspan=\"2\"><span style=\"font-weight: 400;\">Msza \u015bw. zbiorowa za zmar\u0142ych (15)<\/span><\/td>\n<\/tr>\n<tr>\n<td><span style=\"font-weight: 400;\">18:00<\/span><\/td>\n<td colspan=\"2\"><span style=\"font-weight: 400;\">W intencji parafian<\/span><\/td>\n<\/tr>\n<\/tbody>\n<\/table>\n<p>&nbsp;<\/p>\n<p>&nbsp;<\/p>\n<table>\n<tbody>\n<tr>\n<td colspan=\"2\"><b>16 &nbsp;listopada &nbsp;&nbsp;PI\u0104TEK <\/b><\/td>\n<td><b>\u0141k 17, 26-37<\/b><\/td>\n<\/tr>\n<tr>\n<td><span style=\"font-weight: 400;\">8:00<\/span><\/td>\n<td colspan=\"2\"><span style=\"font-weight: 400;\">\u015ap. Feliks Pietruszy\u0144ski (30 dz.p.p.)<\/span><\/td>\n<\/tr>\n<tr>\n<td><span style=\"font-weight: 400;\">18:00<\/span><\/td>\n<td colspan=\"2\"><span style=\"font-weight: 400;\">Msza \u015bw. zbiorowa za zmar\u0142ych (16)<\/span><\/td>\n<\/tr>\n<tr>\n<td><b>18:00<\/b><\/td>\n<td colspan=\"2\"><b>W intencji: Rodziny Karmelita\u0144skiej i Bratwa Szkaplerznego<\/b><\/td>\n<\/tr>\n<\/tbody>\n<\/table>\n<p>&nbsp;<\/p>\n<p>&nbsp;<\/p>\n<table>\n<tbody>\n<tr>\n<td colspan=\"2\"><b>17 listopada SOBOTA<\/b><\/p>\n<p><span style=\"font-weight: 400;\">Wspomnienie \u015bw. El\u017cbiety W\u0119gierskiej, zakonnicy<\/span><\/td>\n<td>\n<p style=\"text-align: right;\"><b>\u0141k 18, 1-8<\/b><\/p>\n<\/td>\n<\/tr>\n<tr>\n<td><span style=\"font-weight: 400;\">8:00<\/span><\/td>\n<td colspan=\"2\"><span style=\"font-weight: 400;\">\u015ap. Robert \u0141ukasiewicz, Anna Multan-\u0141ukasiewicz, Regina Dura\u0142<\/span><\/td>\n<\/tr>\n<tr>\n<td><b>12:00<\/b><\/td>\n<td colspan=\"2\"><b>Msza \u015bw. za pod przewodnictwem J. E. Ks. Bpa Dra Jana Styrny PO\u015aWI\u0118CENIE KO\u015aCIO\u0141A I O\u0141TARZA<\/b><\/td>\n<\/tr>\n<tr>\n<td><span style=\"font-weight: 400;\">18:00<\/span><\/td>\n<td colspan=\"2\"><span style=\"font-weight: 400;\">Msza \u015bw. zbiorowa za zmar\u0142ych (17)<\/span><\/td>\n<\/tr>\n<\/tbody>\n<\/table>\n<p>&nbsp;<\/p>\n<p>&nbsp;<\/p>\n<table>\n<tbody>\n<tr>\n<td colspan=\"2\"><b>18 listopada &nbsp;XXXIII NIEDZIELA ZWYK\u0141A <\/b><\/td>\n<td>\n<p style=\"text-align: right;\"><b>Mk 13, 24-32<\/b><\/p>\n<\/td>\n<\/tr>\n<tr>\n<td><span style=\"font-weight: 400;\">7:00<\/span><\/td>\n<td colspan=\"2\"><span style=\"font-weight: 400;\">\u015ap. Apolonia, Stanis\u0142aw, Hieronima, Jan Lucjan, Elma, Pawe\u0142 z rodziny Boryszewskich<\/span><\/td>\n<\/tr>\n<tr>\n<td><span style=\"font-weight: 400;\">9:00<\/span><\/td>\n<td colspan=\"2\"><span style=\"font-weight: 400;\">\u015ap. Zdzis\u0142aw Borowski (2 rocz. \u015bm) i zmarli rodzice, oraz Stanis\u0142aw Humelt (8 rocz. \u015bm)<\/span><\/td>\n<\/tr>\n<tr>\n<td><span style=\"font-weight: 400;\">9:00<\/span><\/td>\n<td colspan=\"2\"><span style=\"font-weight: 400;\">\u015ap. Leopold i Irena, Kazimierz, Tadeusz Skowro\u0144scy, Stanis\u0142aw Dzwonkowski, Antoni Jakubczak i zmarli z obojga stron<\/span><\/td>\n<\/tr>\n<tr>\n<td><span style=\"font-weight: 400;\">10:30<\/span><\/td>\n<td colspan=\"2\"><span style=\"font-weight: 400;\">O Bo\u017ce b\u0142ogos\u0142awie\u0144stwo i opiek\u0119 Matki Bo\u017cej dla Patryka w 13 urodziny oraz w intencji Sylwii w dniu imienin<\/span><\/td>\n<\/tr>\n<tr>\n<td><b>12:00<\/b><\/td>\n<td colspan=\"2\"><b>Za parafian<\/b><\/td>\n<\/tr>\n<tr>\n<td><span style=\"font-weight: 400;\">15:00<\/span><\/td>\n<td colspan=\"2\"><span style=\"font-weight: 400;\">\u015ap. Andrzej Jaworski (5 rocz. \u015bm)<\/span><\/td>\n<\/tr>\n<tr>\n<td><span style=\"font-weight: 400;\">18:00<\/span><\/td>\n<td colspan=\"2\"><span style=\"font-weight: 400;\">Msza \u015bw. zbiorowa za zmar\u0142ych (18)<\/span><\/td>\n<\/tr>\n<tr>\n<td><span style=\"font-weight: 400;\">18:00<\/span><\/td>\n<td colspan=\"2\"><span style=\"font-weight: 400;\">W intencji m\u0142odzie\u017cy skupionej we wsp\u00f3lnocie Katolickiego Stowarzyszenia &nbsp;M\u0142odzie\u017cy i ks. Marcina &#8211; opiekuna, o Bo\u017ce b\u0142., wszelkie \u0142aski za wstawiennictwem b\u0142. Karoliny <\/span><\/td>\n<\/tr>\n<\/tbody>\n<\/table>\n<p>&nbsp;<\/p>\n<p>&nbsp;<\/p>\n","protected":false},"excerpt":{"rendered":"<p>&nbsp; &nbsp; 12 listopada &nbsp;&nbsp;PONIEDZIA\u0141EK Wspomnienie \u015bw. Jozafata, biskupa i m\u0119czennika \u0141k 17, 1-6 8:00 Intencja wolna 18:00 Msza \u015bw. z modlitw\u0105 o uzdrowienie &#8211; &nbsp;intencja Odnowy w Duchu \u015awi\u0119tym 18:00 Msza \u015bw. zbiorowa za zmar\u0142ych (12) &nbsp; &nbsp; 13 &nbsp;listopada &nbsp;&nbsp;&nbsp;WTOREK Wspomnienie \u015bwi\u0119tych Benedykta, Jana, Mateusza, Izaaka i Krystyna, pierwszych m\u0119czennik\u00f3w Polski \u0141k 17, [&hellip;]<\/p>\n","protected":false},"author":1,"featured_media":2526,"comment_status":"closed","ping_status":"closed","sticky":false,"template":"","format":"standard","meta":{"ngg_post_thumbnail":0,"footnotes":""},"categories":[11,8,4],"tags":[],"class_list":["post-3222","post","type-post","status-publish","format-standard","has-post-thumbnail","hentry","category-aktualnosci","category-blog","category-intencje"],"_links":{"self":[{"href":"https:\/\/rafalk-elblag.pl\/index.php?rest_route=\/wp\/v2\/posts\/3222","targetHints":{"allow":["GET"]}}],"collection":[{"href":"https:\/\/rafalk-elblag.pl\/index.php?rest_route=\/wp\/v2\/posts"}],"about":[{"href":"https:\/\/rafalk-elblag.pl\/index.php?rest_route=\/wp\/v2\/types\/post"}],"author":[{"embeddable":true,"href":"https:\/\/rafalk-elblag.pl\/index.php?rest_route=\/wp\/v2\/users\/1"}],"replies":[{"embeddable":true,"href":"https:\/\/rafalk-elblag.pl\/index.php?rest_route=%2Fwp%2Fv2%2Fcomments&post=3222"}],"version-history":[{"count":2,"href":"https:\/\/rafalk-elblag.pl\/index.php?rest_route=\/wp\/v2\/posts\/3222\/revisions"}],"predecessor-version":[{"id":3224,"href":"https:\/\/rafalk-elblag.pl\/index.php?rest_route=\/wp\/v2\/posts\/3222\/revisions\/3224"}],"wp:featuredmedia":[{"embeddable":true,"href":"https:\/\/rafalk-elblag.pl\/index.php?rest_route=\/wp\/v2\/media\/2526"}],"wp:attachment":[{"href":"https:\/\/rafalk-elblag.pl\/index.php?rest_route=%2Fwp%2Fv2%2Fmedia&parent=3222"}],"wp:term":[{"taxonomy":"category","embeddable":true,"href":"https:\/\/rafalk-elblag.pl\/index.php?rest_route=%2Fwp%2Fv2%2Fcategories&post=3222"},{"taxonomy":"post_tag","embeddable":true,"href":"https:\/\/rafalk-elblag.pl\/index.php?rest_route=%2Fwp%2Fv2%2Ftags&post=3222"}],"curies":[{"name":"wp","href":"https:\/\/api.w.org\/{rel}","templated":true}]}}