{"id":3220,"date":"2018-11-10T13:54:52","date_gmt":"2018-11-10T13:54:52","guid":{"rendered":"http:\/\/rafalk-elblag.pl\/?p=3220"},"modified":"2018-11-10T13:54:52","modified_gmt":"2018-11-10T13:54:52","slug":"ogloszenia-parafialne-4-11-2018-r-xxxi-niedziela-zwykla","status":"publish","type":"post","link":"https:\/\/rafalk-elblag.pl\/?p=3220","title":{"rendered":"OG\u0141OSZENIA PARAFIALNE 4.11.2018 R. \u2013 XXXI NIEDZIELA ZWYK\u0141A"},"content":{"rendered":"<p><a href=\"http:\/\/rafalk-elblag.pl\/wp-content\/uploads\/2016\/12\/pulpit.jpg\"><img loading=\"lazy\" decoding=\"async\" class=\"alignnone size-large wp-image-2530\" src=\"http:\/\/rafalk-elblag.pl\/wp-content\/uploads\/2016\/12\/pulpit-1024x682.jpg\" alt=\"\" width=\"900\" height=\"599\" srcset=\"https:\/\/rafalk-elblag.pl\/wp-content\/uploads\/2016\/12\/pulpit-1024x682.jpg 1024w, https:\/\/rafalk-elblag.pl\/wp-content\/uploads\/2016\/12\/pulpit-300x200.jpg 300w, https:\/\/rafalk-elblag.pl\/wp-content\/uploads\/2016\/12\/pulpit-768x512.jpg 768w, https:\/\/rafalk-elblag.pl\/wp-content\/uploads\/2016\/12\/pulpit.jpg 1698w\" sizes=\"auto, (max-width: 900px) 100vw, 900px\" \/><\/a><\/p>\n<p>&nbsp;<\/p>\n<p>&nbsp;<\/p>\n<p>1. Dzi\u015b indywidualna Adoracja Naj\u015bwi\u0119tszego Sakramentu od 16.00 do 18.00. Znajd\u017a czas, aby by\u0107 sam na sam z Twoim Panem.<\/p>\n<p>&nbsp;<\/p>\n<p>2. Jako jedna wsp\u00f3lnota ludzi wierz\u0105cych chcemy upami\u0119tni\u0107 (25-lecie parafii) to wielkie wydarzenie darem dla Ko\u015bcio\u0142a jakim b\u0119dzie Obraz Matki Bo\u017cej Szkaplerznej w o\u0142tarzu g\u0142\u00f3wnym. Dlatego dzisiaj 04 listopada, zbierane b\u0119d\u0105 ofiary do puszek na ten cel. Dzi\u0119kujemy za w\u0142\u0105czenie si\u0119 w ten wsp\u00f3lny dar.<\/p>\n<p>&nbsp;<\/p>\n<p>3. W listopadzie w spos\u00f3b szczeg\u00f3lny pochylamy si\u0119 nad mogi\u0142ami, w kt\u00f3rych spoczywaj\u0105 nasi bliscy. Najg\u0142\u0119bszym wyrazem naszej mi\u0142o\u015bci jest nasza modlitwa za nich. Dlatego zapraszamy do wsp\u00f3lnej modlitwy za zmar\u0142ych codziennie na Mszy \u015bw. Zbiorowej o godz. 18.00, a po niej na Koronk\u0119 do Mi\u0142osierdzia Bo\u017cego, po\u0142\u0105czon\u0105 z Wypominkami.<br \/>\n4. Dzieci wraz z rodzicami lub opiekunami zapraszamy na modlitw\u0119 za zmar\u0142ych 7 i 21 listopada (\u015broda) na godz. 16:30.<\/p>\n<p>&nbsp;<\/p>\n<p>5. Za tydzie\u0144 spotkanie ARKI RODZIN po Mszy \u015awi\u0119tej o godz. 10:30. Jest to spotkanie przeznaczone dla rodzin z dzie\u0107mi, w trakcie kt\u00f3rego prowadzone s\u0105 rodzinne gry planszowe, modlitwa i integracja.<br \/>\n6. W przysz\u0142\u0105 niedziel\u0119 11 listopada przypada 100 rocznica odzyskania przez Polsk\u0119 Niepodleg\u0142o\u015bci. Zapraszamy na Msz\u0119 \u015bwi\u0119te, gdzie b\u0119dziemy dzi\u0119kowa\u0107 Bogu za wolno\u015b\u0107 i prosi\u0107 o Bo\u017ce b\u0142ogos\u0142awie\u0144stwo na kolejne lata. Zach\u0119camy w tym dniu wywiesi\u0107 flagi w naszych domach oraz przychodzi\u0107 z nimi do ko\u015bcio\u0142a na wszystkie Msze \u015awi\u0119te.]<\/p>\n<p>Msza \u015bw. o godz. 12.00 zostanie odprawiona w intencji naszej Ojczyzny. B\u0119dziemy dzi\u0119kowa\u0107 za dar wolno\u015bci i prosi\u0107 o&nbsp; m\u0105dro\u015b\u0107, dary Ducha \u015awi\u0119tego dla wszystkich odpowiedzialnych za losy Polskiego Narodu.<\/p>\n<p>&nbsp;<\/p>\n<p>7. W poniedzia\u0142ek 12 listopada br. odb\u0119dzie si\u0119 w naszej parafii Msza \u015awi\u0119ta z modlitw\u0105 o uzdrowienie. Poprowadzi j\u0105 Zesp\u00f3\u0142 Koordynator\u00f3w Odnowy w Duchu \u015awi\u0119tym Diecezji Elbl\u0105skiej. Wyj\u0105tkowo w tym dniu modlitwa wypominkowa za zmar\u0142ych o godz. 17:45. Po Mszy \u015awi\u0119tej Adoracja Naj\u015bwi\u0119tszego Sakramentu, modlitwa uwielbienia. Osoby pragn\u0105ce skorzysta\u0107 z tej modlitwy serdecznie zapraszamy na godz. 18:00.<\/p>\n<p>&nbsp;<\/p>\n<p>8. Od 11 do 19 listopada w naszej parafii b\u0119dzie trwa\u0142a Nowenna do \u015bw. Rafa\u0142a Kalinowskiego, przygotowuj\u0105ca nas duchowo do Odpustu Parafialnego. Nowenn\u0119 b\u0119dziemy odmawia\u0107 na zako\u0144czenie Mszy \u015bw. Zapraszamy do tej wsp\u00f3lnej modlitwy.<br \/>\n9. Uwaga!!! Mo\u017cna ju\u017c zamawia\u0107 i rezerwowa\u0107 Msze \u015awi\u0119te na rok 2019.<br \/>\n10. W tym wyj\u0105tkowym dla nas roku, parafianie zapraszaj\u0105 i organizuj\u0105 BAL JUBILEUSZOWY. Odb\u0119dzie si\u0119 on w sobot\u0119 24 listopada br. w Restauracji EDEN. Koszt 110 z\u0142. od osoby (trzy ciep\u0142e dania, przek\u0105ski, ciasto, napoje i muzyka z did\u017cejem).<br \/>\nStartujemy o godz. 19:00 a planowane zako\u0144czenie o godz. 3:00 Zapisy w zakrystii. Zapraszamy parafian i nie tylko do wsp\u00f3lnej zabawy.<br \/>\n11. Zach\u0119camy do czytania prasy katolickiej: nowy numer \u201eGo\u015bcia Niedzielnego\u201d w cenie 5 z\u0142. wraz z dodatkiem \u201eGo\u015b\u0107 Elbl\u0105ski\u201d a w nim wydarzenia z diecezji oraz \u201eCuda i \u0141aski Bo\u017ce\u201d.<\/p>\n<p>&nbsp;<\/p>\n<p>12. Pan powo\u0142a\u0142 do wieczno\u015bci: \u015bp. Edmunda Marchlewicza lat 76 z ul. Korczaka<\/p>\n<p>&nbsp;<\/p>\n<p>&nbsp;<\/p>\n","protected":false},"excerpt":{"rendered":"<p>&nbsp; &nbsp; 1. Dzi\u015b indywidualna Adoracja Naj\u015bwi\u0119tszego Sakramentu od 16.00 do 18.00. Znajd\u017a czas, aby by\u0107 sam na sam z Twoim Panem. &nbsp; 2. Jako jedna wsp\u00f3lnota ludzi wierz\u0105cych chcemy upami\u0119tni\u0107 (25-lecie parafii) to wielkie wydarzenie darem dla Ko\u015bcio\u0142a jakim b\u0119dzie Obraz Matki Bo\u017cej Szkaplerznej w o\u0142tarzu g\u0142\u00f3wnym. Dlatego dzisiaj 04 listopada, zbierane b\u0119d\u0105 ofiary [&hellip;]<\/p>\n","protected":false},"author":1,"featured_media":2530,"comment_status":"closed","ping_status":"closed","sticky":false,"template":"","format":"standard","meta":{"ngg_post_thumbnail":0,"footnotes":""},"categories":[11,8,3],"tags":[],"class_list":["post-3220","post","type-post","status-publish","format-standard","has-post-thumbnail","hentry","category-aktualnosci","category-blog","category-ogloszenia"],"_links":{"self":[{"href":"https:\/\/rafalk-elblag.pl\/index.php?rest_route=\/wp\/v2\/posts\/3220","targetHints":{"allow":["GET"]}}],"collection":[{"href":"https:\/\/rafalk-elblag.pl\/index.php?rest_route=\/wp\/v2\/posts"}],"about":[{"href":"https:\/\/rafalk-elblag.pl\/index.php?rest_route=\/wp\/v2\/types\/post"}],"author":[{"embeddable":true,"href":"https:\/\/rafalk-elblag.pl\/index.php?rest_route=\/wp\/v2\/users\/1"}],"replies":[{"embeddable":true,"href":"https:\/\/rafalk-elblag.pl\/index.php?rest_route=%2Fwp%2Fv2%2Fcomments&post=3220"}],"version-history":[{"count":1,"href":"https:\/\/rafalk-elblag.pl\/index.php?rest_route=\/wp\/v2\/posts\/3220\/revisions"}],"predecessor-version":[{"id":3221,"href":"https:\/\/rafalk-elblag.pl\/index.php?rest_route=\/wp\/v2\/posts\/3220\/revisions\/3221"}],"wp:featuredmedia":[{"embeddable":true,"href":"https:\/\/rafalk-elblag.pl\/index.php?rest_route=\/wp\/v2\/media\/2530"}],"wp:attachment":[{"href":"https:\/\/rafalk-elblag.pl\/index.php?rest_route=%2Fwp%2Fv2%2Fmedia&parent=3220"}],"wp:term":[{"taxonomy":"category","embeddable":true,"href":"https:\/\/rafalk-elblag.pl\/index.php?rest_route=%2Fwp%2Fv2%2Fcategories&post=3220"},{"taxonomy":"post_tag","embeddable":true,"href":"https:\/\/rafalk-elblag.pl\/index.php?rest_route=%2Fwp%2Fv2%2Ftags&post=3220"}],"curies":[{"name":"wp","href":"https:\/\/api.w.org\/{rel}","templated":true}]}}