{"id":3218,"date":"2018-11-10T13:50:33","date_gmt":"2018-11-10T13:50:33","guid":{"rendered":"http:\/\/rafalk-elblag.pl\/?p=3218"},"modified":"2018-11-10T13:50:33","modified_gmt":"2018-11-10T13:50:33","slug":"intencje-mszalne-na-xxxi-tydzien-zwykly-4-11-10-2018-r","status":"publish","type":"post","link":"https:\/\/rafalk-elblag.pl\/?p=3218","title":{"rendered":"INTENCJE MSZALNE NA XXXI TYDZIE\u0143 ZWYK\u0141Y (4 \u2013 11. 10. 2018 R.)"},"content":{"rendered":"<p><a href=\"http:\/\/rafalk-elblag.pl\/wp-content\/uploads\/2016\/12\/shutterstock_49643152-1000.jpg\"><img loading=\"lazy\" decoding=\"async\" class=\"alignnone size-full wp-image-2526\" src=\"http:\/\/rafalk-elblag.pl\/wp-content\/uploads\/2016\/12\/shutterstock_49643152-1000.jpg\" alt=\"\" width=\"1000\" height=\"665\" srcset=\"https:\/\/rafalk-elblag.pl\/wp-content\/uploads\/2016\/12\/shutterstock_49643152-1000.jpg 1000w, https:\/\/rafalk-elblag.pl\/wp-content\/uploads\/2016\/12\/shutterstock_49643152-1000-300x200.jpg 300w, https:\/\/rafalk-elblag.pl\/wp-content\/uploads\/2016\/12\/shutterstock_49643152-1000-768x511.jpg 768w\" sizes=\"auto, (max-width: 1000px) 100vw, 1000px\" \/><\/a><\/p>\n<p>&nbsp;<\/p>\n<p>&nbsp;<\/p>\n<table>\n<tbody>\n<tr>\n<td colspan=\"2\"><b>05 listopada &nbsp;&nbsp;PONIEDZIA\u0141EK<\/b><\/td>\n<td>\n<p style=\"text-align: right;\"><b>\u0141k 14, 12-14<\/b><\/p>\n<\/td>\n<\/tr>\n<tr>\n<td><span style=\"font-weight: 400;\">8:00<\/span><\/td>\n<td colspan=\"2\"><span style=\"font-weight: 400;\">\u015ap. Zmar\u0142ych rodzic\u00f3w: Irena i Jan Paw\u0142owscy i zm. z rodziny Paw\u0142owskich <\/span><\/td>\n<\/tr>\n<tr>\n<td><span style=\"font-weight: 400;\">18:00<\/span><\/td>\n<td colspan=\"2\"><span style=\"font-weight: 400;\">\u015ap. Bogus\u0142aw Kondrat, Krystyna Kondrat (1 rocz. \u015bm)<\/span><\/td>\n<\/tr>\n<tr>\n<td><span style=\"font-weight: 400;\">18:00<\/span><\/td>\n<td colspan=\"2\"><span style=\"font-weight: 400;\">Msza \u015bw. zbiorowa za zmar\u0142ych (5)<\/span><\/td>\n<\/tr>\n<\/tbody>\n<\/table>\n<p>&nbsp;<\/p>\n<p>&nbsp;<\/p>\n<table>\n<tbody>\n<tr>\n<td colspan=\"2\"><b>06 &nbsp;listopada &nbsp;&nbsp;&nbsp;WTOREK<\/b><\/td>\n<td>\n<p style=\"text-align: right;\"><b>\u0141k 14, 15-24<\/b><\/p>\n<\/td>\n<\/tr>\n<tr>\n<td><span style=\"font-weight: 400;\">8:00<\/span><\/td>\n<td colspan=\"2\"><span style=\"font-weight: 400;\">\u015ap. Jerzy Karpow (9 rocz. \u015bm)<\/span><\/td>\n<\/tr>\n<tr>\n<td><span style=\"font-weight: 400;\">18:00<\/span><\/td>\n<td colspan=\"2\"><span style=\"font-weight: 400;\">Msza \u015bw. zbiorowa za zmar\u0142ych (6)<\/span><\/td>\n<\/tr>\n<\/tbody>\n<\/table>\n<p>&nbsp;<\/p>\n<p>&nbsp;<\/p>\n<p>&nbsp;<\/p>\n<table>\n<tbody>\n<tr>\n<td colspan=\"2\"><b>07 &nbsp;listopada &nbsp;&nbsp;\u015aRODA<\/b><\/td>\n<td>\n<p style=\"text-align: right;\"><b>\u0141k 14, 25-33<\/b><\/p>\n<\/td>\n<\/tr>\n<tr>\n<td><span style=\"font-weight: 400;\">8:00<\/span><\/td>\n<td colspan=\"2\"><span style=\"font-weight: 400;\">\u015ap. Janina, Wies\u0142aw, Mieczys\u0142aw, Waleria, W\u0142adys\u0142aw, Helena, Jan z rodziny \u017b\u0142obkowskich<\/span><\/td>\n<\/tr>\n<tr>\n<td><span style=\"font-weight: 400;\">17:30<\/span><\/td>\n<td colspan=\"2\"><i><span style=\"font-weight: 400;\">Nabo\u017ce\u0144stwo ku czci Matki Bo\u017cej Nieustaj\u0105cej Pomocy<\/span><\/i><\/td>\n<\/tr>\n<tr>\n<td><span style=\"font-weight: 400;\">18:00<\/span><\/td>\n<td colspan=\"2\"><span style=\"font-weight: 400;\">Msza \u015bw. zbiorowa za zmar\u0142ych (7)<\/span><\/td>\n<\/tr>\n<tr>\n<td><span style=\"font-weight: 400;\">18:00<\/span><\/td>\n<td colspan=\"2\"><span style=\"font-weight: 400;\">\u015ap. W\u0142adys\u0142aw Bajson (36 rocz. \u015bm) i zm. z rodzin: Jasi\u0144skich, Kachnowicz i S\u0142omi\u0144skich<\/span><\/td>\n<\/tr>\n<\/tbody>\n<\/table>\n<p>&nbsp;<\/p>\n<p>&nbsp;<\/p>\n<p>&nbsp;<\/p>\n<table>\n<tbody>\n<tr>\n<td colspan=\"2\"><b>08 &nbsp;listopada &nbsp;&nbsp;&nbsp;CZWARTEK <\/b><\/td>\n<td>\n<p style=\"text-align: right;\"><b>\u0141k 15, 1-10<\/b><\/p>\n<\/td>\n<\/tr>\n<tr>\n<td><span style=\"font-weight: 400;\">8:00<\/span><\/td>\n<td colspan=\"2\"><span style=\"font-weight: 400;\">Intencja wolna<\/span><\/td>\n<\/tr>\n<tr>\n<td><span style=\"font-weight: 400;\">18:00<\/span><\/td>\n<td colspan=\"2\"><span style=\"font-weight: 400;\">Msza \u015bw. zbiorowa za zmar\u0142ych (8)<\/span><\/td>\n<\/tr>\n<tr>\n<td><span style=\"font-weight: 400;\">18:00<\/span><\/td>\n<td colspan=\"2\"><span style=\"font-weight: 400;\">\u015ap. Zmar\u0142ych z rodziny Dziekan<\/span><\/td>\n<\/tr>\n<\/tbody>\n<\/table>\n<p>&nbsp;<\/p>\n<p>&nbsp;<\/p>\n<table>\n<tbody>\n<tr>\n<td colspan=\"2\"><b>09 &nbsp;listopada &nbsp;&nbsp;PI\u0104TEK <\/b><\/p>\n<p><span style=\"font-weight: 400;\">\u015awi\u0119to rocznicy po\u015bwi\u0119cenia Bazyliki Latera\u0144skiej<\/span><\/td>\n<td>\n<p style=\"text-align: right;\"><b>J 2, 13-22<\/b><\/p>\n<\/td>\n<\/tr>\n<tr>\n<td><span style=\"font-weight: 400;\">8:00<\/span><\/td>\n<td colspan=\"2\"><span style=\"font-weight: 400;\">Intencja wolna<\/span><\/td>\n<\/tr>\n<tr>\n<td><span style=\"font-weight: 400;\">18:00<\/span><\/td>\n<td colspan=\"2\"><span style=\"font-weight: 400;\">Msza \u015bw. zbiorowa za zmar\u0142ych (9)<\/span><\/td>\n<\/tr>\n<tr>\n<td><span style=\"font-weight: 400;\">18:00<\/span><\/td>\n<td colspan=\"2\"><span style=\"font-weight: 400;\">\u015ap. Ignacy Rymarczyk &#8211; int. od W\u0142odzimierza Rymarczyk z rodzin\u0105<\/span><\/td>\n<\/tr>\n<\/tbody>\n<\/table>\n<p>&nbsp;<\/p>\n<p>&nbsp;<\/p>\n<p>&nbsp;<\/p>\n<table>\n<tbody>\n<tr>\n<td colspan=\"2\"><b>10 listopada SOBOTA<\/b><\/p>\n<p><span style=\"font-weight: 400;\">Wspomnienie \u015bw. Leona Wielkiego, papie\u017ca i doktora Ko\u015bcio\u0142a<\/span><\/td>\n<td>\n<p style=\"text-align: right;\"><b>\u0141k 16, 9-15<\/b><\/p>\n<\/td>\n<\/tr>\n<tr>\n<td><span style=\"font-weight: 400;\">8:00<\/span><\/td>\n<td colspan=\"2\"><span style=\"font-weight: 400;\">\u015ap. Krysztof Zgliczy\u0144ski (30 dz. p.p.)<\/span><\/td>\n<\/tr>\n<tr>\n<td><span style=\"font-weight: 400;\">18:00<\/span><\/td>\n<td colspan=\"2\"><span style=\"font-weight: 400;\">\u015ap.Stefania (9 rocz. \u015bm), W\u0142adys\u0142aw (21 rocz. \u015bm) i zm. z rodziny z obojga stron<\/span><\/td>\n<\/tr>\n<tr>\n<td><span style=\"font-weight: 400;\">18:00<\/span><\/td>\n<td colspan=\"2\"><span style=\"font-weight: 400;\">Msza \u015bw. zbiorowa za zmar\u0142ych (10)<\/span><\/td>\n<\/tr>\n<\/tbody>\n<\/table>\n<p>&nbsp;<\/p>\n<p>&nbsp;<\/p>\n<table>\n<tbody>\n<tr>\n<td colspan=\"2\"><b>11 listopada &nbsp;XXXII NIEDZIELA ZWYK\u0141A <\/b><\/td>\n<td><b>Mk 12, 38-44<\/b><\/td>\n<\/tr>\n<tr>\n<td><b>7:00<\/b><\/td>\n<td colspan=\"2\"><b>Za parafian<\/b><\/td>\n<\/tr>\n<tr>\n<td><span style=\"font-weight: 400;\">9:00<\/span><\/td>\n<td colspan=\"2\"><span style=\"font-weight: 400;\">O powr\u00f3t do zdrowia dla Agnieszki, obfito\u015b\u0107 \u0142ask i si\u0142\u0119 dla Nikodema i jego rodziny oraz Magdaleny i Macieja<\/span><\/td>\n<\/tr>\n<tr>\n<td><span style=\"font-weight: 400;\">9:00<\/span><\/td>\n<td colspan=\"2\"><span style=\"font-weight: 400;\">\u015ap. Zmar\u0142ych z rodziny Dziekan<\/span><\/td>\n<\/tr>\n<tr>\n<td><span style=\"font-weight: 400;\">10:30<\/span><\/td>\n<td colspan=\"2\"><span style=\"font-weight: 400;\">O Bo\u017ce b\u0142ogos\u0142awie\u0144stwo i opiek\u0119 Matki Bo\u017cej dla Asi i Bartka w rocznic\u0119 urodzin<\/span><\/td>\n<\/tr>\n<tr>\n<td><b>12:00<\/b><\/td>\n<td colspan=\"2\"><b>Za Ojczyzn\u0119 w 100 lecie odzyskania niepodleg\u0142o\u015bci<\/b><\/td>\n<\/tr>\n<tr>\n<td><span style=\"font-weight: 400;\">15:00<\/span><\/td>\n<td colspan=\"2\"><span style=\"font-weight: 400;\">\u015ap. Jan Karol Zajkowski (18 rocz. \u015bm), Renata (10 rocz. \u015bm), zm. dziadk\u00f3w z obojga stron<\/span><\/td>\n<\/tr>\n<tr>\n<td><span style=\"font-weight: 400;\">18:00<\/span><\/td>\n<td colspan=\"2\"><span style=\"font-weight: 400;\">Msza \u015bw. zbiorowa za zmar\u0142ych (11)<\/span><\/td>\n<\/tr>\n<\/tbody>\n<\/table>\n<p>&nbsp;<\/p>\n<p>&nbsp;<\/p>\n<p>&nbsp;<\/p>\n","protected":false},"excerpt":{"rendered":"<p>&nbsp; &nbsp; 05 listopada &nbsp;&nbsp;PONIEDZIA\u0141EK \u0141k 14, 12-14 8:00 \u015ap. Zmar\u0142ych rodzic\u00f3w: Irena i Jan Paw\u0142owscy i zm. z rodziny Paw\u0142owskich 18:00 \u015ap. Bogus\u0142aw Kondrat, Krystyna Kondrat (1 rocz. \u015bm) 18:00 Msza \u015bw. zbiorowa za zmar\u0142ych (5) &nbsp; &nbsp; 06 &nbsp;listopada &nbsp;&nbsp;&nbsp;WTOREK \u0141k 14, 15-24 8:00 \u015ap. Jerzy Karpow (9 rocz. \u015bm) 18:00 Msza \u015bw. [&hellip;]<\/p>\n","protected":false},"author":1,"featured_media":2526,"comment_status":"closed","ping_status":"closed","sticky":false,"template":"","format":"standard","meta":{"ngg_post_thumbnail":0,"footnotes":""},"categories":[11,8,4],"tags":[],"class_list":["post-3218","post","type-post","status-publish","format-standard","has-post-thumbnail","hentry","category-aktualnosci","category-blog","category-intencje"],"_links":{"self":[{"href":"https:\/\/rafalk-elblag.pl\/index.php?rest_route=\/wp\/v2\/posts\/3218","targetHints":{"allow":["GET"]}}],"collection":[{"href":"https:\/\/rafalk-elblag.pl\/index.php?rest_route=\/wp\/v2\/posts"}],"about":[{"href":"https:\/\/rafalk-elblag.pl\/index.php?rest_route=\/wp\/v2\/types\/post"}],"author":[{"embeddable":true,"href":"https:\/\/rafalk-elblag.pl\/index.php?rest_route=\/wp\/v2\/users\/1"}],"replies":[{"embeddable":true,"href":"https:\/\/rafalk-elblag.pl\/index.php?rest_route=%2Fwp%2Fv2%2Fcomments&post=3218"}],"version-history":[{"count":1,"href":"https:\/\/rafalk-elblag.pl\/index.php?rest_route=\/wp\/v2\/posts\/3218\/revisions"}],"predecessor-version":[{"id":3219,"href":"https:\/\/rafalk-elblag.pl\/index.php?rest_route=\/wp\/v2\/posts\/3218\/revisions\/3219"}],"wp:featuredmedia":[{"embeddable":true,"href":"https:\/\/rafalk-elblag.pl\/index.php?rest_route=\/wp\/v2\/media\/2526"}],"wp:attachment":[{"href":"https:\/\/rafalk-elblag.pl\/index.php?rest_route=%2Fwp%2Fv2%2Fmedia&parent=3218"}],"wp:term":[{"taxonomy":"category","embeddable":true,"href":"https:\/\/rafalk-elblag.pl\/index.php?rest_route=%2Fwp%2Fv2%2Fcategories&post=3218"},{"taxonomy":"post_tag","embeddable":true,"href":"https:\/\/rafalk-elblag.pl\/index.php?rest_route=%2Fwp%2Fv2%2Ftags&post=3218"}],"curies":[{"name":"wp","href":"https:\/\/api.w.org\/{rel}","templated":true}]}}