{"id":3214,"date":"2018-10-22T21:56:05","date_gmt":"2018-10-22T21:56:05","guid":{"rendered":"http:\/\/rafalk-elblag.pl\/?p=3214"},"modified":"2018-10-22T21:56:05","modified_gmt":"2018-10-22T21:56:05","slug":"ogloszenia-parafialne-21-10-2018-r-xxix-niedziela-zwykla","status":"publish","type":"post","link":"https:\/\/rafalk-elblag.pl\/?p=3214","title":{"rendered":"OG\u0141OSZENIA PARAFIALNE 21.10.2018 R. \u2013 XXIX NIEDZIELA ZWYK\u0141A"},"content":{"rendered":"<p><a href=\"http:\/\/rafalk-elblag.pl\/wp-content\/uploads\/2016\/12\/pulpit.jpg\"><img loading=\"lazy\" decoding=\"async\" class=\"alignnone size-large wp-image-2530\" src=\"http:\/\/rafalk-elblag.pl\/wp-content\/uploads\/2016\/12\/pulpit-1024x682.jpg\" alt=\"\" width=\"900\" height=\"599\" srcset=\"https:\/\/rafalk-elblag.pl\/wp-content\/uploads\/2016\/12\/pulpit-1024x682.jpg 1024w, https:\/\/rafalk-elblag.pl\/wp-content\/uploads\/2016\/12\/pulpit-300x200.jpg 300w, https:\/\/rafalk-elblag.pl\/wp-content\/uploads\/2016\/12\/pulpit-768x512.jpg 768w, https:\/\/rafalk-elblag.pl\/wp-content\/uploads\/2016\/12\/pulpit.jpg 1698w\" sizes=\"auto, (max-width: 900px) 100vw, 900px\" \/><\/a><\/p>\n<p>&nbsp;<\/p>\n<p>&nbsp;<\/p>\n<table width=\"667\">\n<tbody>\n<tr>\n<td width=\"667\">\n<p style=\"text-align: center;\">&nbsp;<\/p>\n<p style=\"text-align: center;\"><strong><span style=\"color: #ff0000;\">PAMI\u0118TAJMY PO\u015aWI\u0118CENIE KO\u015aCIO\u0141A 17 LISTOPADA 2018 &nbsp;GODZ. 12:00<\/span> <\/strong><\/p>\n<p style=\"text-align: center;\">&nbsp;<\/p>\n<\/td>\n<\/tr>\n<\/tbody>\n<\/table>\n<p>&nbsp;<\/p>\n<p>1. Dzisiejsz\u0105 niedziel\u0105 rozpoczynamy <strong> Tydzie\u0144 Misyjny<\/strong> pod has\u0142em \u201e<strong>PE\u0141NI DUCHA I POS\u0141ANI\u201d. <\/strong>Niech ka\u017cdy z nas poczuje si\u0119 odpowiedzialny za g\u0142oszenie Dobrej Nowiny. Pami\u0119tajmy w modlitwie o tych wszystkich, kt\u00f3rzy pracuj\u0105 na misjach, a szczeg\u00f3lnie o ks. Zbigniewie Pieczuro (RPA), ks. Arkadiuszu Grabowskim (ROSJA), o.&nbsp;Dariuszu Marucie (MADAGASKAR).<\/p>\n<p>&nbsp;<\/p>\n<p>2. Osoby modl\u0105ce si\u0119 za kap\u0142an\u00f3w i tworz\u0105ce Apostolat \u201eMargaretka\u201d zapraszamy dzisiaj na wsp\u00f3lny R\u00f3\u017caniec \u015awi\u0119ty o godz. 17:15 i na Msz\u0119 \u015bw. o godz. 18:00 w 9 rocznic\u0119 powstania Apostolatu przy naszej parafii. <em>Po Eucharystii wsp\u00f3lne \u015bwi\u0119towanie.<\/em><\/p>\n<p>&nbsp;<\/p>\n<p><strong>3. Miesi\u0105c R\u00f3\u017ca\u0144ca \u015awi\u0119tego.<\/strong> Zapraszamy na nabo\u017ce\u0144stwa z wystawieniem Naj\u015bwi\u0119tszego Sakramentu. Wierni, kt\u00f3rzy odmawiaj\u0105 cz\u0119\u015b\u0107 R\u00f3\u017ca\u0144ca (5 dziesi\u0105tek) w ko\u015bciele lub rodzinie mog\u0105 uzyska\u0107 <strong>Odpust Zupe\u0142ny<\/strong>. Zapraszamy do wsp\u00f3lnej modlitwy: doros\u0142ych i m\u0142odzie\u017c&nbsp;<strong>o godz. 17:15<\/strong>, a dzieci zapraszamy: <strong>w poniedzia\u0142ki i \u015brody o godz. 16:30. <\/strong><\/p>\n<p>&nbsp;<\/p>\n<p>4. Jak ka\u017cdego roku w listopadzie modli\u0107 si\u0119 b\u0119dziemy za naszych zmar\u0142ych, dlatego przed ko\u015bcio\u0142em b\u0119d\u0105 rozdawane koperty, w kt\u00f3rych s\u0105 kartki na Msz\u0119 \u015bw. zbiorow\u0105 i wypominki. <strong>Prosimy o czytelne wype\u0142nianie kartek. Kartka z napisem MSZA \u015aW. ZBIOROWA ZA ZMAR\u0141YCH odprawiana b\u0119dzie przez ca\u0142y listopad o godz. 18:00. Druga kartka z napisem WYPOMINKI <\/strong>wyczytywana b\u0119dzie podczas Koronki do Mi\u0142osierdzia Bo\u017cego po Mszy \u015bw. wieczornej.<\/p>\n<p><strong>UWAGA !!!<\/strong> PROSIMY zaznaczy\u0107 na kartce od<strong> MSZY \u015aW. ZBIOROWEJ ZA ZMAR\u0141YCH<\/strong> <u>dat\u0119 (dzie\u0144), w kt\u00f3rym imiona i nazwiska naszych drogich zmar\u0142ych maj\u0105 by\u0107 wyczytane. <\/u>Prosimy, by nie wyznacza\u0107 dnia 2 listopada, gdy\u017c ten dzie\u0144 przeznaczony b\u0119dzie na szczeg\u00f3lne nabo\u017ce\u0144stwo za wszystkich zmar\u0142ych z naszej parafii w ostatnim roku, tj. od 1 listopada 2017 r. <em>Rodziny tych zmar\u0142ych zapraszamy do uczestnictwa w tym nabo\u017ce\u0144stwie, kt\u00f3re odprawimy &nbsp;&nbsp;&nbsp;&nbsp;&nbsp;&nbsp;&nbsp;&nbsp;&nbsp;&nbsp;&nbsp;&nbsp;&nbsp;&nbsp;&nbsp;&nbsp;&nbsp;&nbsp;&nbsp;&nbsp;&nbsp;&nbsp;2 listopada o godz. 18:00.<\/em><\/p>\n<p>&nbsp;<\/p>\n<p><strong>5. Zapraszamy na Msz\u0119 \u015bwi\u0119t\u0105 dla chorych w czwartek 25 pa\u017adziernika o godz. 18:00. W czasie Mszy \u015bwi\u0119tej na\u0142o\u017cenie r\u0105k przez kap\u0142an\u00f3w oraz modlitwa o przywr\u00f3cenie zdrowia fizycznego i duchowego. <\/strong><\/p>\n<p>&nbsp;<\/p>\n<p><strong>6. BAL WSZYSTKICH \u015aWI\u0118TYCH z wodzirejem! <\/strong>Ma\u0142\u017ce\u0144stwa ze wsp\u00f3lnoty Domowego Ko\u015bcio\u0142a, zapraszaj\u0105 dzieci do udzia\u0142u w balu Wszystkich \u015awi\u0119tych organizowanym w naszym Seminarium Duchownym przy ul. Bo\u017cego Cia\u0142a <strong>w dniu 27 pa\u017adziernika. <\/strong>Gwarantowana niebia\u0144ska zabawa, pocz\u0119stunek i konkursy. Koszt uczestnictwa od rodziny to 10 z\u0142.&nbsp;<em>Zapisy u p. Ani G\u00f3ralskiej pod nr tel. 603&nbsp;799&nbsp;340 lub e-mailowo: angoralska@gmail.com.<\/em><\/p>\n<p>&nbsp;<\/p>\n<p><strong>7. Drodzy Parafianie<\/strong> \u2013 w naszych przygotowaniach zbli\u017camy si\u0119 do 17 listopada br. dnia po\u015bwi\u0119cenia (konsekracji) naszego Ko\u015bcio\u0142a przez Biskupa Elbl\u0105skiego. To wydarzenie przypada w 25 rocznic\u0119 powstania parafii. Jako jedna wsp\u00f3lnota ludzi wierz\u0105cych chcemy upami\u0119tni\u0107 to wielkie wydarzenie darem dla Ko\u015bcio\u0142a jakim b\u0119dzie Obraz Matki Bo\u017cej Szkaplerznej w o\u0142tarzu g\u0142\u00f3wnym. <em>Dlatego przez dwie kolejne niedziele tj. 28 pa\u017adziernika i 4 listopada, b\u0119d\u0105 zbierane ofiary do puszek na ten cel.<\/em><\/p>\n<p>&nbsp;<\/p>\n<p>8. Zach\u0119camy do czytania prasy katolickiej: nowy numer \u201eGo\u015bcia Niedzielnego\u201d &nbsp;w cenie 5 z\u0142. <strong>wraz z dodatkiem<\/strong> <strong>\u201eGo\u015b\u0107 Elbl\u0105ski\u201d<\/strong> a w nim wydarzenia z diecezji.<\/p>\n<p>&nbsp;<\/p>\n<p>9. W minionym tygodniu Pan powo\u0142a\u0142 do wieczno\u015bci: \u015bp. Stanis\u0142awa Siedleckiego lat 80 z ul. Leszczy\u0144skiego oraz \u015bp. Feliksa Pietruszy\u0144skiego lat 82 z ul. Brzechwy.<\/p>\n<p>&nbsp;<\/p>\n<p>&nbsp;<\/p>\n","protected":false},"excerpt":{"rendered":"<p>&nbsp; &nbsp; &nbsp; PAMI\u0118TAJMY PO\u015aWI\u0118CENIE KO\u015aCIO\u0141A 17 LISTOPADA 2018 &nbsp;GODZ. 12:00 &nbsp; &nbsp; 1. Dzisiejsz\u0105 niedziel\u0105 rozpoczynamy Tydzie\u0144 Misyjny pod has\u0142em \u201ePE\u0141NI DUCHA I POS\u0141ANI\u201d. Niech ka\u017cdy z nas poczuje si\u0119 odpowiedzialny za g\u0142oszenie Dobrej Nowiny. Pami\u0119tajmy w modlitwie o tych wszystkich, kt\u00f3rzy pracuj\u0105 na misjach, a szczeg\u00f3lnie o ks. Zbigniewie Pieczuro (RPA), ks. Arkadiuszu [&hellip;]<\/p>\n","protected":false},"author":1,"featured_media":2530,"comment_status":"closed","ping_status":"closed","sticky":false,"template":"","format":"standard","meta":{"ngg_post_thumbnail":0,"footnotes":""},"categories":[11,8,3],"tags":[],"class_list":["post-3214","post","type-post","status-publish","format-standard","has-post-thumbnail","hentry","category-aktualnosci","category-blog","category-ogloszenia"],"_links":{"self":[{"href":"https:\/\/rafalk-elblag.pl\/index.php?rest_route=\/wp\/v2\/posts\/3214","targetHints":{"allow":["GET"]}}],"collection":[{"href":"https:\/\/rafalk-elblag.pl\/index.php?rest_route=\/wp\/v2\/posts"}],"about":[{"href":"https:\/\/rafalk-elblag.pl\/index.php?rest_route=\/wp\/v2\/types\/post"}],"author":[{"embeddable":true,"href":"https:\/\/rafalk-elblag.pl\/index.php?rest_route=\/wp\/v2\/users\/1"}],"replies":[{"embeddable":true,"href":"https:\/\/rafalk-elblag.pl\/index.php?rest_route=%2Fwp%2Fv2%2Fcomments&post=3214"}],"version-history":[{"count":1,"href":"https:\/\/rafalk-elblag.pl\/index.php?rest_route=\/wp\/v2\/posts\/3214\/revisions"}],"predecessor-version":[{"id":3215,"href":"https:\/\/rafalk-elblag.pl\/index.php?rest_route=\/wp\/v2\/posts\/3214\/revisions\/3215"}],"wp:featuredmedia":[{"embeddable":true,"href":"https:\/\/rafalk-elblag.pl\/index.php?rest_route=\/wp\/v2\/media\/2530"}],"wp:attachment":[{"href":"https:\/\/rafalk-elblag.pl\/index.php?rest_route=%2Fwp%2Fv2%2Fmedia&parent=3214"}],"wp:term":[{"taxonomy":"category","embeddable":true,"href":"https:\/\/rafalk-elblag.pl\/index.php?rest_route=%2Fwp%2Fv2%2Fcategories&post=3214"},{"taxonomy":"post_tag","embeddable":true,"href":"https:\/\/rafalk-elblag.pl\/index.php?rest_route=%2Fwp%2Fv2%2Ftags&post=3214"}],"curies":[{"name":"wp","href":"https:\/\/api.w.org\/{rel}","templated":true}]}}