{"id":3212,"date":"2018-10-22T21:51:56","date_gmt":"2018-10-22T21:51:56","guid":{"rendered":"http:\/\/rafalk-elblag.pl\/?p=3212"},"modified":"2018-10-22T21:51:56","modified_gmt":"2018-10-22T21:51:56","slug":"intencje-mszalne-na-xxix-tydzien-zwykly-22-28-10-2018-r","status":"publish","type":"post","link":"https:\/\/rafalk-elblag.pl\/?p=3212","title":{"rendered":"INTENCJE MSZALNE NA XXIX TYDZIE\u0143 ZWYK\u0141Y (22 &#8211; 28. 10. 2018 r.)"},"content":{"rendered":"<p><a href=\"http:\/\/rafalk-elblag.pl\/wp-content\/uploads\/2016\/12\/shutterstock_49643152-1000.jpg\"><img loading=\"lazy\" decoding=\"async\" class=\"alignnone size-full wp-image-2526\" src=\"http:\/\/rafalk-elblag.pl\/wp-content\/uploads\/2016\/12\/shutterstock_49643152-1000.jpg\" alt=\"\" width=\"1000\" height=\"665\" srcset=\"https:\/\/rafalk-elblag.pl\/wp-content\/uploads\/2016\/12\/shutterstock_49643152-1000.jpg 1000w, https:\/\/rafalk-elblag.pl\/wp-content\/uploads\/2016\/12\/shutterstock_49643152-1000-300x200.jpg 300w, https:\/\/rafalk-elblag.pl\/wp-content\/uploads\/2016\/12\/shutterstock_49643152-1000-768x511.jpg 768w\" sizes=\"auto, (max-width: 1000px) 100vw, 1000px\" \/><\/a><\/p>\n<p>&nbsp;<\/p>\n<p>&nbsp;<\/p>\n<table width=\"738\">\n<tbody>\n<tr>\n<td colspan=\"2\" width=\"605\"><strong>22 pa<\/strong><strong>\u017a<\/strong><strong>dziernika&nbsp;&nbsp; PONIEDZIA\u0141EK<\/strong><\/p>\n<p>Wspomnienie \u015bw. Jana Paw\u0142a II, papie\u017ca<\/td>\n<td width=\"133\">\u0141k 12, 13-21<\/td>\n<\/tr>\n<tr>\n<td width=\"99\">8:00<\/td>\n<td colspan=\"2\" width=\"639\">O \u0142ask\u0119 nieba dla \u015ap. Ireneusza Makowskiego i \u015ap. Lidii Szurka oraz zmar\u0142ych z ich rodzin<\/td>\n<\/tr>\n<tr>\n<td width=\"99\">18:00<\/td>\n<td colspan=\"2\" width=\"639\">\u015ap. Anna Mu\u017cy\u0142o (22 greg)<\/td>\n<\/tr>\n<\/tbody>\n<\/table>\n<p>&nbsp;<\/p>\n<p>&nbsp;<\/p>\n<table width=\"738\">\n<tbody>\n<tr>\n<td colspan=\"2\" width=\"605\"><strong>23 &nbsp;pa<\/strong><strong>\u017a<\/strong><strong>dziernika &nbsp;&nbsp;&nbsp;<\/strong><strong>WTOREK<\/strong><\/td>\n<td width=\"133\">\u0141k 12, 35-38<\/td>\n<\/tr>\n<tr>\n<td width=\"99\">8:00<\/td>\n<td colspan=\"2\" width=\"639\">\u015ap. Anna Mu\u017cy\u0142o (23 greg)<\/td>\n<\/tr>\n<tr>\n<td width=\"99\">18:00<\/td>\n<td colspan=\"2\" width=\"639\">\u015ap. Ma\u0142gorzata Kaczorowska (30 dz.p.p)<\/td>\n<\/tr>\n<tr>\n<td width=\"99\">18:00<\/td>\n<td colspan=\"2\" width=\"639\">\u015ap. Irena Wile\u0144ska oraz zm. z rodzin: Wile\u0144skich i Bartosik\u00f3w<\/td>\n<\/tr>\n<\/tbody>\n<\/table>\n<p>&nbsp;<\/p>\n<p>&nbsp;<\/p>\n<table width=\"738\">\n<tbody>\n<tr>\n<td colspan=\"2\" width=\"605\"><strong>24 &nbsp;pa<\/strong><strong>\u017a<\/strong><strong>dziernika &nbsp;&nbsp;\u015aRODA<\/strong><\/td>\n<td width=\"133\">\u0141k 12, 39-48<\/td>\n<\/tr>\n<tr>\n<td width=\"99\">8:00<\/td>\n<td colspan=\"2\" width=\"639\">\u015ap. Anna Mu\u017cy\u0142o (24 greg)<\/td>\n<\/tr>\n<tr>\n<td width=\"99\">17:30<\/td>\n<td colspan=\"2\" width=\"639\"><em>Nabo\u017ce\u0144stwo ku czci Matki Bo\u017cej Nieustaj\u0105cej Pomocy<\/em><\/td>\n<\/tr>\n<tr>\n<td width=\"99\">18:00<\/td>\n<td colspan=\"2\" width=\"639\">W intencji czcicieli i czcicielek Matki Bo\u017cej Nieustaj\u0105cej Pomocy<\/td>\n<\/tr>\n<tr>\n<td width=\"99\">18:00<\/td>\n<td colspan=\"2\" width=\"639\">\u015ap. Halina Gilgenast (30 dz.p.p.)<\/td>\n<\/tr>\n<\/tbody>\n<\/table>\n<p>&nbsp;<\/p>\n<p>&nbsp;<\/p>\n<table width=\"738\">\n<tbody>\n<tr>\n<td colspan=\"2\" width=\"605\"><strong>25 &nbsp;pa<\/strong><strong>\u017a<\/strong><strong>dziernika &nbsp;&nbsp;&nbsp;CZWARTEK <\/strong><\/td>\n<td width=\"133\">\u0141k 12, 49-53<\/td>\n<\/tr>\n<tr>\n<td width=\"99\">8:00<\/td>\n<td colspan=\"2\" width=\"639\">\u015ap. Bronis\u0142awa i Leon Pr\u0105dzy\u0144scy oraz Genowefa i Marian Fr\u0105tczakowie<\/td>\n<\/tr>\n<tr>\n<td width=\"99\">18:00<\/td>\n<td colspan=\"2\" width=\"639\">\u015ap. Anna Mu\u017cy\u0142o (25 greg)<\/td>\n<\/tr>\n<tr>\n<td width=\"99\">18:00<\/td>\n<td colspan=\"2\" width=\"639\">\u015ap. Irena Osojca (30 dz. p .p.)<\/td>\n<\/tr>\n<\/tbody>\n<\/table>\n<p>&nbsp;<\/p>\n<p>&nbsp;<\/p>\n<table width=\"738\">\n<tbody>\n<tr>\n<td colspan=\"2\" width=\"605\"><strong>26 &nbsp;pa<\/strong><strong>\u017a<\/strong><strong>dziernika &nbsp;&nbsp;PI\u0104TEK <\/strong><\/td>\n<td width=\"133\">\u0141k 12, 54-59<\/td>\n<\/tr>\n<tr>\n<td width=\"99\">8:00<\/td>\n<td colspan=\"2\" width=\"639\">Za zmar\u0142ych z rodziny Dziekan<\/td>\n<\/tr>\n<tr>\n<td width=\"99\">18:00<\/td>\n<td colspan=\"2\" width=\"639\">\u015ap. Anna Mu\u017cy\u0142o (26 greg)<\/td>\n<\/tr>\n<\/tbody>\n<\/table>\n<p>&nbsp;<\/p>\n<p>&nbsp;<\/p>\n<table width=\"738\">\n<tbody>\n<tr>\n<td colspan=\"2\" width=\"605\"><strong>27 pa<\/strong><strong>\u017a<\/strong><strong>dziernika SOBOTA<\/strong><\/td>\n<td width=\"133\">\u0141k 13, 1-9<\/td>\n<\/tr>\n<tr>\n<td width=\"99\">8:00<\/td>\n<td colspan=\"2\" width=\"639\">\u015ap. Anna Mu\u017cy\u0142o (27 greg)<\/td>\n<\/tr>\n<tr>\n<td width=\"99\">18:00<\/td>\n<td colspan=\"2\" width=\"639\">\u015ap.Cezary Grajkowski (3 rocz. \u015bm)<\/td>\n<\/tr>\n<\/tbody>\n<\/table>\n<p>&nbsp;<\/p>\n<p>&nbsp;<\/p>\n<table width=\"738\">\n<tbody>\n<tr>\n<td colspan=\"2\" width=\"605\"><strong>28 &nbsp;pa<\/strong><strong>\u017a<\/strong><strong>dziernika &nbsp;&nbsp;&nbsp;XXX NIEDZIELA ZWYK\u0141A <\/strong><\/td>\n<td width=\"133\">Mk 10, 46b-52<\/td>\n<\/tr>\n<tr>\n<td width=\"99\">7:00<\/td>\n<td colspan=\"2\" width=\"639\">Za zmar\u0142ych z rodziny Dziekan<\/td>\n<\/tr>\n<tr>\n<td width=\"99\">9:00<\/td>\n<td colspan=\"2\" width=\"639\">\u015ap. Ignacy Rymarczyk &#8211; int. od Jacka Szuster z rodzin\u0105 z Katowic<\/td>\n<\/tr>\n<tr>\n<td width=\"99\">10:30<\/td>\n<td colspan=\"2\" width=\"639\">Dzi\u0119kczynna z okazji 2 urodzin Piotrusia oraz 23 urodzin Ma\u0142gorzaty z pro\u015bb\u0105 o Bo\u017ce b\u0142ogos\u0142awie\u0144stwo, potrzebne \u0142aski dla jubilat\u00f3w i ich rodzin<\/td>\n<\/tr>\n<tr>\n<td width=\"99\"><strong>12:00<\/strong><\/td>\n<td colspan=\"2\" width=\"639\"><strong>Za parafian <\/strong><\/td>\n<\/tr>\n<tr>\n<td width=\"99\">15:00<\/td>\n<td colspan=\"2\" width=\"639\">\u015ap. J\u00f3zef Sejmicki (10 rocz. \u015bm)<\/td>\n<\/tr>\n<tr>\n<td width=\"99\">18:00<\/td>\n<td colspan=\"2\" width=\"639\">\u015ap. Anna Mu\u017cy\u0142o (28 greg)<\/td>\n<\/tr>\n<\/tbody>\n<\/table>\n<p>&nbsp;<\/p>\n<p>&nbsp;<\/p>\n<p>&nbsp;<\/p>\n","protected":false},"excerpt":{"rendered":"<p>&nbsp; &nbsp; 22 pa\u017adziernika&nbsp;&nbsp; PONIEDZIA\u0141EK Wspomnienie \u015bw. Jana Paw\u0142a II, papie\u017ca \u0141k 12, 13-21 8:00 O \u0142ask\u0119 nieba dla \u015ap. Ireneusza Makowskiego i \u015ap. Lidii Szurka oraz zmar\u0142ych z ich rodzin 18:00 \u015ap. Anna Mu\u017cy\u0142o (22 greg) &nbsp; &nbsp; 23 &nbsp;pa\u017adziernika &nbsp;&nbsp;&nbsp;WTOREK \u0141k 12, 35-38 8:00 \u015ap. Anna Mu\u017cy\u0142o (23 greg) 18:00 \u015ap. Ma\u0142gorzata Kaczorowska [&hellip;]<\/p>\n","protected":false},"author":1,"featured_media":2526,"comment_status":"closed","ping_status":"closed","sticky":false,"template":"","format":"standard","meta":{"ngg_post_thumbnail":0,"footnotes":""},"categories":[11,8,4],"tags":[],"class_list":["post-3212","post","type-post","status-publish","format-standard","has-post-thumbnail","hentry","category-aktualnosci","category-blog","category-intencje"],"_links":{"self":[{"href":"https:\/\/rafalk-elblag.pl\/index.php?rest_route=\/wp\/v2\/posts\/3212","targetHints":{"allow":["GET"]}}],"collection":[{"href":"https:\/\/rafalk-elblag.pl\/index.php?rest_route=\/wp\/v2\/posts"}],"about":[{"href":"https:\/\/rafalk-elblag.pl\/index.php?rest_route=\/wp\/v2\/types\/post"}],"author":[{"embeddable":true,"href":"https:\/\/rafalk-elblag.pl\/index.php?rest_route=\/wp\/v2\/users\/1"}],"replies":[{"embeddable":true,"href":"https:\/\/rafalk-elblag.pl\/index.php?rest_route=%2Fwp%2Fv2%2Fcomments&post=3212"}],"version-history":[{"count":1,"href":"https:\/\/rafalk-elblag.pl\/index.php?rest_route=\/wp\/v2\/posts\/3212\/revisions"}],"predecessor-version":[{"id":3213,"href":"https:\/\/rafalk-elblag.pl\/index.php?rest_route=\/wp\/v2\/posts\/3212\/revisions\/3213"}],"wp:featuredmedia":[{"embeddable":true,"href":"https:\/\/rafalk-elblag.pl\/index.php?rest_route=\/wp\/v2\/media\/2526"}],"wp:attachment":[{"href":"https:\/\/rafalk-elblag.pl\/index.php?rest_route=%2Fwp%2Fv2%2Fmedia&parent=3212"}],"wp:term":[{"taxonomy":"category","embeddable":true,"href":"https:\/\/rafalk-elblag.pl\/index.php?rest_route=%2Fwp%2Fv2%2Fcategories&post=3212"},{"taxonomy":"post_tag","embeddable":true,"href":"https:\/\/rafalk-elblag.pl\/index.php?rest_route=%2Fwp%2Fv2%2Ftags&post=3212"}],"curies":[{"name":"wp","href":"https:\/\/api.w.org\/{rel}","templated":true}]}}