{"id":3209,"date":"2018-10-05T16:36:32","date_gmt":"2018-10-05T16:36:32","guid":{"rendered":"http:\/\/rafalk-elblag.pl\/?p=3209"},"modified":"2018-10-05T16:36:32","modified_gmt":"2018-10-05T16:36:32","slug":"ogloszenia-parafialne-7-10-2018-r-xxvii-niedziela-zwykla","status":"publish","type":"post","link":"https:\/\/rafalk-elblag.pl\/?p=3209","title":{"rendered":"OG\u0141OSZENIA PARAFIALNE 7.10.2018 R. \u2013 XXVII NIEDZIELA ZWYK\u0141A"},"content":{"rendered":"<p><a href=\"http:\/\/rafalk-elblag.pl\/wp-content\/uploads\/2016\/12\/pulpit.jpg\"><img loading=\"lazy\" decoding=\"async\" class=\"alignnone size-large wp-image-2530\" src=\"http:\/\/rafalk-elblag.pl\/wp-content\/uploads\/2016\/12\/pulpit-1024x682.jpg\" alt=\"\" width=\"900\" height=\"599\" srcset=\"https:\/\/rafalk-elblag.pl\/wp-content\/uploads\/2016\/12\/pulpit-1024x682.jpg 1024w, https:\/\/rafalk-elblag.pl\/wp-content\/uploads\/2016\/12\/pulpit-300x200.jpg 300w, https:\/\/rafalk-elblag.pl\/wp-content\/uploads\/2016\/12\/pulpit-768x512.jpg 768w, https:\/\/rafalk-elblag.pl\/wp-content\/uploads\/2016\/12\/pulpit.jpg 1698w\" sizes=\"auto, (max-width: 900px) 100vw, 900px\" \/><\/a><\/p>\n<p>&nbsp;<\/p>\n<p>1. W dniu dzisiejszym indywidualna Adoracja Naj\u015bwi\u0119tszego Sakramentu od godz. 16:10 do godz. 17:15. Znajd\u017a czas, aby by\u0107 sam na sam z Twoim Panem.<\/p>\n<p>&nbsp;<\/p>\n<p>2. Miesi\u0105c R\u00f3\u017ca\u0144ca \u015awi\u0119tego. Zapraszamy na nabo\u017ce\u0144stwa z wystawieniem Naj\u015bwi\u0119tszego Sakramentu. Wierni, kt\u00f3rzy odmawiaj\u0105 cz\u0119\u015b\u0107 R\u00f3\u017ca\u0144ca (5 dziesi\u0105tek) w ko\u015bciele lub rodzinie mog\u0105 uzyska\u0107 Odpust Zupe\u0142ny. Zapraszamy do wsp\u00f3lnej modlitwy: doros\u0142ych i m\u0142odzie\u017c o godz. 17:15, a dzieci zapraszamy: w poniedzia\u0142ki i \u015brody o godz. 16:30.<\/p>\n<p>&nbsp;<\/p>\n<p>3. Dzisiaj po Mszy \u015bw. wieczorowej o godz. 19:00 spotkanie na plebanii wszystkich R\u00f3\u017c R\u00f3\u017ca\u0144cowych (przy parafii istnieje 12 R\u00f3\u017c) z okazji \u015bwi\u0119ta Matki Bo\u017cej R\u00f3\u017ca\u0144cowej. Serdecznie zapraszam.<\/p>\n<p>&nbsp;<\/p>\n<p>4. Dzisiaj ofiary zbierane na tac\u0119 przeznaczona s\u0105 na uregulowanie kolejnej raty za wykonane \u0142awki do naszego ko\u015bcio\u0142a. B\u00f3g zap\u0142a\u0107 za sk\u0142adane ofiary.<\/p>\n<p>&nbsp;<\/p>\n<p>5. Jutro na Mszy \u015bw. o godz. 18:00 w drug\u0105 rocznic\u0119 \u015bwi\u0119ce\u0144 kap\u0142a\u0144skich b\u0119dziemy dzi\u0119kowa\u0107 za \u017cycie i powo\u0142anie ks. Marcina Marciniaka. Zapraszamy ju\u017c na godz. 17:15 na R\u00f3\u017caniec w powy\u017cszej intencji. \u017byczymy ks. Marcinowi \u015bwi\u0119to\u015bci w kap\u0142a\u0144stwie.<\/p>\n<p>&nbsp;<\/p>\n<p>6. Zainteresowanych Pismem \u015awi\u0119tym zapraszamy na spotkanie Kr\u0119gu Biblijnego w \u015brod\u0119 o godz. 19.00 w sali na plebanii.<\/p>\n<p>&nbsp;<\/p>\n<p>7. W przysz\u0142\u0105 niedziel\u0119 obchodzi\u0107 b\u0119dziemy XVIII Dzie\u0144 Papieski pod has\u0142em \u201ePromieniowanie ojcostwa\u201d. Z tej okazji m\u0142odzie\u017c przed ko\u015bcio\u0142em b\u0119dzie zbiera\u0107 do puszek pieni\u0105dze na stypendia w ramach fundacji Dzie\u0142o Nowego Tysi\u0105clecia.<\/p>\n<p>&nbsp;<\/p>\n<p>8. Mamy ju\u017c mo\u017cliwo\u015b\u0107 zamawiania i rezerwacji Mszy \u015bwi\u0119tej na ROK 2019. Informacj\u0119 t\u0119 podajemy dla tych wszystkich, kt\u00f3rzy pragn\u0105 w konkretnym dniu zam\u00f3wi\u0107 intencj\u0119 mszaln\u0105.<\/p>\n<p>&nbsp;<\/p>\n<p>9. Domowy Ko\u015bci\u00f3\u0142 Diecezji Elbl\u0105skiej zaprasza 17 listopada br. na godzin\u0119 18:00 do Ko\u015bcio\u0142a Przemienienia Pa\u0144skiego w Nowym Dworze Gda\u0144skim na II Diecezjalny Jubileusz Ma\u0142\u017ce\u0144ski. Wydarzenie to b\u0119dzie okazj\u0105 do odnowienia przysi\u0119gi ma\u0142\u017ce\u0144skiej, do powt\u00f3rnego \u015blubowania mi\u0142o\u015bci, wierno\u015bci, uczciwo\u015bci i wytrwa\u0142o\u015bci a\u017c do \u015bmierci. Uczestnik\u00f3w jubileuszu, a tak\u017ce inne ch\u0119tne pary chc\u0105ce \u015bwi\u0119towa\u0107 100 &#8211; lecie odzyskania niepodleg\u0142o\u015bci przez Polsk\u0119, zapraszamy tego samego dnia do \u017bu\u0142awskiego O\u015brodka Kultury w Nowym Dworze Gda\u0144skim na godzin\u0119 19:00 na uroczysty bezalkoholowy Bal Dla Niepodleg\u0142ej. Patronat nad wydarzeniami obj\u0105\u0142 Biskup Elbl\u0105ski Jacek Jezierski oraz Burmistrz Nowego Dworu Gda\u0144skiego Jacek Michalski. Wi\u0119cej informacji na plakacie, na stronie internetowej Domowego Ko\u015bcio\u0142a Diecezji Elbl\u0105skiej (www.dk.elblag.pl) oraz profilu fejsbukowym DK Elbl\u0105g.<\/p>\n<p>&nbsp;<\/p>\n<p>10. Mo\u017cliwo\u015b\u0107 skorzystanie z Sakramentu Spowiedzi \u015awi\u0119tej w tygodniu mamy: od godz. 7:45 oraz od godz. 17:30.<\/p>\n<p>&nbsp;<\/p>\n<p>11. Zach\u0119camy do czytania prasy katolickiej: nowy numer \u201eGo\u015bcia Niedzielnego\u201d w cenie 5 z\u0142. oraz dodatek \u201eGo\u015b\u0107 Elbl\u0105ski\u201d a nim wydarzenia z diecezji.<\/p>\n<p>&nbsp;<\/p>\n<p>&nbsp;<\/p>\n","protected":false},"excerpt":{"rendered":"<p>&nbsp; 1. W dniu dzisiejszym indywidualna Adoracja Naj\u015bwi\u0119tszego Sakramentu od godz. 16:10 do godz. 17:15. Znajd\u017a czas, aby by\u0107 sam na sam z Twoim Panem. &nbsp; 2. Miesi\u0105c R\u00f3\u017ca\u0144ca \u015awi\u0119tego. Zapraszamy na nabo\u017ce\u0144stwa z wystawieniem Naj\u015bwi\u0119tszego Sakramentu. Wierni, kt\u00f3rzy odmawiaj\u0105 cz\u0119\u015b\u0107 R\u00f3\u017ca\u0144ca (5 dziesi\u0105tek) w ko\u015bciele lub rodzinie mog\u0105 uzyska\u0107 Odpust Zupe\u0142ny. Zapraszamy do wsp\u00f3lnej [&hellip;]<\/p>\n","protected":false},"author":1,"featured_media":2530,"comment_status":"closed","ping_status":"closed","sticky":false,"template":"","format":"standard","meta":{"ngg_post_thumbnail":0,"footnotes":""},"categories":[11,8,3],"tags":[],"class_list":["post-3209","post","type-post","status-publish","format-standard","has-post-thumbnail","hentry","category-aktualnosci","category-blog","category-ogloszenia"],"_links":{"self":[{"href":"https:\/\/rafalk-elblag.pl\/index.php?rest_route=\/wp\/v2\/posts\/3209","targetHints":{"allow":["GET"]}}],"collection":[{"href":"https:\/\/rafalk-elblag.pl\/index.php?rest_route=\/wp\/v2\/posts"}],"about":[{"href":"https:\/\/rafalk-elblag.pl\/index.php?rest_route=\/wp\/v2\/types\/post"}],"author":[{"embeddable":true,"href":"https:\/\/rafalk-elblag.pl\/index.php?rest_route=\/wp\/v2\/users\/1"}],"replies":[{"embeddable":true,"href":"https:\/\/rafalk-elblag.pl\/index.php?rest_route=%2Fwp%2Fv2%2Fcomments&post=3209"}],"version-history":[{"count":1,"href":"https:\/\/rafalk-elblag.pl\/index.php?rest_route=\/wp\/v2\/posts\/3209\/revisions"}],"predecessor-version":[{"id":3210,"href":"https:\/\/rafalk-elblag.pl\/index.php?rest_route=\/wp\/v2\/posts\/3209\/revisions\/3210"}],"wp:featuredmedia":[{"embeddable":true,"href":"https:\/\/rafalk-elblag.pl\/index.php?rest_route=\/wp\/v2\/media\/2530"}],"wp:attachment":[{"href":"https:\/\/rafalk-elblag.pl\/index.php?rest_route=%2Fwp%2Fv2%2Fmedia&parent=3209"}],"wp:term":[{"taxonomy":"category","embeddable":true,"href":"https:\/\/rafalk-elblag.pl\/index.php?rest_route=%2Fwp%2Fv2%2Fcategories&post=3209"},{"taxonomy":"post_tag","embeddable":true,"href":"https:\/\/rafalk-elblag.pl\/index.php?rest_route=%2Fwp%2Fv2%2Ftags&post=3209"}],"curies":[{"name":"wp","href":"https:\/\/api.w.org\/{rel}","templated":true}]}}