{"id":3207,"date":"2018-10-05T16:29:20","date_gmt":"2018-10-05T16:29:20","guid":{"rendered":"http:\/\/rafalk-elblag.pl\/?p=3207"},"modified":"2018-10-05T16:29:20","modified_gmt":"2018-10-05T16:29:20","slug":"intencje-mszalne-na-xxvii-tydzien-zwykly-8-14-10-2018","status":"publish","type":"post","link":"https:\/\/rafalk-elblag.pl\/?p=3207","title":{"rendered":"INTENCJE MSZALNE NA XXVII TYDZIE\u0143 ZWYK\u0141Y (8-14. 10. 2018)"},"content":{"rendered":"<p><a href=\"http:\/\/rafalk-elblag.pl\/wp-content\/uploads\/2016\/12\/shutterstock_49643152-1000.jpg\"><img loading=\"lazy\" decoding=\"async\" class=\"alignnone size-full wp-image-2526\" src=\"http:\/\/rafalk-elblag.pl\/wp-content\/uploads\/2016\/12\/shutterstock_49643152-1000.jpg\" alt=\"\" width=\"1000\" height=\"665\" srcset=\"https:\/\/rafalk-elblag.pl\/wp-content\/uploads\/2016\/12\/shutterstock_49643152-1000.jpg 1000w, https:\/\/rafalk-elblag.pl\/wp-content\/uploads\/2016\/12\/shutterstock_49643152-1000-300x200.jpg 300w, https:\/\/rafalk-elblag.pl\/wp-content\/uploads\/2016\/12\/shutterstock_49643152-1000-768x511.jpg 768w\" sizes=\"auto, (max-width: 1000px) 100vw, 1000px\" \/><\/a><\/p>\n<p>&nbsp;<\/p>\n<table width=\"738\">\n<tbody>\n<tr>\n<td colspan=\"2\" width=\"605\"><strong>08 pa<\/strong><strong>\u017a<\/strong><strong>dziernika&nbsp;&nbsp; PONIEDZIA\u0141EK<\/strong><\/td>\n<td width=\"133\">\u0141k 10, 25-37<\/td>\n<\/tr>\n<tr>\n<td width=\"99\">8:00<\/td>\n<td colspan=\"2\" width=\"639\">\u015ap. Anna Mu\u017cy\u0142o (8 greg)<\/td>\n<\/tr>\n<tr>\n<td width=\"99\">18:00<\/td>\n<td colspan=\"2\" width=\"639\">\u015ap. Helena Bukojemska (5 rocz. \u015bm)<\/td>\n<\/tr>\n<tr>\n<td width=\"99\">18.00<\/td>\n<td colspan=\"2\" width=\"639\">W intencji ks. Marcina z okazji 2 rocz. \u015bwi\u0119ce\u0144 kap\u0142a\u0144skich<\/td>\n<\/tr>\n<\/tbody>\n<\/table>\n<p>&nbsp;<\/p>\n<p>&nbsp;<\/p>\n<table width=\"738\">\n<tbody>\n<tr>\n<td colspan=\"2\" width=\"605\"><strong>09 &nbsp;pa<\/strong><strong>\u017a<\/strong><strong>dziernika &nbsp;&nbsp;&nbsp;<\/strong><strong>WTOREK<\/strong><\/td>\n<td width=\"133\">\u0141k 10, 38-42<\/td>\n<\/tr>\n<tr>\n<td width=\"99\">8:00<\/td>\n<td colspan=\"2\" width=\"639\">\u015ap. Marcin Wi\u015bniewski (28 rocz. \u015bm) &nbsp;<\/td>\n<\/tr>\n<tr>\n<td width=\"99\">18:00<\/td>\n<td colspan=\"2\" width=\"639\">\u015ap. Anna Mu\u017cy\u0142o (9 greg)<\/td>\n<\/tr>\n<\/tbody>\n<\/table>\n<p>&nbsp;<\/p>\n<p>&nbsp;<\/p>\n<table width=\"738\">\n<tbody>\n<tr>\n<td colspan=\"2\" width=\"605\"><strong>10 &nbsp;pa<\/strong><strong>\u017a<\/strong><strong>dziernika &nbsp;&nbsp;\u015aRODA<\/strong><\/td>\n<td width=\"133\"><em>\u0141k 11, 1-4<\/em><\/td>\n<\/tr>\n<tr>\n<td width=\"99\">8:00<\/td>\n<td colspan=\"2\" width=\"639\">\u015ap. Anna Mu\u017cy\u0142o (10 greg)<\/td>\n<\/tr>\n<tr>\n<td width=\"99\">18:00<\/td>\n<td colspan=\"2\" width=\"639\">W intencji czcicieli Matki Bo\u017cej Nieustaj\u0105cej Pomocy<\/td>\n<\/tr>\n<tr>\n<td width=\"99\">18.00<\/td>\n<td colspan=\"2\" width=\"639\">O \u015bwiat\u0142o Ducha \u015awi\u0119tego, wszelkie \u0142aski i opiek\u0119 \u015bw. Hieronima dla wsp\u00f3lnoty Kr\u0119gu Biblijnego w naszej parafii, oraz wytrwa\u0142o\u015b\u0107 w zg\u0142\u0119bianiu i rozwa\u017caniu Pisma \u015awi\u0119tego.<\/td>\n<\/tr>\n<\/tbody>\n<\/table>\n<p>&nbsp;<\/p>\n<p>&nbsp;<\/p>\n<table width=\"738\">\n<tbody>\n<tr>\n<td colspan=\"2\" width=\"605\"><strong>11 &nbsp;pa<\/strong><strong>\u017a<\/strong><strong>dziernika &nbsp;&nbsp;&nbsp;CZWARTEK <\/strong><\/p>\n<p>wsp. \u015bw. Jana XXIII, papie\u017ca<\/td>\n<td width=\"133\">\u0141k 11, 5-13<\/td>\n<\/tr>\n<tr>\n<td width=\"99\">8:00<\/td>\n<td colspan=\"2\" width=\"639\">\u015ap. Anna Mu\u017cy\u0142o (11 greg)<\/td>\n<\/tr>\n<tr>\n<td width=\"99\">18:00<\/td>\n<td colspan=\"2\" width=\"639\">\u015ap. J\u00f3zef Kwiatosz z okazji urodzin oraz zm. rodzic\u00f3w z obojga stron<\/td>\n<\/tr>\n<tr>\n<td width=\"99\">18.00<\/td>\n<td colspan=\"2\" width=\"639\">Za Ojczyzn\u0119 i parafi\u0119 &#8211; int. od Domowego Ko\u015bcio\u0142a<\/td>\n<\/tr>\n<\/tbody>\n<\/table>\n<p>&nbsp;<\/p>\n<p>&nbsp;<\/p>\n<table width=\"738\">\n<tbody>\n<tr>\n<td colspan=\"2\" width=\"605\"><strong>12 &nbsp;pa<\/strong><strong>\u017a<\/strong><strong>dziernika &nbsp;&nbsp;PI\u0104TEK <\/strong><\/td>\n<td width=\"133\">\u0141k 11, 15-26<\/td>\n<\/tr>\n<tr>\n<td width=\"99\">8:00<\/td>\n<td colspan=\"2\" width=\"639\">Zmar\u0142ych z rodziny Dziekan<\/td>\n<\/tr>\n<tr>\n<td width=\"99\">18:00<\/td>\n<td colspan=\"2\" width=\"639\">\u015ap. Anna Mu\u017cy\u0142o (12 greg)<\/td>\n<\/tr>\n<\/tbody>\n<\/table>\n<p>&nbsp;<\/p>\n<p>&nbsp;<\/p>\n<table width=\"738\">\n<tbody>\n<tr>\n<td colspan=\"2\" width=\"605\"><strong>13 pa<\/strong><strong>\u017a<\/strong><strong>dziernika SOBOTA<\/strong><\/p>\n<p>Wsp. b\u0142. Honorata Ko\u017ami\u0144skiego, prezbitera<\/td>\n<td width=\"133\">\u0141k 11, 27-28<\/td>\n<\/tr>\n<tr>\n<td width=\"99\">8:00<\/td>\n<td colspan=\"2\" width=\"639\">\u015ap. Anna Mu\u017cy\u0142o (13 greg)<\/td>\n<\/tr>\n<tr>\n<td width=\"99\">18:00<\/td>\n<td colspan=\"2\" width=\"639\">Za zmar\u0142ych z rodziny Dziekan<\/td>\n<\/tr>\n<tr>\n<td width=\"99\">18.00<\/td>\n<td colspan=\"2\" width=\"639\">O Bo\u017ce b\u0142og i opiek\u0119 Matki Bo\u017cej dla Klaudii w dniu urodzin<\/td>\n<\/tr>\n<\/tbody>\n<\/table>\n<p>&nbsp;<\/p>\n<p>&nbsp;<\/p>\n<table width=\"738\">\n<tbody>\n<tr>\n<td colspan=\"2\" width=\"605\"><strong>14 &nbsp;pa<\/strong><strong>\u017a<\/strong><strong>dziernika &nbsp;&nbsp;&nbsp;XXVIII NIEDZIELA ZWYK\u0141A <\/strong><\/td>\n<td width=\"133\">Mk 10, 17-30<\/td>\n<\/tr>\n<tr>\n<td width=\"99\">7:00<\/td>\n<td colspan=\"2\" width=\"639\">\u015ap. Anna Mu\u017cy\u0142o (14 greg)<\/td>\n<\/tr>\n<tr>\n<td width=\"99\">9:00<\/td>\n<td colspan=\"2\" width=\"639\">Rezerwacja<\/td>\n<\/tr>\n<tr>\n<td width=\"99\">9.00<\/td>\n<td colspan=\"2\" width=\"639\">\u015ap. Jan D\u017cugan (2 rocz. \u015bm), Zbigniew D\u017cugan (7 rocz. \u015bm)<\/td>\n<\/tr>\n<tr>\n<td width=\"99\">10:30<\/td>\n<td colspan=\"2\" width=\"639\">Dzi\u0119kczynna z okazji 4 rocznicy urodzin Micha\u0142a Banasiuk z pro\u015bb\u0105 o Bo\u017ce b\u0142, wszelkie \u0142aski i opiek\u0119 Matki Bo\u017cej<\/td>\n<\/tr>\n<tr>\n<td width=\"99\"><strong>12:00<\/strong><\/td>\n<td colspan=\"2\" width=\"639\"><strong>Za parafian<\/strong><\/td>\n<\/tr>\n<tr>\n<td width=\"99\">15:00<\/td>\n<td colspan=\"2\" width=\"639\">\u015ap. Leszek Szandrach (10 rocz. \u015bm)<\/td>\n<\/tr>\n<tr>\n<td width=\"99\">18:00<\/td>\n<td colspan=\"2\" width=\"639\">\u015ap. Ignacy Rymarczyk &#8211; int. od kolegi Stanis\u0142awa Cudka ze Szczy\u017cyca<\/td>\n<\/tr>\n<\/tbody>\n<\/table>\n<p>&nbsp;<\/p>\n<p>&nbsp;<\/p>\n<p>&nbsp;<\/p>\n","protected":false},"excerpt":{"rendered":"<p>&nbsp; 08 pa\u017adziernika&nbsp;&nbsp; PONIEDZIA\u0141EK \u0141k 10, 25-37 8:00 \u015ap. Anna Mu\u017cy\u0142o (8 greg) 18:00 \u015ap. Helena Bukojemska (5 rocz. \u015bm) 18.00 W intencji ks. Marcina z okazji 2 rocz. \u015bwi\u0119ce\u0144 kap\u0142a\u0144skich &nbsp; &nbsp; 09 &nbsp;pa\u017adziernika &nbsp;&nbsp;&nbsp;WTOREK \u0141k 10, 38-42 8:00 \u015ap. Marcin Wi\u015bniewski (28 rocz. \u015bm) &nbsp; 18:00 \u015ap. Anna Mu\u017cy\u0142o (9 greg) &nbsp; &nbsp; [&hellip;]<\/p>\n","protected":false},"author":1,"featured_media":2526,"comment_status":"closed","ping_status":"closed","sticky":false,"template":"","format":"standard","meta":{"ngg_post_thumbnail":0,"footnotes":""},"categories":[11,8,4],"tags":[],"class_list":["post-3207","post","type-post","status-publish","format-standard","has-post-thumbnail","hentry","category-aktualnosci","category-blog","category-intencje"],"_links":{"self":[{"href":"https:\/\/rafalk-elblag.pl\/index.php?rest_route=\/wp\/v2\/posts\/3207","targetHints":{"allow":["GET"]}}],"collection":[{"href":"https:\/\/rafalk-elblag.pl\/index.php?rest_route=\/wp\/v2\/posts"}],"about":[{"href":"https:\/\/rafalk-elblag.pl\/index.php?rest_route=\/wp\/v2\/types\/post"}],"author":[{"embeddable":true,"href":"https:\/\/rafalk-elblag.pl\/index.php?rest_route=\/wp\/v2\/users\/1"}],"replies":[{"embeddable":true,"href":"https:\/\/rafalk-elblag.pl\/index.php?rest_route=%2Fwp%2Fv2%2Fcomments&post=3207"}],"version-history":[{"count":1,"href":"https:\/\/rafalk-elblag.pl\/index.php?rest_route=\/wp\/v2\/posts\/3207\/revisions"}],"predecessor-version":[{"id":3208,"href":"https:\/\/rafalk-elblag.pl\/index.php?rest_route=\/wp\/v2\/posts\/3207\/revisions\/3208"}],"wp:featuredmedia":[{"embeddable":true,"href":"https:\/\/rafalk-elblag.pl\/index.php?rest_route=\/wp\/v2\/media\/2526"}],"wp:attachment":[{"href":"https:\/\/rafalk-elblag.pl\/index.php?rest_route=%2Fwp%2Fv2%2Fmedia&parent=3207"}],"wp:term":[{"taxonomy":"category","embeddable":true,"href":"https:\/\/rafalk-elblag.pl\/index.php?rest_route=%2Fwp%2Fv2%2Fcategories&post=3207"},{"taxonomy":"post_tag","embeddable":true,"href":"https:\/\/rafalk-elblag.pl\/index.php?rest_route=%2Fwp%2Fv2%2Ftags&post=3207"}],"curies":[{"name":"wp","href":"https:\/\/api.w.org\/{rel}","templated":true}]}}