{"id":3205,"date":"2018-10-05T16:16:13","date_gmt":"2018-10-05T16:16:13","guid":{"rendered":"http:\/\/rafalk-elblag.pl\/?p=3205"},"modified":"2018-10-05T16:16:13","modified_gmt":"2018-10-05T16:16:13","slug":"ogloszenia-parafialne-30-09-2018-r-xxvi-niedziela-zwykla","status":"publish","type":"post","link":"https:\/\/rafalk-elblag.pl\/?p=3205","title":{"rendered":"OG\u0141OSZENIA PARAFIALNE 30.09.2018 R. \u2013 XXVI NIEDZIELA ZWYK\u0141A"},"content":{"rendered":"<p><a href=\"http:\/\/rafalk-elblag.pl\/wp-content\/uploads\/2016\/12\/pulpit.jpg\"><img loading=\"lazy\" decoding=\"async\" class=\"alignnone size-large wp-image-2530\" src=\"http:\/\/rafalk-elblag.pl\/wp-content\/uploads\/2016\/12\/pulpit-1024x682.jpg\" alt=\"\" width=\"900\" height=\"599\" srcset=\"https:\/\/rafalk-elblag.pl\/wp-content\/uploads\/2016\/12\/pulpit-1024x682.jpg 1024w, https:\/\/rafalk-elblag.pl\/wp-content\/uploads\/2016\/12\/pulpit-300x200.jpg 300w, https:\/\/rafalk-elblag.pl\/wp-content\/uploads\/2016\/12\/pulpit-768x512.jpg 768w, https:\/\/rafalk-elblag.pl\/wp-content\/uploads\/2016\/12\/pulpit.jpg 1698w\" sizes=\"auto, (max-width: 900px) 100vw, 900px\" \/><\/a><\/p>\n<p><strong>1. Przed nami miesi\u0105c R\u00f3\u017ca\u0144ca \u015awi\u0119tego.<\/strong> Zapraszamy na nabo\u017ce\u0144stwa z wystawieniem Naj\u015bwi\u0119tszego Sakramentu. Wierni, kt\u00f3rzy odmawiaj\u0105 cz\u0119\u015b\u0107 R\u00f3\u017ca\u0144ca (5 dziesi\u0105tek) w ko\u015bciele lub rodzinie mog\u0105 uzyska\u0107 <strong>Odpust Zupe\u0142ny<\/strong>. Zapraszamy do wsp\u00f3lnej modlitwy: doros\u0142ych i m\u0142odzie\u017c <strong>o godz. 17:15<\/strong>, a dzieci zapraszamy: <strong>w poniedzia\u0142ki i \u015brody o godz. 16:30.<\/strong><\/p>\n<p>&nbsp;<\/p>\n<p>2. Dzisiaj, po Mszy \u015awi\u0119tej wieczornej, o godz. 19:00 odb\u0119dzie si\u0119 spotkanie formacyjne dla kandydat\u00f3w przygotowuj\u0105cych si\u0119 do sakramentu bierzmowania \u2013 ROK II, <strong>obecno\u015b\u0107 obowi\u0105zkowa.<\/strong><\/p>\n<p>&nbsp;<\/p>\n<p>3. Spotkanie dla rodzic\u00f3w dzieci klas IV przygotowuj\u0105cych si\u0119 do <strong>ROCZNICY KOMUNII \u015aWI\u0118TEJ<\/strong> odb\u0119dzie si\u0119 na plebanii o godz. 19:00<\/p>\n<ul>\n<li>w poniedzia\u0142ek 1 pa\u017adziernika klasy IV a i IV b<\/li>\n<li>we wtorek 2 pa\u017adziernika klasa IV c i IV d oraz dzieci z innych szk\u00f3\u0142.<\/li>\n<\/ul>\n<p><em><u>Obecno\u015b\u0107 rodzic\u00f3w obowi\u0105zkowa!<\/u><\/em><\/p>\n<p>&nbsp;<\/p>\n<p><strong>4. W tym tygodniu przypada:<\/strong><\/p>\n<ul>\n<li><strong>I czwartek miesi\u0105ca<\/strong> \u2013 zapraszamy na Msz\u0119 \u015bw. o godz. 18:00, a po niej na Adoracj\u0119 Naj\u015bwi\u0119tszego Sakramentu tj. na \u201eGODZIN\u0118 \u015aWI\u0118T\u0104\u201d. Zapraszamy wszystkie \u201eMargaretki\u201d do wsp\u00f3lnej modlitwy.<\/li>\n<li><strong>I pi\u0105tek miesi\u0105ca: <\/strong>spowied\u017a dla dzieci od godz. 16:00 Msza \u015bw. o godz. 16:30 a spowied\u017a dla doros\u0142ych od godz. 17:30<\/li>\n<li><strong>PRZYPOMINAMY <\/strong>\u017ce dzieci klas IV maj\u0105 spowied\u017a w tygodniu wed\u0142ug ustalonego porz\u0105dku<em>: poniedzia\u0142ek od godz. 17:30 klasa IV A, wtorek od godz. 17:30 klasa IV B \u015broda od godz. 17:30 klasa IV C, czwartek od godz. 17:30 klasa IV D i w pi\u0105tek od godz. 16:00.<\/em> i Msza \u015bw. o godz. 16:30<strong>. Pozosta\u0142e dzieci i m\u0142odzie\u017c zapraszamy do spowiedzi w tygodniu od godz. 17:30<\/strong><\/li>\n<li><strong>I sobota miesi\u0105ca: <\/strong>zapraszamy wszystkich czcicieli Matki Bo\u017cej na nabo\u017ce\u0144stwo po\u0142\u0105czone z Adoracj\u0119 Naj\u015bwi\u0119tszego Sakramentu od godz. 17:00.<\/li>\n<li><strong>W I pi\u0105tek miesi\u0105ca kap\u0142ani <\/strong>udadz\u0105 si\u0119 do chorych. Prosimy zg\u0142asza\u0107 chorych pragn\u0105cych rozpocz\u0105\u0107 9 pierwszych pi\u0105tk\u00f3w.<\/li>\n<\/ul>\n<ol start=\"5\">\n<li><strong>W najbli\u017csz\u0105 sobot\u0119 na Stadionie Narodowym w Warszawie odb\u0119dzie si\u0119 og\u00f3lnopolskie wydarzenie ewangelizacyjne dla m\u0142odzie\u017cy \u2013 STADION M\u0141ODYCH. Z naszej parafii organizujemy grup\u0119 ch\u0119tnych na powy\u017csze wydarzenie. Szczeg\u00f3\u0142owe informacje i zapisy u ks. Marcina.<\/strong><\/li>\n<\/ol>\n<p>6. Mamy ju\u017c mo\u017cliwo\u015b\u0107 zamawiania i rezerwacji Mszy \u015bwi\u0119tej <strong>na ROK 2019<\/strong>. Informacj\u0119 t\u0119 podajemy dla tych wszystkich, kt\u00f3rzy pragn\u0105 w konkretnym dniu zam\u00f3wi\u0107 intencj\u0119 mszaln\u0105.<\/p>\n<p>&nbsp;<\/p>\n<p>7. Za tydzie\u0144 ofiary zbierane na tac\u0119 przeznaczona b\u0119d\u0105 na sp\u0142at\u0119 za uregulowanie kolejny raty za wykonane \u0142awki do naszego ko\u015bcio\u0142a. <em>B\u00f3g zap\u0142a\u0107 za sk\u0142adane ofiary<\/em><strong><em>.<\/em><\/strong><\/p>\n<p>&nbsp;<\/p>\n<p><strong>8. Mo\u017cliwo\u015b\u0107 skorzystanie z Sakramentu Spowiedzi \u015awi\u0119tej w tygodniu mamy: od godz. 7:45 oraz od godz. 17:30.<\/strong><\/p>\n<p>&nbsp;<\/p>\n<p><strong>9. Kancelaria Parafialna<\/strong> czynna jest w \u015brody od 16:00 do 17:30 i w soboty od 10:30 do 12:00.<\/p>\n<p>&nbsp;<\/p>\n<p>10. Zach\u0119camy do czytania prasy katolickiej: nowy numer \u201eGo\u015bcia Niedzielnego\u201d w cenie 5 z\u0142. <strong>oraz dodatek<\/strong> <strong>\u201eGo\u015b\u0107 Elbl\u0105ski\u201d<\/strong> a nim wydarzenia z diecezji.<\/p>\n<p>&nbsp;<\/p>\n<p>&nbsp;<\/p>\n","protected":false},"excerpt":{"rendered":"<p>1. Przed nami miesi\u0105c R\u00f3\u017ca\u0144ca \u015awi\u0119tego. Zapraszamy na nabo\u017ce\u0144stwa z wystawieniem Naj\u015bwi\u0119tszego Sakramentu. Wierni, kt\u00f3rzy odmawiaj\u0105 cz\u0119\u015b\u0107 R\u00f3\u017ca\u0144ca (5 dziesi\u0105tek) w ko\u015bciele lub rodzinie mog\u0105 uzyska\u0107 Odpust Zupe\u0142ny. Zapraszamy do wsp\u00f3lnej modlitwy: doros\u0142ych i m\u0142odzie\u017c o godz. 17:15, a dzieci zapraszamy: w poniedzia\u0142ki i \u015brody o godz. 16:30. &nbsp; 2. Dzisiaj, po Mszy \u015awi\u0119tej wieczornej, [&hellip;]<\/p>\n","protected":false},"author":1,"featured_media":2530,"comment_status":"closed","ping_status":"closed","sticky":false,"template":"","format":"standard","meta":{"ngg_post_thumbnail":0,"footnotes":""},"categories":[11,8,3],"tags":[],"class_list":["post-3205","post","type-post","status-publish","format-standard","has-post-thumbnail","hentry","category-aktualnosci","category-blog","category-ogloszenia"],"_links":{"self":[{"href":"https:\/\/rafalk-elblag.pl\/index.php?rest_route=\/wp\/v2\/posts\/3205","targetHints":{"allow":["GET"]}}],"collection":[{"href":"https:\/\/rafalk-elblag.pl\/index.php?rest_route=\/wp\/v2\/posts"}],"about":[{"href":"https:\/\/rafalk-elblag.pl\/index.php?rest_route=\/wp\/v2\/types\/post"}],"author":[{"embeddable":true,"href":"https:\/\/rafalk-elblag.pl\/index.php?rest_route=\/wp\/v2\/users\/1"}],"replies":[{"embeddable":true,"href":"https:\/\/rafalk-elblag.pl\/index.php?rest_route=%2Fwp%2Fv2%2Fcomments&post=3205"}],"version-history":[{"count":1,"href":"https:\/\/rafalk-elblag.pl\/index.php?rest_route=\/wp\/v2\/posts\/3205\/revisions"}],"predecessor-version":[{"id":3206,"href":"https:\/\/rafalk-elblag.pl\/index.php?rest_route=\/wp\/v2\/posts\/3205\/revisions\/3206"}],"wp:featuredmedia":[{"embeddable":true,"href":"https:\/\/rafalk-elblag.pl\/index.php?rest_route=\/wp\/v2\/media\/2530"}],"wp:attachment":[{"href":"https:\/\/rafalk-elblag.pl\/index.php?rest_route=%2Fwp%2Fv2%2Fmedia&parent=3205"}],"wp:term":[{"taxonomy":"category","embeddable":true,"href":"https:\/\/rafalk-elblag.pl\/index.php?rest_route=%2Fwp%2Fv2%2Fcategories&post=3205"},{"taxonomy":"post_tag","embeddable":true,"href":"https:\/\/rafalk-elblag.pl\/index.php?rest_route=%2Fwp%2Fv2%2Ftags&post=3205"}],"curies":[{"name":"wp","href":"https:\/\/api.w.org\/{rel}","templated":true}]}}