{"id":3203,"date":"2018-10-05T16:10:34","date_gmt":"2018-10-05T16:10:34","guid":{"rendered":"http:\/\/rafalk-elblag.pl\/?p=3203"},"modified":"2018-10-05T16:10:34","modified_gmt":"2018-10-05T16:10:34","slug":"intencje-mszalne-na-xxvi-tydzien-zwykly-1-7-10-2018","status":"publish","type":"post","link":"https:\/\/rafalk-elblag.pl\/?p=3203","title":{"rendered":"INTENCJE MSZALNE NA XXVI TYDZIE\u0143 ZWYK\u0141Y (1\u20137.10. 2018)"},"content":{"rendered":"<p><a href=\"http:\/\/rafalk-elblag.pl\/wp-content\/uploads\/2016\/12\/shutterstock_49643152-1000.jpg\"><img loading=\"lazy\" decoding=\"async\" class=\"alignnone size-full wp-image-2526\" src=\"http:\/\/rafalk-elblag.pl\/wp-content\/uploads\/2016\/12\/shutterstock_49643152-1000.jpg\" alt=\"\" width=\"1000\" height=\"665\" srcset=\"https:\/\/rafalk-elblag.pl\/wp-content\/uploads\/2016\/12\/shutterstock_49643152-1000.jpg 1000w, https:\/\/rafalk-elblag.pl\/wp-content\/uploads\/2016\/12\/shutterstock_49643152-1000-300x200.jpg 300w, https:\/\/rafalk-elblag.pl\/wp-content\/uploads\/2016\/12\/shutterstock_49643152-1000-768x511.jpg 768w\" sizes=\"auto, (max-width: 1000px) 100vw, 1000px\" \/><\/a><\/p>\n<p>&nbsp;<\/p>\n<table width=\"738\">\n<tbody>\n<tr>\n<td colspan=\"2\" width=\"605\"><strong>01 &nbsp;pa\u017adziernika&nbsp;&nbsp; PONIEDZIA\u0141EK<\/strong> &nbsp;<\/p>\n<p>Wspomnienie \u015bw. Teresy od Dzieci\u0105tka Jezus, dziewicy, doktora Ko\u015bcio\u0142a<\/td>\n<td width=\"133\"><em>\u0141k 9, 46-50<\/em><\/td>\n<\/tr>\n<tr>\n<td width=\"99\">8:00<\/td>\n<td colspan=\"2\" width=\"639\">\u015ap. Anna Mu\u017cy\u0142o (1 greg)<\/td>\n<\/tr>\n<tr>\n<td width=\"99\">18:00<\/td>\n<td colspan=\"2\" width=\"639\">Rezerwacja<\/td>\n<\/tr>\n<\/tbody>\n<\/table>\n<p>&nbsp;<\/p>\n<p>&nbsp;<\/p>\n<table width=\"738\">\n<tbody>\n<tr>\n<td colspan=\"2\" width=\"605\"><strong>02 &nbsp;pa<\/strong><strong>\u017a<\/strong><strong>dziernika &nbsp;&nbsp;<\/strong><strong>WTOREK<\/strong><\/p>\n<p>Wspomnienie \u015bwi\u0119tych Anio\u0142\u00f3w Str\u00f3\u017c\u00f3w<\/td>\n<td width=\"133\">Mt 18, 1-5. 10<\/td>\n<\/tr>\n<tr>\n<td width=\"99\">8:00<\/td>\n<td colspan=\"2\" width=\"639\">\u015ap. Anna Mu\u017cy\u0142o (2 greg)<\/td>\n<\/tr>\n<tr>\n<td width=\"99\">18:00<\/td>\n<td colspan=\"2\" width=\"639\">Zmar\u0142ych&nbsp; z rodziny Dziekan<\/td>\n<\/tr>\n<\/tbody>\n<\/table>\n<p>&nbsp;<\/p>\n<p>&nbsp;<\/p>\n<table width=\"738\">\n<tbody>\n<tr>\n<td colspan=\"2\" width=\"605\"><strong>03 &nbsp;pa<\/strong><strong>\u017a<\/strong><strong>dziernika &nbsp;&nbsp;&nbsp;\u015aRODA<\/strong><\/td>\n<td width=\"133\"><em>\u0141k 9, 57-62<\/em><\/td>\n<\/tr>\n<tr>\n<td width=\"99\">8:00<\/td>\n<td colspan=\"2\" width=\"639\">\u015ap. Anna Mu\u017cy\u0142o (3 greg)<\/td>\n<\/tr>\n<tr>\n<td width=\"99\">18:00<\/td>\n<td colspan=\"2\" width=\"639\">\u015ap. Czes\u0142awa Palkowska, S\u0142awomir Palkowski, Janusz Palkowski<\/td>\n<\/tr>\n<tr>\n<td width=\"99\">18:00<\/td>\n<td colspan=\"2\" width=\"639\">\u015ap. Krystyna P\u0142otka oraz rodzice z obojga stron<\/td>\n<\/tr>\n<\/tbody>\n<\/table>\n<p>&nbsp;<\/p>\n<p>&nbsp;<\/p>\n<table width=\"738\">\n<tbody>\n<tr>\n<td colspan=\"2\" width=\"605\">&nbsp;<\/p>\n<p><strong>04 &nbsp;pa<\/strong><strong>\u017a<\/strong><strong>dziernika &nbsp;CZWARTEK&nbsp;<\/strong><\/p>\n<p>Wspomnienie \u015bw. Franciszka z Asy\u017cu &#8211; I Czwartek miesi\u0105ca<\/td>\n<td width=\"133\">\u0141k 10, 1-12<\/td>\n<\/tr>\n<tr>\n<td width=\"99\">8:00<\/td>\n<td colspan=\"2\" width=\"639\">\u015ap. Anna Mu\u017cy\u0142o (4 greg)<\/td>\n<\/tr>\n<tr>\n<td width=\"99\">18:00<\/td>\n<td colspan=\"2\" width=\"639\">Zmar\u0142ych&nbsp; z rodziny Dziekan<\/td>\n<\/tr>\n<\/tbody>\n<\/table>\n<p>&nbsp;<\/p>\n<p>&nbsp;<\/p>\n<table width=\"738\">\n<tbody>\n<tr>\n<td colspan=\"2\" width=\"605\"><strong>05 &nbsp;pa<\/strong><strong>\u017a<\/strong><strong>dziernika&nbsp;&nbsp; PI\u0104TEK <\/strong>Wspomnienie \u015bw. Faustyny Kowalskiej, dziewicy &#8211; I Pi\u0105tek miesi\u0105ca<\/td>\n<td width=\"133\"><em>\u0141k 10, 13-16<\/em><\/td>\n<\/tr>\n<tr>\n<td width=\"99\">8:00<\/td>\n<td colspan=\"2\" width=\"639\">\u015ap. Anna Mu\u017cy\u0142o (5 greg)<\/td>\n<\/tr>\n<tr>\n<td width=\"99\">16.30<\/td>\n<td colspan=\"2\" width=\"639\">W intencji Danuty o Bo\u017ce b\u0142, \u015bwiat\u0142o Ducha \u015awi\u0119tego i dar przebaczenia<\/td>\n<\/tr>\n<tr>\n<td width=\"99\">18:00<\/td>\n<td colspan=\"2\" width=\"639\">\u015ap. Marianna, Wincenty, Mieczys\u0142aw Uler, Krystyna i Aleksander Kenigsman<\/td>\n<\/tr>\n<\/tbody>\n<\/table>\n<p>&nbsp;<\/p>\n<p>&nbsp;<\/p>\n<table width=\"738\">\n<tbody>\n<tr>\n<td colspan=\"2\" width=\"605\"><strong>06 &nbsp;pa<\/strong><strong>\u017a<\/strong><strong>dziernika &nbsp;&nbsp;&nbsp;SOBOTA<\/strong><\/p>\n<p><strong>I Sobota miesi\u0105ca<\/strong><\/td>\n<td width=\"133\"><em>\u0141k 10, 17-24<\/em><\/td>\n<\/tr>\n<tr>\n<td width=\"99\">8:00<\/td>\n<td colspan=\"2\" width=\"639\">\u015ap. Anna Mu\u017cy\u0142o (6 greg)<\/td>\n<\/tr>\n<tr>\n<td width=\"99\">18:00<\/td>\n<td colspan=\"2\" width=\"639\">\u017bywy R\u00f3\u017caniec<\/td>\n<\/tr>\n<tr>\n<td width=\"99\">18.00<\/td>\n<td colspan=\"2\" width=\"639\">\u015ap. Bogdan Kr\u00f3l (3 rocz \u015bm), Wiktoria, Wac\u0142aw<\/td>\n<\/tr>\n<\/tbody>\n<\/table>\n<p>&nbsp;<\/p>\n<p>&nbsp;<\/p>\n<table width=\"738\">\n<tbody>\n<tr>\n<td colspan=\"2\" width=\"605\"><strong>07 &nbsp;pa<\/strong><strong>\u017a<\/strong><strong>dziernika &nbsp;&nbsp;XXVII NIEDZIELA ZWYK\u0141A <\/strong><\/td>\n<td width=\"133\"><em>Mk 10, 2-16<\/em><\/td>\n<\/tr>\n<tr>\n<td width=\"99\">7:00<\/td>\n<td colspan=\"2\" width=\"639\">\u015ap. Ryszard (10 rocz. \u015bm), Stanis\u0142aw, Stanis\u0142awa i J\u00f3zef<\/td>\n<\/tr>\n<tr>\n<td width=\"99\">9:00<\/td>\n<td colspan=\"2\" width=\"639\">\u015ap zm. rodzic\u00f3w: Regina i Szczepan Miko\u0142ajewscy, brat Zenon, syn Pawe\u0142, oraz zm. z rodzin: Miko\u0142ajewskich, Roso\u0142owskich, Rybickich<\/td>\n<\/tr>\n<tr>\n<td width=\"99\">09:00<\/td>\n<td colspan=\"2\" width=\"639\">\u015ap. Jan Abucewicz (2 rocz. \u015bm)<\/td>\n<\/tr>\n<tr>\n<td width=\"99\">10:30<\/td>\n<td colspan=\"2\" width=\"639\">Dzi\u0119kczynna&nbsp; z okazji 3 rocz. urodzin Mai z pro\u015bb\u0105 o Bo\u017ce b\u0142. dla ca\u0142ej rodziny<\/td>\n<\/tr>\n<tr>\n<td width=\"99\"><strong>12:00<\/strong><\/td>\n<td colspan=\"2\" width=\"639\"><strong>Za parafian<\/strong><\/td>\n<\/tr>\n<tr>\n<td width=\"99\">15:00<\/td>\n<td colspan=\"2\" width=\"639\">\u015ap. Anna Mu\u017cy\u0142o (7 greg)<\/td>\n<\/tr>\n<tr>\n<td width=\"99\">18:00<\/td>\n<td colspan=\"2\" width=\"639\">\u015ap. Marta Siemion (14 rocz. \u015bm)<\/td>\n<\/tr>\n<\/tbody>\n<\/table>\n<p>&nbsp;<\/p>\n<p>&nbsp;<\/p>\n<p>&nbsp;<\/p>\n","protected":false},"excerpt":{"rendered":"<p>&nbsp; 01 &nbsp;pa\u017adziernika&nbsp;&nbsp; PONIEDZIA\u0141EK &nbsp; Wspomnienie \u015bw. Teresy od Dzieci\u0105tka Jezus, dziewicy, doktora Ko\u015bcio\u0142a \u0141k 9, 46-50 8:00 \u015ap. Anna Mu\u017cy\u0142o (1 greg) 18:00 Rezerwacja &nbsp; &nbsp; 02 &nbsp;pa\u017adziernika &nbsp;&nbsp;WTOREK Wspomnienie \u015bwi\u0119tych Anio\u0142\u00f3w Str\u00f3\u017c\u00f3w Mt 18, 1-5. 10 8:00 \u015ap. Anna Mu\u017cy\u0142o (2 greg) 18:00 Zmar\u0142ych&nbsp; z rodziny Dziekan &nbsp; &nbsp; 03 &nbsp;pa\u017adziernika &nbsp;&nbsp;&nbsp;\u015aRODA \u0141k [&hellip;]<\/p>\n","protected":false},"author":1,"featured_media":2526,"comment_status":"closed","ping_status":"closed","sticky":false,"template":"","format":"standard","meta":{"ngg_post_thumbnail":0,"footnotes":""},"categories":[11,8,4],"tags":[],"class_list":["post-3203","post","type-post","status-publish","format-standard","has-post-thumbnail","hentry","category-aktualnosci","category-blog","category-intencje"],"_links":{"self":[{"href":"https:\/\/rafalk-elblag.pl\/index.php?rest_route=\/wp\/v2\/posts\/3203","targetHints":{"allow":["GET"]}}],"collection":[{"href":"https:\/\/rafalk-elblag.pl\/index.php?rest_route=\/wp\/v2\/posts"}],"about":[{"href":"https:\/\/rafalk-elblag.pl\/index.php?rest_route=\/wp\/v2\/types\/post"}],"author":[{"embeddable":true,"href":"https:\/\/rafalk-elblag.pl\/index.php?rest_route=\/wp\/v2\/users\/1"}],"replies":[{"embeddable":true,"href":"https:\/\/rafalk-elblag.pl\/index.php?rest_route=%2Fwp%2Fv2%2Fcomments&post=3203"}],"version-history":[{"count":1,"href":"https:\/\/rafalk-elblag.pl\/index.php?rest_route=\/wp\/v2\/posts\/3203\/revisions"}],"predecessor-version":[{"id":3204,"href":"https:\/\/rafalk-elblag.pl\/index.php?rest_route=\/wp\/v2\/posts\/3203\/revisions\/3204"}],"wp:featuredmedia":[{"embeddable":true,"href":"https:\/\/rafalk-elblag.pl\/index.php?rest_route=\/wp\/v2\/media\/2526"}],"wp:attachment":[{"href":"https:\/\/rafalk-elblag.pl\/index.php?rest_route=%2Fwp%2Fv2%2Fmedia&parent=3203"}],"wp:term":[{"taxonomy":"category","embeddable":true,"href":"https:\/\/rafalk-elblag.pl\/index.php?rest_route=%2Fwp%2Fv2%2Fcategories&post=3203"},{"taxonomy":"post_tag","embeddable":true,"href":"https:\/\/rafalk-elblag.pl\/index.php?rest_route=%2Fwp%2Fv2%2Ftags&post=3203"}],"curies":[{"name":"wp","href":"https:\/\/api.w.org\/{rel}","templated":true}]}}