{"id":3200,"date":"2018-09-15T19:47:28","date_gmt":"2018-09-15T19:47:28","guid":{"rendered":"http:\/\/rafalk-elblag.pl\/?p=3200"},"modified":"2018-09-15T19:47:28","modified_gmt":"2018-09-15T19:47:28","slug":"intencje-mszalne-na-xxiv-tydzien-zwykly-17-09-23-09-2018","status":"publish","type":"post","link":"https:\/\/rafalk-elblag.pl\/?p=3200","title":{"rendered":"INTENCJE MSZALNE NA XXIV TYDZIE\u0143 ZWYK\u0141Y (17.09. \u2013 23.09. 2018)"},"content":{"rendered":"<p><a href=\"http:\/\/rafalk-elblag.pl\/wp-content\/uploads\/2016\/12\/shutterstock_49643152-1000.jpg\"><img loading=\"lazy\" decoding=\"async\" class=\"alignnone size-full wp-image-2526\" src=\"http:\/\/rafalk-elblag.pl\/wp-content\/uploads\/2016\/12\/shutterstock_49643152-1000.jpg\" alt=\"\" width=\"1000\" height=\"665\" srcset=\"https:\/\/rafalk-elblag.pl\/wp-content\/uploads\/2016\/12\/shutterstock_49643152-1000.jpg 1000w, https:\/\/rafalk-elblag.pl\/wp-content\/uploads\/2016\/12\/shutterstock_49643152-1000-300x200.jpg 300w, https:\/\/rafalk-elblag.pl\/wp-content\/uploads\/2016\/12\/shutterstock_49643152-1000-768x511.jpg 768w\" sizes=\"auto, (max-width: 1000px) 100vw, 1000px\" \/><\/a><\/p>\n<p>&nbsp;<\/p>\n<table width=\"738\">\n<tbody>\n<tr>\n<td colspan=\"2\" width=\"605\"><strong>17 wrze\u015bnia&nbsp;&nbsp; PONIEDZIA\u0141EK<\/strong><\/td>\n<td width=\"133\">\u0141k 7, 1-10<\/td>\n<\/tr>\n<tr>\n<td width=\"99\">8:00<\/td>\n<td colspan=\"2\" width=\"639\">\u015ap. Hubert Plit (19 r. \u015bm)<\/td>\n<\/tr>\n<tr>\n<td width=\"99\">18:00<\/td>\n<td colspan=\"2\" width=\"639\">\u015ap. Jan Polsakiewicz, siostra Teresa oraz rodzice z obojga stron<\/td>\n<\/tr>\n<\/tbody>\n<\/table>\n<p>&nbsp;<\/p>\n<p>&nbsp;<\/p>\n<table width=\"738\">\n<tbody>\n<tr>\n<td colspan=\"2\" width=\"605\"><strong>18 wrze\u015bnia &nbsp;&nbsp;<\/strong><strong>WTOREK<\/strong><\/p>\n<p><strong>\u015awi\u0119to \u015aw. Stanis\u0142awa Kostki<\/strong><\/td>\n<td width=\"133\"><strong><em>\u0141k 6, 12-19<\/em><\/strong><\/td>\n<\/tr>\n<tr>\n<td width=\"99\">8:00<\/td>\n<td colspan=\"2\" width=\"639\">Franciszka i Eugeniusz Tolzdorf<\/td>\n<\/tr>\n<tr>\n<td width=\"99\">18:00<\/td>\n<td colspan=\"2\" width=\"639\">Za rodzic\u00f3w i dzieci, kt\u00f3re rozpoczynaj\u0105 przygotowania do I spowiedzi i Komuni \u015bwi\u0119tej<\/td>\n<\/tr>\n<tr>\n<td width=\"99\">18.00<\/td>\n<td colspan=\"2\" width=\"639\">Dzi\u0119kczynna z okazji 18 urodzin Karola Mystkowskiego z pro\u015bb\u0105 o dary Ducha \u015awi\u0119tego, oraz dzi\u0119kczynna z okazji 19 rocznicy \u015blubu Renaty i S\u0142awomira- rodzic\u00f3w Karola<\/td>\n<\/tr>\n<\/tbody>\n<\/table>\n<p>&nbsp;<\/p>\n<p>&nbsp;<\/p>\n<table width=\"738\">\n<tbody>\n<tr>\n<td colspan=\"2\" width=\"605\"><strong>19 wrze\u015bnia &nbsp;&nbsp;\u015aRODA<\/strong><\/td>\n<td width=\"133\"><em>\u0141k 7, 31-35<\/em><\/td>\n<\/tr>\n<tr>\n<td width=\"99\">8:00<\/td>\n<td colspan=\"2\" width=\"639\">Za zmar\u0142ych z rodziny Dziekan<\/td>\n<\/tr>\n<tr>\n<td width=\"99\">17:30<\/td>\n<td colspan=\"2\" width=\"639\"><em>Nabo\u017ce\u0144stwo ku czci Matki Bo\u017cej Nieustaj\u0105cej Pomocy<\/em><\/td>\n<\/tr>\n<tr>\n<td width=\"99\">18:00<\/td>\n<td colspan=\"2\" width=\"639\">\u015ap. Wies\u0142awa K\u0142os w 1 rocz. \u015bmierci<\/td>\n<\/tr>\n<tr>\n<td width=\"99\">18.00<\/td>\n<td colspan=\"2\" width=\"639\">\u015ap. Ignacy Rymarczyk int. od Haliny i Marka Rymarczyk<\/td>\n<\/tr>\n<\/tbody>\n<\/table>\n<p>&nbsp;<\/p>\n<p>&nbsp;<\/p>\n<table width=\"738\">\n<tbody>\n<tr>\n<td colspan=\"2\" width=\"605\"><strong>20 wrze\u015bnia&nbsp;&nbsp; CZWARTEK <\/strong><\/td>\n<td width=\"133\"><em>\u0141k 7, 36-50<\/em><\/td>\n<\/tr>\n<tr>\n<td width=\"99\">8:00<\/td>\n<td colspan=\"2\" width=\"639\">\u015ap. W\u0142adys\u0142awa i Julian; Regina i Bogdan; Wanda i Robert; Lucyna i Tadeusz<\/td>\n<\/tr>\n<tr>\n<td width=\"99\">18:00<\/td>\n<td colspan=\"2\" width=\"639\">Dzi\u0119kczynna w dniu 88 urodzin Haliny z pro\u015bb\u0105 o Bo\u017ce b\u0142ogos\u0142. i opiek\u0119 MB dla Jubilatki<\/td>\n<\/tr>\n<tr>\n<td width=\"99\">18.00<\/td>\n<td colspan=\"2\" width=\"639\">Za parafi\u0119 i Ojczyzn\u0119 &#8211; intencja Odnowy w Duchu \u015awi\u0119tym<\/td>\n<\/tr>\n<\/tbody>\n<\/table>\n<p>&nbsp;<\/p>\n<p>&nbsp;<\/p>\n<table width=\"738\">\n<tbody>\n<tr>\n<td colspan=\"2\" width=\"605\"><strong>21 wrze\u015bnia&nbsp;&nbsp; PI\u0104TEK <\/strong><\/p>\n<p><strong>\u015awi\u0119to \u015bw. Mateusza, Aposto\u0142a i Ewangelisty<\/strong><\/td>\n<td width=\"133\"><em>Mt 9, 9-13<\/em><\/td>\n<\/tr>\n<tr>\n<td width=\"99\">8:00<\/td>\n<td colspan=\"2\" width=\"639\">Za zmar\u0142ych z rodziny Dziekan<\/td>\n<\/tr>\n<tr>\n<td width=\"99\">18:00<\/td>\n<td colspan=\"2\" width=\"639\">\u015ap. Maciej Bo\u017cek (8 rocz. \u015bmierci)<\/td>\n<\/tr>\n<\/tbody>\n<\/table>\n<p>&nbsp;<\/p>\n<p>&nbsp;<\/p>\n<table width=\"738\">\n<tbody>\n<tr>\n<td colspan=\"2\" width=\"605\"><strong>22 wrze\u015bnia&nbsp;&nbsp; SOBOTA<\/strong><\/td>\n<td width=\"133\"><em>\u0141k 8, 4-15<\/em><\/td>\n<\/tr>\n<tr>\n<td width=\"99\">8:00<\/td>\n<td colspan=\"2\" width=\"639\">Dzi\u0119kczynna w 40 rocz. urodzin Micha\u0142a oraz za Tomasza w dniu imienin z pro\u015bb\u0105 o Bo\u017ce b\u0142ogos\u0142awie\u0144stwo i potrzebne \u0142aski<\/td>\n<\/tr>\n<tr>\n<td width=\"99\">18:00<\/td>\n<td colspan=\"2\" width=\"639\">\u015ap. \u0141ukasz Mr\u00f3z w 1 rocz. \u015bmierci<\/td>\n<\/tr>\n<\/tbody>\n<\/table>\n<p>&nbsp;<\/p>\n<p>&nbsp;<\/p>\n<table width=\"738\">\n<tbody>\n<tr>\n<td colspan=\"2\" width=\"605\"><strong>23 wrze\u015bnia&nbsp;&nbsp; XXV NIEDZIELA ZWYK\u0141A <\/strong><\/td>\n<td width=\"133\"><em>Mk 9, 30-37<\/em><\/td>\n<\/tr>\n<tr>\n<td width=\"99\">7:00<\/td>\n<td colspan=\"2\" width=\"639\">\u015ap. Zygmunt Radziszewski w 26 rocz. \u015bmierci<\/td>\n<\/tr>\n<tr>\n<td width=\"99\">9:00<\/td>\n<td colspan=\"2\" width=\"639\">\u015ap Emilia i Stanis\u0142aw Hry\u0144<\/td>\n<\/tr>\n<tr>\n<td width=\"99\">10:30<\/td>\n<td colspan=\"2\" width=\"639\">Dzi\u0119kczynna z okazji 15 urodzin Mi\u0142osza oraz Tymka w dniu imienin.<\/td>\n<\/tr>\n<tr>\n<td width=\"99\"><strong>12:00<\/strong><\/td>\n<td colspan=\"2\" width=\"639\"><strong>Za parafian<\/strong><\/td>\n<\/tr>\n<tr>\n<td width=\"99\">15:00<\/td>\n<td colspan=\"2\" width=\"639\">\u015ap. Boles\u0142aw Stan (25 r. \u015bm); Marianna Stan; Zofia i Andrzej Jaworscy<\/td>\n<\/tr>\n<tr>\n<td width=\"99\">18:00<\/td>\n<td colspan=\"2\" width=\"639\">\u015ap. W\u0142adys\u0142awa \u0141ukasik (9 rocz. \u015bmierci); Irena W\u0105sowska (13 rocz. \u015bm)<\/td>\n<\/tr>\n<\/tbody>\n<\/table>\n<p>&nbsp;<\/p>\n<p>&nbsp;<\/p>\n<p>&nbsp;<\/p>\n","protected":false},"excerpt":{"rendered":"<p>&nbsp; 17 wrze\u015bnia&nbsp;&nbsp; PONIEDZIA\u0141EK \u0141k 7, 1-10 8:00 \u015ap. Hubert Plit (19 r. \u015bm) 18:00 \u015ap. Jan Polsakiewicz, siostra Teresa oraz rodzice z obojga stron &nbsp; &nbsp; 18 wrze\u015bnia &nbsp;&nbsp;WTOREK \u015awi\u0119to \u015aw. Stanis\u0142awa Kostki \u0141k 6, 12-19 8:00 Franciszka i Eugeniusz Tolzdorf 18:00 Za rodzic\u00f3w i dzieci, kt\u00f3re rozpoczynaj\u0105 przygotowania do I spowiedzi i Komuni [&hellip;]<\/p>\n","protected":false},"author":1,"featured_media":2526,"comment_status":"closed","ping_status":"closed","sticky":false,"template":"","format":"standard","meta":{"ngg_post_thumbnail":0,"footnotes":""},"categories":[11,8,4],"tags":[],"class_list":["post-3200","post","type-post","status-publish","format-standard","has-post-thumbnail","hentry","category-aktualnosci","category-blog","category-intencje"],"_links":{"self":[{"href":"https:\/\/rafalk-elblag.pl\/index.php?rest_route=\/wp\/v2\/posts\/3200","targetHints":{"allow":["GET"]}}],"collection":[{"href":"https:\/\/rafalk-elblag.pl\/index.php?rest_route=\/wp\/v2\/posts"}],"about":[{"href":"https:\/\/rafalk-elblag.pl\/index.php?rest_route=\/wp\/v2\/types\/post"}],"author":[{"embeddable":true,"href":"https:\/\/rafalk-elblag.pl\/index.php?rest_route=\/wp\/v2\/users\/1"}],"replies":[{"embeddable":true,"href":"https:\/\/rafalk-elblag.pl\/index.php?rest_route=%2Fwp%2Fv2%2Fcomments&post=3200"}],"version-history":[{"count":1,"href":"https:\/\/rafalk-elblag.pl\/index.php?rest_route=\/wp\/v2\/posts\/3200\/revisions"}],"predecessor-version":[{"id":3201,"href":"https:\/\/rafalk-elblag.pl\/index.php?rest_route=\/wp\/v2\/posts\/3200\/revisions\/3201"}],"wp:featuredmedia":[{"embeddable":true,"href":"https:\/\/rafalk-elblag.pl\/index.php?rest_route=\/wp\/v2\/media\/2526"}],"wp:attachment":[{"href":"https:\/\/rafalk-elblag.pl\/index.php?rest_route=%2Fwp%2Fv2%2Fmedia&parent=3200"}],"wp:term":[{"taxonomy":"category","embeddable":true,"href":"https:\/\/rafalk-elblag.pl\/index.php?rest_route=%2Fwp%2Fv2%2Fcategories&post=3200"},{"taxonomy":"post_tag","embeddable":true,"href":"https:\/\/rafalk-elblag.pl\/index.php?rest_route=%2Fwp%2Fv2%2Ftags&post=3200"}],"curies":[{"name":"wp","href":"https:\/\/api.w.org\/{rel}","templated":true}]}}