{"id":3198,"date":"2018-09-15T19:00:45","date_gmt":"2018-09-15T19:00:45","guid":{"rendered":"http:\/\/rafalk-elblag.pl\/?p=3198"},"modified":"2018-09-15T19:00:45","modified_gmt":"2018-09-15T19:00:45","slug":"ogloszenia-parafialne-16-09-2018-r-xxiv-niedziela-zwykla","status":"publish","type":"post","link":"https:\/\/rafalk-elblag.pl\/?p=3198","title":{"rendered":"OG\u0141OSZENIA PARAFIALNE 16.09.2018 R. \u2013 XXIV NIEDZIELA ZWYK\u0141A"},"content":{"rendered":"<p><a href=\"http:\/\/rafalk-elblag.pl\/wp-content\/uploads\/2016\/12\/pulpit.jpg\"><img loading=\"lazy\" decoding=\"async\" class=\"alignnone size-large wp-image-2530\" src=\"http:\/\/rafalk-elblag.pl\/wp-content\/uploads\/2016\/12\/pulpit-1024x682.jpg\" alt=\"\" width=\"900\" height=\"599\" srcset=\"https:\/\/rafalk-elblag.pl\/wp-content\/uploads\/2016\/12\/pulpit-1024x682.jpg 1024w, https:\/\/rafalk-elblag.pl\/wp-content\/uploads\/2016\/12\/pulpit-300x200.jpg 300w, https:\/\/rafalk-elblag.pl\/wp-content\/uploads\/2016\/12\/pulpit-768x512.jpg 768w, https:\/\/rafalk-elblag.pl\/wp-content\/uploads\/2016\/12\/pulpit.jpg 1698w\" sizes=\"auto, (max-width: 900px) 100vw, 900px\" \/><\/a><\/p>\n<p>&nbsp;<\/p>\n<p>1. Rozpocz\u0105\u0142 si\u0119 nowy rok szkolny i katechetyczny. Zatroszczmy si\u0119 o dobre wychowanie m\u0142odego pokolenia. postarajmy si\u0119 znale\u017a\u0107 czas dla naszych dzieci \u2013 \u017cywo interesujmy si\u0119 ich post\u0119pami w szkole, zadbajmy o ich udzia\u0142 w lekcjach religii. Przypominamy ponadto, \u017ce przygotowanie do sakrament\u00f3w \u015bwi\u0119tych tj. do Pierwszej Spowiedzi i Komunii \u015awi\u0119tej oraz do Bierzmowania odbywa si\u0119 przy parafii, a nie w szkole.<\/p>\n<p>&nbsp;<\/p>\n<p>2. UWAGA!!! Zapisy do bierzmowania m\u0142odzie\u017cy z klas VIII Szko\u0142y Podstawowej i klas III Gimnazjum trwaj\u0105 do ko\u0144ca wrze\u015bnia. Zg\u0142oszenia u ks. Marcina.<\/p>\n<p>&nbsp;<\/p>\n<p>3. Jutro 17 wrze\u015bnia w ko\u015bciele p.w. \u201eWszystkich \u015awi\u0119tych\u201d w Elbl\u0105gu dla Zwi\u0105zku Sybirak\u00f3w i Kombatant\u00f3w z okazji 79 rocznicy napa\u015bci sowieckiej na Polsk\u0119 o godz. 8.30 zostanie odprawiona Msza \u015awi\u0119ta. Po niej dalsze uroczysto\u015bci przy Krzy\u017cu Katy\u0144skim na Cmentarzu Komunalnym przy Agrykola.<\/p>\n<p>&nbsp;<\/p>\n<p>4. We wtorek 18 wrze\u015bnia br. na plebanii odb\u0119dzie si\u0119 spotkanie rodzic\u00f3w dzieci przygotowuj\u0105cych si\u0119 w tym roku do Pierwszej Spowiedzi i Komunii \u015awi\u0119tej. Spotkanie rozpocznie si\u0119 Msz\u0105 \u015bw. o godz. 18:00. OBECNO\u015a\u0106 OBOJGA RODZIC\u00d3W OBOWI\u0104ZKOWA !!!<\/p>\n<p>&nbsp;<\/p>\n<p>5. W ROKU 25-lecia powstania naszej parafii trwamy na NOWENNIE przygotowuj\u0105cej nas do uroczystego prze\u017cycia tego JUBILEUSZU. Tym razem przyjedzie do nas w czwartek 20 wrze\u015bnia ks. Adam Skrzy\u0144ski obecnie wikariusz w parafii b\u0142. Jerzego Matulewicza w Pas\u0142\u0119ku ze S\u0142owem Bo\u017cym i wspomnieniami prze\u017cytych w tej parafii 4 lat. Zapraszam gor\u0105co do w\u0142\u0105czenia si\u0119 w t\u0105 szczeg\u00f3ln\u0105 NOWENN\u0118. Przypominam 20 wrze\u015bnia (czwartek)<br \/>\ngodz. 18:00. Licz\u0119 na Wasz\u0105 obecno\u015b\u0107.<\/p>\n<p>&nbsp;<\/p>\n<p>6. Centrum Nowej Ewangelizacji wraz z grup\u0105 \u201eM\u0119\u017cczy\u017ani Boga\u201d zamierza przeprowadzi\u0107 czwart\u0105 edycj\u0119 Kursu Alpha. Kurs Alpha to cykl 11 interaktywnych spotka\u0144, opartych na go\u015bcinno\u015bci, wymianie pogl\u0105d\u00f3w i modlitwie, w czasie kt\u00f3rych odkrywamy podstawy chrze\u015bcija\u0144skiej wiary. Ka\u017cde spotkanie obejmuje posi\u0142ek, wyk\u0142ad i dyskusj\u0119 w ma\u0142ych grupach. Ta edycja Alpha jest skierowana do wszystkich, kt\u00f3rzy chc\u0105 zaznajomi\u0107 si\u0119 z chrze\u015bcija\u0144stwem, lub tych kt\u00f3rzy pragn\u0105 od\u015bwie\u017cy\u0107 sobie podstawy wiary. Pierwsze spotkanie odb\u0119dzie si\u0119 w ko\u015bciele Bo\u017cego Cia\u0142a dnia 24 wrze\u015bnia br. (poniedzia\u0142ek) o godz. 19.00. Wi\u0119cej informacji na ulotkach przy Biuletynie.<\/p>\n<p>&nbsp;<\/p>\n<p>7. Nasza parafia organizuje w dniach 12-14 pa\u017adziernika br. PIELGRZYMK\u0118 DZI\u0118KCZYNN\u0104 Z OKAZJI JUBILEUSZU 25 &#8211; LECIA POWSTANIA PARAFII do Sanktuarium \u015bw. Rafa\u0142a Kalinowskiego w CZERNEJ ko\u0142o Krakowa. W programie: Wadowice, Krak\u00f3w z Centrum \u015bw. Jana Paw\u0142a II oraz udzia\u0142em w III Og\u00f3lnopolskim Spotkaniu Apostolatu Margaretka. Wyjazd 12 pa\u017adziernika o godz.6.00. Nocleg u Ojc\u00f3w Pallotyn\u00f3w. Koszt 290 z\u0142 (noclegi, obiadokolacje, \u015bniadania, autokar, ubezpieczenie). Zapisy do ko\u0144ca wrze\u015bnia w zakrystii.<br \/>\n8. Zapraszamy do uprawiania sportu (dyscyplina Nordic Walking). Regularnie spotykamy si\u0119 w ka\u017cdy poniedzia\u0142ek o godz. 19:00. Oczekujemy.<\/p>\n<p>&nbsp;<\/p>\n<p>9. Mo\u017cliwo\u015b\u0107 skorzystanie z Sakramentu Spowiedzi \u015awi\u0119tej w tygodniu: od godz. 7:45 oraz od godz. 17:30. ZAPRASZAMY.<\/p>\n<p>&nbsp;<\/p>\n<p>10. Kancelaria Parafialna czynna jest w \u015brody od 16:00 do 17:30 i w soboty od 10:30 do 12:00.<\/p>\n<p>&nbsp;<\/p>\n<p>11. Zach\u0119camy do czytania prasy katolickiej: nowy numer \u201eGo\u015bcia Niedzielnego\u201d w cenie 5 z\u0142. oraz dodatek \u201eGo\u015b\u0107 Elbl\u0105ski\u201d a nim wydarzenia z diecezji.<\/p>\n<p>&nbsp;<\/p>\n<p>&nbsp;<\/p>\n","protected":false},"excerpt":{"rendered":"<p>&nbsp; 1. Rozpocz\u0105\u0142 si\u0119 nowy rok szkolny i katechetyczny. Zatroszczmy si\u0119 o dobre wychowanie m\u0142odego pokolenia. postarajmy si\u0119 znale\u017a\u0107 czas dla naszych dzieci \u2013 \u017cywo interesujmy si\u0119 ich post\u0119pami w szkole, zadbajmy o ich udzia\u0142 w lekcjach religii. Przypominamy ponadto, \u017ce przygotowanie do sakrament\u00f3w \u015bwi\u0119tych tj. do Pierwszej Spowiedzi i Komunii \u015awi\u0119tej oraz do Bierzmowania [&hellip;]<\/p>\n","protected":false},"author":1,"featured_media":2530,"comment_status":"closed","ping_status":"closed","sticky":false,"template":"","format":"standard","meta":{"ngg_post_thumbnail":0,"footnotes":""},"categories":[11,8,3],"tags":[],"class_list":["post-3198","post","type-post","status-publish","format-standard","has-post-thumbnail","hentry","category-aktualnosci","category-blog","category-ogloszenia"],"_links":{"self":[{"href":"https:\/\/rafalk-elblag.pl\/index.php?rest_route=\/wp\/v2\/posts\/3198","targetHints":{"allow":["GET"]}}],"collection":[{"href":"https:\/\/rafalk-elblag.pl\/index.php?rest_route=\/wp\/v2\/posts"}],"about":[{"href":"https:\/\/rafalk-elblag.pl\/index.php?rest_route=\/wp\/v2\/types\/post"}],"author":[{"embeddable":true,"href":"https:\/\/rafalk-elblag.pl\/index.php?rest_route=\/wp\/v2\/users\/1"}],"replies":[{"embeddable":true,"href":"https:\/\/rafalk-elblag.pl\/index.php?rest_route=%2Fwp%2Fv2%2Fcomments&post=3198"}],"version-history":[{"count":1,"href":"https:\/\/rafalk-elblag.pl\/index.php?rest_route=\/wp\/v2\/posts\/3198\/revisions"}],"predecessor-version":[{"id":3199,"href":"https:\/\/rafalk-elblag.pl\/index.php?rest_route=\/wp\/v2\/posts\/3198\/revisions\/3199"}],"wp:featuredmedia":[{"embeddable":true,"href":"https:\/\/rafalk-elblag.pl\/index.php?rest_route=\/wp\/v2\/media\/2530"}],"wp:attachment":[{"href":"https:\/\/rafalk-elblag.pl\/index.php?rest_route=%2Fwp%2Fv2%2Fmedia&parent=3198"}],"wp:term":[{"taxonomy":"category","embeddable":true,"href":"https:\/\/rafalk-elblag.pl\/index.php?rest_route=%2Fwp%2Fv2%2Fcategories&post=3198"},{"taxonomy":"post_tag","embeddable":true,"href":"https:\/\/rafalk-elblag.pl\/index.php?rest_route=%2Fwp%2Fv2%2Ftags&post=3198"}],"curies":[{"name":"wp","href":"https:\/\/api.w.org\/{rel}","templated":true}]}}