{"id":3196,"date":"2018-09-15T18:56:01","date_gmt":"2018-09-15T18:56:01","guid":{"rendered":"http:\/\/rafalk-elblag.pl\/?p=3196"},"modified":"2018-09-15T18:56:01","modified_gmt":"2018-09-15T18:56:01","slug":"intencje-mszalne-na-xxii-tydzien-zwykly-9-09-16-09-2018","status":"publish","type":"post","link":"https:\/\/rafalk-elblag.pl\/?p=3196","title":{"rendered":"INTENCJE MSZALNE NA XXII TYDZIE\u0143 ZWYK\u0141Y (9.09. \u2013 16.09. 2018)"},"content":{"rendered":"<p><a href=\"http:\/\/rafalk-elblag.pl\/wp-content\/uploads\/2016\/12\/shutterstock_49643152-1000.jpg\"><img loading=\"lazy\" decoding=\"async\" class=\"alignnone size-full wp-image-2526\" src=\"http:\/\/rafalk-elblag.pl\/wp-content\/uploads\/2016\/12\/shutterstock_49643152-1000.jpg\" alt=\"\" width=\"1000\" height=\"665\" srcset=\"https:\/\/rafalk-elblag.pl\/wp-content\/uploads\/2016\/12\/shutterstock_49643152-1000.jpg 1000w, https:\/\/rafalk-elblag.pl\/wp-content\/uploads\/2016\/12\/shutterstock_49643152-1000-300x200.jpg 300w, https:\/\/rafalk-elblag.pl\/wp-content\/uploads\/2016\/12\/shutterstock_49643152-1000-768x511.jpg 768w\" sizes=\"auto, (max-width: 1000px) 100vw, 1000px\" \/><\/a><\/p>\n<p>&nbsp;<\/p>\n<table width=\"738\">\n<tbody>\n<tr>\n<td colspan=\"2\" width=\"605\"><strong>10 wrze\u015bnia&nbsp;&nbsp; PONIEDZIA\u0141EK<\/strong><\/p>\n<p><strong>&nbsp;<\/strong><\/td>\n<td width=\"133\"><strong><em>\u0141k 6, 6-11<\/em><\/strong><\/td>\n<\/tr>\n<tr>\n<td width=\"99\">8:00<\/td>\n<td colspan=\"2\" width=\"639\">\u015ap. Regina Hipsz, Franciszek i Lech<\/td>\n<\/tr>\n<tr>\n<td width=\"99\">18:00<\/td>\n<td colspan=\"2\" width=\"639\">Dzi\u0119kczynna z oikazji 10 urodzin Kacpra z pro\u015bb\u0105 o Bo\u017ce b\u0142. opiek\u0119 MB i wszelkie \u0142aski na ka\u017cdy dzie\u0144<\/td>\n<\/tr>\n<\/tbody>\n<\/table>\n<p>&nbsp;<\/p>\n<table width=\"738\">\n<tbody>\n<tr>\n<td colspan=\"2\" width=\"605\"><strong>11 wrze\u015bnia &nbsp;&nbsp;<\/strong><strong>WTOREK<\/strong><\/td>\n<td width=\"133\"><strong><em>\u0141k 6, 12-19<\/em><\/strong><\/td>\n<\/tr>\n<tr>\n<td width=\"99\">8:00<\/td>\n<td colspan=\"2\" width=\"639\"><strong>Intencja wolna<\/strong><\/td>\n<\/tr>\n<tr>\n<td width=\"99\">18:00<\/td>\n<td colspan=\"2\" width=\"639\">\u015ap. Mieczys\u0142aw i W\u0142odzimierz oraz zmarli z rodzin: Wile\u0144skich i D\u0105bkowskich<\/td>\n<\/tr>\n<\/tbody>\n<\/table>\n<p>&nbsp;<\/p>\n<table width=\"738\">\n<tbody>\n<tr>\n<td colspan=\"2\" width=\"605\"><strong>12 wrze\u015bnia &nbsp;&nbsp;\u015aRODA<\/strong><\/td>\n<td width=\"133\"><strong><em>\u0141k 6, 20-26<\/em><\/strong><\/td>\n<\/tr>\n<tr>\n<td width=\"99\">8:00<\/td>\n<td colspan=\"2\" width=\"639\">\u015ap. W\u0142adys\u0142awa Staszkun (30 dz.p.p)<\/td>\n<\/tr>\n<tr>\n<td width=\"99\">17:30<\/td>\n<td colspan=\"2\" width=\"639\"><em>Nabo\u017ce\u0144stwo ku czci Matki Bo\u017cej Nieustaj\u0105cej Pomocy<\/em><\/td>\n<\/tr>\n<tr>\n<td width=\"99\"><strong>18:00<\/strong><\/td>\n<td colspan=\"2\" width=\"639\"><strong>W intencji czcicieli Matki Bo\u017cej Nieustaj\u0105cej Pomocy oraz w intencji ich pr\u00f3\u015bb i podzi\u0119kowa\u0144<\/strong><\/td>\n<\/tr>\n<\/tbody>\n<\/table>\n<p>&nbsp;<\/p>\n<table width=\"738\">\n<tbody>\n<tr>\n<td colspan=\"2\" width=\"605\"><strong>13 wrze\u015bnia&nbsp;&nbsp; CZWARTEK <\/strong><\/p>\n<p><strong>Wspomnienie \u015bw. Jana Chryzostoma &#8211; biskupa i doktora Ko\u015bcio\u0142a<\/strong><\/td>\n<td width=\"133\"><strong><em>\u0141k 6, 27-38<\/em><\/strong><\/td>\n<\/tr>\n<tr>\n<td width=\"99\">8:00<\/td>\n<td colspan=\"2\" width=\"639\">Za zmar\u0142ych z rodziny Dziekan<\/td>\n<\/tr>\n<tr>\n<td width=\"99\">18:00<\/td>\n<td colspan=\"2\" width=\"639\">\u015ap. Bogdan Michalski (1 rocz. \u015bmierci)<\/td>\n<\/tr>\n<\/tbody>\n<\/table>\n<p>&nbsp;<\/p>\n<table width=\"738\">\n<tbody>\n<tr>\n<td colspan=\"2\" width=\"605\"><strong>14 wrze\u015bnia&nbsp;&nbsp; PI\u0104TEK <\/strong><\/p>\n<p><strong>\u015awi\u0119to Podwy\u017cszenia Krzy\u017ca \u015awi\u0119tego<\/strong><\/td>\n<td width=\"133\"><strong><em>J 3, 13-17<\/em><\/strong><\/td>\n<\/tr>\n<tr>\n<td width=\"99\">8:00<\/td>\n<td colspan=\"2\" width=\"639\">\u015ap. Irena Bo\u0107ko (30 dz. p.p)<\/td>\n<\/tr>\n<tr>\n<td width=\"99\">18:00<\/td>\n<td colspan=\"2\" width=\"639\">\u015ap. Szczepan \u017by\u0142a w 1 rocz. \u015bmierci<\/td>\n<\/tr>\n<\/tbody>\n<\/table>\n<p>&nbsp;<\/p>\n<table width=\"738\">\n<tbody>\n<tr>\n<td colspan=\"2\" width=\"605\"><strong>15 wrze\u015bnia&nbsp;&nbsp; SOBOTA<\/strong><\/p>\n<p><strong>Wspomnienie &nbsp;Naj\u015bwi\u0119tszej Maryi Panny Bolesnej<\/strong><\/td>\n<td width=\"133\"><strong><em>\u0141k 2, 33-35<\/em><\/strong><\/td>\n<\/tr>\n<tr>\n<td width=\"99\">8:00<\/td>\n<td colspan=\"2\" width=\"639\">O Bo\u017ce b\u0142ogos\u0142awie\u0144stwo dla m\u0142odej pary Pauliny i \u0141ukasza w dniu \u015blubu<\/td>\n<\/tr>\n<tr>\n<td width=\"99\">18:00<\/td>\n<td colspan=\"2\" width=\"639\">O Bo\u017ce b\u0142ogos\u0142awie\u0144stwo, wszelkie \u0142aski i opiek\u0119 MB dla: Iwony i Romana &#8211; 25 rocz. \u015blubu oraz Sylwii i Paw\u0142a &#8211; 17 rocz. \u015blubu i dla dzieci<\/td>\n<\/tr>\n<tr>\n<td width=\"99\">18:00<\/td>\n<td colspan=\"2\" width=\"639\">\u015ap. \u017bona Hanna (4 rocz. \u015bm) oraz rodzic\u00f3w i dziadk\u00f3w z obojga stron<\/td>\n<\/tr>\n<\/tbody>\n<\/table>\n<p>&nbsp;<\/p>\n<table width=\"738\">\n<tbody>\n<tr>\n<td colspan=\"2\" width=\"605\"><strong>16 wrze\u015bnia&nbsp;&nbsp; XXIV NIEDZIELA ZWYK\u0141A <\/strong><\/td>\n<td width=\"133\"><strong><em>Mk 8, 27-35<\/em><\/strong><\/td>\n<\/tr>\n<tr>\n<td width=\"99\"><strong>7:00<\/strong><\/td>\n<td colspan=\"2\" width=\"639\"><strong>Za parafian<\/strong><\/td>\n<\/tr>\n<tr>\n<td width=\"99\">9:00<\/td>\n<td colspan=\"2\" width=\"639\">Dzi\u0119kczynna za Mariann\u0119, z pro\u015bb\u0105 o zdrowie, Bo\u017ce b\u0142ogos\u0142awie\u0144stwo, wszelkie \u0142aski i opiek\u0119 MB &#8211; intencja od c\u00f3rka z rodzin\u0105<\/td>\n<\/tr>\n<tr>\n<td width=\"99\">10:30<\/td>\n<td colspan=\"2\" width=\"639\">\u015ap. Teresa i Feliks Grabowscy i zmarli z rodziny<\/td>\n<\/tr>\n<tr>\n<td width=\"99\">12:00<\/td>\n<td colspan=\"2\" width=\"639\">\u015ap. Teresa Brdak w 1 rocz. \u015bmierci<\/td>\n<\/tr>\n<tr>\n<td width=\"99\">15:00<\/td>\n<td colspan=\"2\" width=\"639\">\u015ap. Martyna \u017bubertowska w 3 rocz. \u015bmierci<\/td>\n<\/tr>\n<tr>\n<td width=\"99\"><strong>18:00<\/strong><\/td>\n<td colspan=\"2\" width=\"639\"><strong>O Bo\u017ce b\u0142ogos\u0142awie\u0144stwo, wszelkie \u0142aski i opiek\u0119 Matki Bo\u017cej Szkaplerznej dla Rodziny i&nbsp; Bractwa Szkaplerznego dzia\u0142aj\u0105cego w naszej parafii. <\/strong><\/td>\n<\/tr>\n<\/tbody>\n<\/table>\n<p>&nbsp;<\/p>\n<p>&nbsp;<\/p>\n","protected":false},"excerpt":{"rendered":"<p>&nbsp; 10 wrze\u015bnia&nbsp;&nbsp; PONIEDZIA\u0141EK &nbsp; \u0141k 6, 6-11 8:00 \u015ap. Regina Hipsz, Franciszek i Lech 18:00 Dzi\u0119kczynna z oikazji 10 urodzin Kacpra z pro\u015bb\u0105 o Bo\u017ce b\u0142. opiek\u0119 MB i wszelkie \u0142aski na ka\u017cdy dzie\u0144 &nbsp; 11 wrze\u015bnia &nbsp;&nbsp;WTOREK \u0141k 6, 12-19 8:00 Intencja wolna 18:00 \u015ap. Mieczys\u0142aw i W\u0142odzimierz oraz zmarli z rodzin: Wile\u0144skich [&hellip;]<\/p>\n","protected":false},"author":1,"featured_media":2526,"comment_status":"closed","ping_status":"closed","sticky":false,"template":"","format":"standard","meta":{"ngg_post_thumbnail":0,"footnotes":""},"categories":[11,8,4],"tags":[],"class_list":["post-3196","post","type-post","status-publish","format-standard","has-post-thumbnail","hentry","category-aktualnosci","category-blog","category-intencje"],"_links":{"self":[{"href":"https:\/\/rafalk-elblag.pl\/index.php?rest_route=\/wp\/v2\/posts\/3196","targetHints":{"allow":["GET"]}}],"collection":[{"href":"https:\/\/rafalk-elblag.pl\/index.php?rest_route=\/wp\/v2\/posts"}],"about":[{"href":"https:\/\/rafalk-elblag.pl\/index.php?rest_route=\/wp\/v2\/types\/post"}],"author":[{"embeddable":true,"href":"https:\/\/rafalk-elblag.pl\/index.php?rest_route=\/wp\/v2\/users\/1"}],"replies":[{"embeddable":true,"href":"https:\/\/rafalk-elblag.pl\/index.php?rest_route=%2Fwp%2Fv2%2Fcomments&post=3196"}],"version-history":[{"count":1,"href":"https:\/\/rafalk-elblag.pl\/index.php?rest_route=\/wp\/v2\/posts\/3196\/revisions"}],"predecessor-version":[{"id":3197,"href":"https:\/\/rafalk-elblag.pl\/index.php?rest_route=\/wp\/v2\/posts\/3196\/revisions\/3197"}],"wp:featuredmedia":[{"embeddable":true,"href":"https:\/\/rafalk-elblag.pl\/index.php?rest_route=\/wp\/v2\/media\/2526"}],"wp:attachment":[{"href":"https:\/\/rafalk-elblag.pl\/index.php?rest_route=%2Fwp%2Fv2%2Fmedia&parent=3196"}],"wp:term":[{"taxonomy":"category","embeddable":true,"href":"https:\/\/rafalk-elblag.pl\/index.php?rest_route=%2Fwp%2Fv2%2Fcategories&post=3196"},{"taxonomy":"post_tag","embeddable":true,"href":"https:\/\/rafalk-elblag.pl\/index.php?rest_route=%2Fwp%2Fv2%2Ftags&post=3196"}],"curies":[{"name":"wp","href":"https:\/\/api.w.org\/{rel}","templated":true}]}}