{"id":3194,"date":"2018-09-15T18:49:25","date_gmt":"2018-09-15T18:49:25","guid":{"rendered":"http:\/\/rafalk-elblag.pl\/?p=3194"},"modified":"2018-09-15T18:49:25","modified_gmt":"2018-09-15T18:49:25","slug":"ogloszenia-parafialne-9-09-2018-r-xxii-niedziela-zwykla","status":"publish","type":"post","link":"https:\/\/rafalk-elblag.pl\/?p=3194","title":{"rendered":"OG\u0141OSZENIA PARAFIALNE 9.09.2018 R. \u2013 XXII NIEDZIELA ZWYK\u0141A"},"content":{"rendered":"<p><a href=\"http:\/\/rafalk-elblag.pl\/wp-content\/uploads\/2016\/12\/pulpit.jpg\"><img loading=\"lazy\" decoding=\"async\" class=\"alignnone size-large wp-image-2530\" src=\"http:\/\/rafalk-elblag.pl\/wp-content\/uploads\/2016\/12\/pulpit-1024x682.jpg\" alt=\"\" width=\"900\" height=\"599\" srcset=\"https:\/\/rafalk-elblag.pl\/wp-content\/uploads\/2016\/12\/pulpit-1024x682.jpg 1024w, https:\/\/rafalk-elblag.pl\/wp-content\/uploads\/2016\/12\/pulpit-300x200.jpg 300w, https:\/\/rafalk-elblag.pl\/wp-content\/uploads\/2016\/12\/pulpit-768x512.jpg 768w, https:\/\/rafalk-elblag.pl\/wp-content\/uploads\/2016\/12\/pulpit.jpg 1698w\" sizes=\"auto, (max-width: 900px) 100vw, 900px\" \/><\/a><\/p>\n<p>&nbsp;<\/p>\n<p>1. UWAGA! Od wrze\u015bnia powracamy do Mszy \u015bwi\u0119tej niedzielnej o godzinie 15:00, kt\u00f3ra rozpoczyna si\u0119 Koronk\u0105 do Mi\u0142osierdzia Bo\u017cego.<br \/>\n2. Dzisiaj przypada 9 rocznica \u015bmierci ks. Bp. Andrzeja \u015aliwi\u0144skiego. Zapraszamy do wsp\u00f3lnej modlitwy podczas Mszy \u015awi\u0119tej o godz. 18:00 w Katedrze Elbl\u0105skiej. Pierwszy Biskup Elbl\u0105ski spoczywa w Katedrze tj. w Krypcie Biskup\u00f3w Elbl\u0105skich.<\/p>\n<p>&nbsp;<\/p>\n<p>3. W zwi\u0105zku z tym, \u017ce dzi\u015b rozpoczynamy Tydzie\u0144 Wychowania, pod has\u0142em \u201eM\u0141ODZIE\u017b, WIARA I ROZPOZNANIE POWO\u0141ANIA\u201d. Zapraszamy w tygodniu na Msze \u015aw. o godz. 18.00 po\u0142\u0105czone z modlitwami za dzieci, m\u0142odzie\u017c i rodziny.<br \/>\nWi\u0119cej na stronie: www.tydzie\u0144wychowania.pl.<br \/>\n4. Rozpocz\u0105\u0142 si\u0119 nowy rok szkolny i katechetyczny. Zatroszczmy si\u0119 o dobre wychowanie m\u0142odego pokolenia. postarajmy si\u0119 znale\u017a\u0107 czas dla naszych dzieci \u2013 \u017cywo interesujmy si\u0119 ich post\u0119pami w szkole, zadbajmy o ich udzia\u0142 w lekcjach religii. Przypominamy ponadto, \u017ce przygotowanie do sakrament\u00f3w \u015bwi\u0119tych tj. do pierwszej Spowiedzi i Komunii \u015awi\u0119tej oraz do Bierzmowania odbywa si\u0119 przy parafii, a nie w szkole.<\/p>\n<p>&nbsp;<\/p>\n<p>5. UWAGA!!! Zapisy do bierzmowania m\u0142odzie\u017cy z klas III Gimnazjum oraz dla klas VIII Szko\u0142y Podstawowej trwaj\u0105 do ko\u0144ca wrze\u015bnia. Rok drugi zapraszamy na spotkanie w ko\u015bciele &#8211; pi\u0105tek 14 wrze\u015bnia o godz.19:00. Zg\u0142oszenia u ks. Marcina.<\/p>\n<p>&nbsp;<\/p>\n<p>6. Po przerwie wakacyjnej powracamy do uprawiania sportu (dyscyplina Nordic Walking). Chcemy, ju\u017c regularnie spotyka\u0107 si\u0119 w ka\u017cdy poniedzia\u0142ek o godz. 19:00. Spotykamy si\u0119 jutro przed ko\u015bcio\u0142em. Zapraszamy wszystkich ch\u0119tnych.<\/p>\n<p>&nbsp;<\/p>\n<p>7. Odpust Podwy\u017cszenia Krzy\u017ca \u015awi\u0119tego w katedrze \u015bw. Miko\u0142aja, a zarazem Sanktuarium Krzy\u017ca \u015awi\u0119tego, odb\u0119dzie si\u0119 w pi\u0105tek 14 wrze\u015bnia 2018 roku. Uroczysta Msza \u015aw. o godz. 18:00 pod przewodnictwem J. E. ks. Bp. dr. Jacka Jezierskiego &#8211; Biskupa Elbl\u0105skiego.<br \/>\n8. Za tydzie\u0144 16 wrze\u015bnia dzie\u0144 spotkania i formacji RODZINY I BRACTWA SZKAPLERZNEGO. Serdecznie zapraszamy na Msz\u0119 \u015bw. o godz. 18:00, a po niej na Nabo\u017ce\u0144stwo do \u015bw. J\u00f3zefa Opiekuna \u015bwi\u0119tej Rodziny.<\/p>\n<p>&nbsp;<\/p>\n<p>9. W niedziel\u0119 16 wrze\u015bnia br. na Sumie Parafialnej o godz. 12:00 b\u0119dziemy prosi\u0107 o \u015bwiat\u0142o Ducha \u015awi\u0119tego na kolejny rok formacyjny. Zapraszamy wszystkie wsp\u00f3lnoty z liderami i opiekunami, kt\u00f3re s\u0105 w parafii do wsp\u00f3lnej modlitwy.<\/p>\n<p>&nbsp;<\/p>\n<p>10. KURS ALPHA dla m\u0119\u017cczyzn startuje w poniedzia\u0142ek 24 wrze\u015bnia br. o godz. 19:00 w Ko\u015bciele Bo\u017cego Cia\u0142a w Elbl\u0105gu, ul Robotnicza 29. Ka\u017cdy spotkanie obejmuje posi\u0142ek, wyk\u0142ad i dyskusj\u0119 w ma\u0142ych grupach. Wi\u0119cej informacji na ulotkach przy Biuletynie.<\/p>\n<p>&nbsp;<\/p>\n<p>11. W TYM TYGODNIU KOLEJNY ROK PRACY FORMACYJNEJ INAUGURUJE:<br \/>\n\uf0b7 Kr\u0105g Biblijny w \u015brod\u0119 12 wrze\u015bnia o godz. 19:00. Zapraszamy osoby pragn\u0105ce bardziej pochyli\u0107 si\u0119 nad Ksi\u0119g\u0105 \u017bycia.<br \/>\n\uf0b7 Parafialny Oddzia\u0142 Caritas &#8211; w ka\u017cdy czwartek w godzinach od 16:00 do 17:00 przy ul. Myliusa 1A. Zapraszamy osoby potrzebuj\u0105ce pomocy.<\/p>\n<p>&nbsp;<\/p>\n<p>12. Mo\u017cliwo\u015b\u0107 skorzystanie z Sakramentu Spowiedzi \u015awi\u0119tej w tygodniu mamy: od godz. 7:45 oraz od godz. 17:30.<\/p>\n<p>&nbsp;<\/p>\n<p>13. Kancelaria Parafialna czynna jest w \u015brody od 16:00 do 17:30 i w soboty od 10:30 do 12:00.<\/p>\n<p>&nbsp;<\/p>\n<p>14. Zach\u0119camy do czytania prasy katolickiej: nowy numer \u201eGo\u015bcia Niedzielnego\u201d w cenie 5 z\u0142. oraz dodatek \u201eGo\u015b\u0107 Elbl\u0105ski\u201d a nim wydarzenia z diecezji.<\/p>\n<p>&nbsp;<\/p>\n<p>&nbsp;<\/p>\n","protected":false},"excerpt":{"rendered":"<p>&nbsp; 1. UWAGA! Od wrze\u015bnia powracamy do Mszy \u015bwi\u0119tej niedzielnej o godzinie 15:00, kt\u00f3ra rozpoczyna si\u0119 Koronk\u0105 do Mi\u0142osierdzia Bo\u017cego. 2. Dzisiaj przypada 9 rocznica \u015bmierci ks. Bp. Andrzeja \u015aliwi\u0144skiego. Zapraszamy do wsp\u00f3lnej modlitwy podczas Mszy \u015awi\u0119tej o godz. 18:00 w Katedrze Elbl\u0105skiej. Pierwszy Biskup Elbl\u0105ski spoczywa w Katedrze tj. w Krypcie Biskup\u00f3w Elbl\u0105skich. &nbsp; [&hellip;]<\/p>\n","protected":false},"author":1,"featured_media":2530,"comment_status":"closed","ping_status":"closed","sticky":false,"template":"","format":"standard","meta":{"ngg_post_thumbnail":0,"footnotes":""},"categories":[11,8,3],"tags":[],"class_list":["post-3194","post","type-post","status-publish","format-standard","has-post-thumbnail","hentry","category-aktualnosci","category-blog","category-ogloszenia"],"_links":{"self":[{"href":"https:\/\/rafalk-elblag.pl\/index.php?rest_route=\/wp\/v2\/posts\/3194","targetHints":{"allow":["GET"]}}],"collection":[{"href":"https:\/\/rafalk-elblag.pl\/index.php?rest_route=\/wp\/v2\/posts"}],"about":[{"href":"https:\/\/rafalk-elblag.pl\/index.php?rest_route=\/wp\/v2\/types\/post"}],"author":[{"embeddable":true,"href":"https:\/\/rafalk-elblag.pl\/index.php?rest_route=\/wp\/v2\/users\/1"}],"replies":[{"embeddable":true,"href":"https:\/\/rafalk-elblag.pl\/index.php?rest_route=%2Fwp%2Fv2%2Fcomments&post=3194"}],"version-history":[{"count":1,"href":"https:\/\/rafalk-elblag.pl\/index.php?rest_route=\/wp\/v2\/posts\/3194\/revisions"}],"predecessor-version":[{"id":3195,"href":"https:\/\/rafalk-elblag.pl\/index.php?rest_route=\/wp\/v2\/posts\/3194\/revisions\/3195"}],"wp:featuredmedia":[{"embeddable":true,"href":"https:\/\/rafalk-elblag.pl\/index.php?rest_route=\/wp\/v2\/media\/2530"}],"wp:attachment":[{"href":"https:\/\/rafalk-elblag.pl\/index.php?rest_route=%2Fwp%2Fv2%2Fmedia&parent=3194"}],"wp:term":[{"taxonomy":"category","embeddable":true,"href":"https:\/\/rafalk-elblag.pl\/index.php?rest_route=%2Fwp%2Fv2%2Fcategories&post=3194"},{"taxonomy":"post_tag","embeddable":true,"href":"https:\/\/rafalk-elblag.pl\/index.php?rest_route=%2Fwp%2Fv2%2Ftags&post=3194"}],"curies":[{"name":"wp","href":"https:\/\/api.w.org\/{rel}","templated":true}]}}