{"id":3188,"date":"2018-08-30T12:09:08","date_gmt":"2018-08-30T12:09:08","guid":{"rendered":"http:\/\/rafalk-elblag.pl\/?p=3188"},"modified":"2018-08-30T12:09:08","modified_gmt":"2018-08-30T12:09:08","slug":"intencje-mszalne-na-xxi-tydzien-zwykly-3-09-9-09-2018","status":"publish","type":"post","link":"https:\/\/rafalk-elblag.pl\/?p=3188","title":{"rendered":"INTENCJE MSZALNE NA XXI TYDZIE\u0143 ZWYK\u0141Y (3.09. \u2013 9.09. 2018)"},"content":{"rendered":"<p><a href=\"http:\/\/rafalk-elblag.pl\/wp-content\/uploads\/2016\/12\/shutterstock_49643152-1000.jpg\"><img loading=\"lazy\" decoding=\"async\" class=\"alignnone size-full wp-image-2526\" src=\"http:\/\/rafalk-elblag.pl\/wp-content\/uploads\/2016\/12\/shutterstock_49643152-1000.jpg\" alt=\"\" width=\"1000\" height=\"665\" srcset=\"https:\/\/rafalk-elblag.pl\/wp-content\/uploads\/2016\/12\/shutterstock_49643152-1000.jpg 1000w, https:\/\/rafalk-elblag.pl\/wp-content\/uploads\/2016\/12\/shutterstock_49643152-1000-300x200.jpg 300w, https:\/\/rafalk-elblag.pl\/wp-content\/uploads\/2016\/12\/shutterstock_49643152-1000-768x511.jpg 768w\" sizes=\"auto, (max-width: 1000px) 100vw, 1000px\" \/><\/a><\/p>\n<p>&nbsp;<\/p>\n<p>&nbsp;<\/p>\n<p>&nbsp;<\/p>\n<table width=\"738\">\n<tbody>\n<tr>\n<td colspan=\"2\" width=\"605\"><strong>3 wrze\u015bnia&nbsp;&nbsp; PONIEDZIA\u0141EK<\/strong><\/p>\n<p><strong>wsp. \u015bw. Grzegorza Wielkiego [papie\u017ca, Doktora Ko\u015bcio\u0142a]<\/strong><\/td>\n<td width=\"133\"><strong><em>\u0141k 4, 16-30<\/em><\/strong><\/td>\n<\/tr>\n<tr>\n<td width=\"99\">8:00<\/td>\n<td colspan=\"2\" width=\"639\">O dary Ducha \u015awi\u0119tego i mi\u0142o\u015b\u0107 dla Irenki<\/td>\n<\/tr>\n<tr>\n<td width=\"99\">8:45<\/td>\n<td colspan=\"2\" width=\"639\">O Bo\u017ce b\u0142ogos\u0142awie\u0144stwo dla dyrekcji, nauczycieli, pracownik\u00f3w i uczni\u00f3w Szko\u0142y Podstawowej nr 11 z okazji rozpocz\u0119cia nowego roku szkolnego i katechetycznego <strong>[klasy 0, I, II i III Szko\u0142y Podstawowej]<\/strong><\/td>\n<\/tr>\n<tr>\n<td width=\"99\">18:00<\/td>\n<td colspan=\"2\" width=\"639\">\u015ap. Marian (m) Pietrzak w 20 rocz. \u015bmierci oraz rodzice z obojga stron, \u015bp. Bo\u017cena i Antoni Matuszewscy oraz \u015bp. Bronis\u0142aw Ostrowski<\/td>\n<\/tr>\n<\/tbody>\n<\/table>\n<p>&nbsp;<\/p>\n<p>&nbsp;<\/p>\n<table width=\"738\">\n<tbody>\n<tr>\n<td colspan=\"2\" width=\"605\"><strong>4 wrze\u015bnia &nbsp;&nbsp;<\/strong><strong>WTOREK<\/strong><\/td>\n<td width=\"133\"><strong><em>\u0141k 4, 31-37<\/em><\/strong><\/td>\n<\/tr>\n<tr>\n<td width=\"99\">8:00<\/td>\n<td colspan=\"2\" width=\"639\">\u015ap. Janusz Hochleitner w miesi\u0105c po pogrzebie<\/td>\n<\/tr>\n<tr>\n<td width=\"99\">18:00<\/td>\n<td colspan=\"2\" width=\"639\">\u015ap. J\u00f3zef Fiedorowicz w 30 dzie\u0144 po pogrzebie<\/td>\n<\/tr>\n<tr>\n<td width=\"99\">18:00<\/td>\n<td colspan=\"2\" width=\"639\">\u015ap. Stanis\u0142aw Starzy\u0144ski w 1 rocz. \u015bmierci<\/td>\n<\/tr>\n<\/tbody>\n<\/table>\n<p>&nbsp;<\/p>\n<p>&nbsp;<\/p>\n<table width=\"738\">\n<tbody>\n<tr>\n<td colspan=\"2\" width=\"605\"><strong>5 wrze\u015bnia &nbsp;&nbsp;\u015aRODA<\/strong><\/td>\n<td width=\"133\"><strong><em>\u0141k 4, 38-44<\/em><\/strong><\/td>\n<\/tr>\n<tr>\n<td width=\"99\">8:00<\/td>\n<td colspan=\"2\" width=\"639\">Za zmar\u0142ych z rodziny Dziekan<\/td>\n<\/tr>\n<tr>\n<td width=\"99\">17:30<\/td>\n<td colspan=\"2\" width=\"639\"><em>Nabo\u017ce\u0144stwo ku czci Matki Bo\u017cej Nieustaj\u0105cej Pomocy<\/em><\/td>\n<\/tr>\n<tr>\n<td width=\"99\"><strong>18:00<\/strong><\/td>\n<td colspan=\"2\" width=\"639\"><strong>W intencji czcicieli Matki Bo\u017cej Nieustaj\u0105cej Pomocy oraz w intencji ich pr\u00f3\u015bb i podzi\u0119kowa\u0144<\/strong><\/td>\n<\/tr>\n<tr>\n<td width=\"99\">18:00<\/td>\n<td colspan=\"2\" width=\"639\">\u015ap. Edward Korzeniowski w 17 rocz. \u015bmierci<\/td>\n<\/tr>\n<\/tbody>\n<\/table>\n<p>&nbsp;<\/p>\n<p>&nbsp;<\/p>\n<table width=\"738\">\n<tbody>\n<tr>\n<td colspan=\"2\" width=\"605\"><strong>6 wrze\u015bnia &nbsp;&nbsp;PIERWSZY CZWARTEK MIESI\u0104CA<\/strong><\/td>\n<td width=\"133\"><strong><em>\u0141k 5, 1-11<\/em><\/strong><\/td>\n<\/tr>\n<tr>\n<td width=\"99\">8:00<\/td>\n<td colspan=\"2\" width=\"639\">\u015ap. Henryk Mackiewicz w 1 rocz. \u015bmierci<\/td>\n<\/tr>\n<tr>\n<td width=\"99\">18:00<\/td>\n<td colspan=\"2\" width=\"639\">\u015ap. Ignacy Rymarczyk w 30 dzie\u0144 po pogrzebie<\/td>\n<\/tr>\n<tr>\n<td width=\"99\">18:00<\/td>\n<td colspan=\"2\" width=\"639\">\u015ap. Roert Bogdanowicz oraz \u015bp. Krystyna Bogdanowicz w 5 rocz. \u015bmierci<\/td>\n<\/tr>\n<tr>\n<td width=\"99\"><strong>18:45<\/strong><\/td>\n<td colspan=\"2\" width=\"639\"><strong>GODZINA \u015aWI\u0118TA [adoracja w intencji powo\u0142a\u0144]<\/strong><\/td>\n<\/tr>\n<\/tbody>\n<\/table>\n<p>&nbsp;<\/p>\n<p>&nbsp;<\/p>\n<table width=\"738\">\n<tbody>\n<tr>\n<td colspan=\"2\" width=\"605\"><strong>7 wrze\u015bnia&nbsp;&nbsp; PIERWSZY PI\u0104TEK MIESI\u0104CA<\/strong><\/td>\n<td width=\"133\"><strong><em>\u0141k 5, 33-39<\/em><\/strong><\/td>\n<\/tr>\n<tr>\n<td width=\"99\">8:00<\/td>\n<td colspan=\"2\" width=\"639\">Za zmar\u0142ych z rodziny Dziekan<\/td>\n<\/tr>\n<tr>\n<td width=\"99\">16:30<\/td>\n<td colspan=\"2\" width=\"639\">O Bo\u017ce b\u0142ogos\u0142awie\u0144stwo dla dyrekcji, nauczycieli, pracownik\u00f3w i uczni\u00f3w Szko\u0142y Podstawowej nr 11 z okazji rozpocz\u0119cia nowego roku szkolnego i katechetycznego <strong>[klasy IV, V, VI, VII, VIII Szko\u0142y Podstawowej oraz III klasy gimnazjum i starsi]<\/strong><\/td>\n<\/tr>\n<tr>\n<td width=\"99\">18:00<\/td>\n<td colspan=\"2\" width=\"639\">\u015ap. Henryk (m) Wutkowski w 2 miesi\u0105c po pogrzebie<\/td>\n<\/tr>\n<\/tbody>\n<\/table>\n<p>&nbsp;<\/p>\n<p>&nbsp;<\/p>\n<table width=\"738\">\n<tbody>\n<tr>\n<td colspan=\"2\" width=\"605\"><strong>8 wrze\u015bnia&nbsp;&nbsp; SOBOTA<\/strong><\/p>\n<p><strong>\u015awi\u0119to Narodzenia Naj\u015bwi\u0119tszej Maryi Panny<\/strong><\/td>\n<td width=\"133\"><strong><em>Mt 1, 1-16. 18-23<\/em><\/strong><\/td>\n<\/tr>\n<tr>\n<td width=\"99\">8:00<\/td>\n<td colspan=\"2\" width=\"639\"><em>rez.<\/em><\/td>\n<\/tr>\n<tr>\n<td width=\"99\">18:00<\/td>\n<td colspan=\"2\" width=\"639\">Msza \u015awi\u0119ta dzi\u0119kczynna w 40 rocz. \u015blubu Krystyny i Ryszarda Kuczy\u0144skich z pro\u015bb\u0105 o Bo\u017ce b\u0142ogos\u0142awie\u0144stwo i potrzebne \u0142aski dla rubinowych Jubilat\u00f3w<\/td>\n<\/tr>\n<tr>\n<td width=\"99\">18:00<\/td>\n<td colspan=\"2\" width=\"639\">\u015ap. Andrzej oraz zmarli z rodziny Binkowskich<\/td>\n<\/tr>\n<\/tbody>\n<\/table>\n<p>&nbsp;<\/p>\n<p>&nbsp;<\/p>\n<table width=\"738\">\n<tbody>\n<tr>\n<td colspan=\"2\" width=\"605\"><strong>9 wrze\u015bnia&nbsp;&nbsp; XXII NIEDZIELA ZWYK\u0141A <\/strong><\/td>\n<td width=\"133\"><strong><em>Mt 18, 15-20<\/em><\/strong><\/td>\n<\/tr>\n<tr>\n<td width=\"99\">7:00<\/td>\n<td colspan=\"2\" width=\"639\">\u015ap. J\u00f3zefa (k) Bartnik<\/td>\n<\/tr>\n<tr>\n<td width=\"99\"><strong>8:00<\/strong><\/td>\n<td colspan=\"2\" width=\"639\"><strong>Wyjazd pielgrzymki autokarowej do Gietrzwa\u0142du [141 rocznica objawie\u0144]<\/strong><\/td>\n<\/tr>\n<tr>\n<td width=\"99\">9:00<\/td>\n<td colspan=\"2\" width=\"639\">O \u015bwiat\u0142o Ducha \u015awi\u0119tego w pokonywaniu wszelkich trudno\u015bci dla Agnieszki i ca\u0142ej rodziny zakonnej, Nikodema i ca\u0142ej jego rodziny oraz dla Magdy i jej bliskich<\/td>\n<\/tr>\n<tr>\n<td width=\"99\">10:30<\/td>\n<td colspan=\"2\" width=\"639\">\u015ap. Stanis\u0142aw Humelt<\/td>\n<\/tr>\n<tr>\n<td width=\"99\"><strong>12:00<\/strong><\/td>\n<td colspan=\"2\" width=\"639\"><strong>Za parafian [chrzty]<\/strong><\/td>\n<\/tr>\n<tr>\n<td width=\"99\">15:00<\/td>\n<td colspan=\"2\" width=\"639\">\u015ap. Marianna i J\u00f3zef Kury\u0142o oraz zmarli z rodzin: Kury\u0142o, Kotlewskich i Ha\u0142abi\u015b<\/td>\n<\/tr>\n<tr>\n<td width=\"99\">18:00<\/td>\n<td colspan=\"2\" width=\"639\">\u015ap. Wojciech Juchnowicz (w dniu urodzin) oraz \u015bp. Czes\u0142aw Juchnowicz w 10 rocz. \u015bmierci<\/td>\n<\/tr>\n<\/tbody>\n<\/table>\n<p>&nbsp;<\/p>\n<p>&nbsp;<\/p>\n<p>&nbsp;<\/p>\n","protected":false},"excerpt":{"rendered":"<p>&nbsp; &nbsp; &nbsp; 3 wrze\u015bnia&nbsp;&nbsp; PONIEDZIA\u0141EK wsp. \u015bw. Grzegorza Wielkiego [papie\u017ca, Doktora Ko\u015bcio\u0142a] \u0141k 4, 16-30 8:00 O dary Ducha \u015awi\u0119tego i mi\u0142o\u015b\u0107 dla Irenki 8:45 O Bo\u017ce b\u0142ogos\u0142awie\u0144stwo dla dyrekcji, nauczycieli, pracownik\u00f3w i uczni\u00f3w Szko\u0142y Podstawowej nr 11 z okazji rozpocz\u0119cia nowego roku szkolnego i katechetycznego [klasy 0, I, II i III Szko\u0142y Podstawowej] [&hellip;]<\/p>\n","protected":false},"author":1,"featured_media":2526,"comment_status":"closed","ping_status":"closed","sticky":false,"template":"","format":"standard","meta":{"ngg_post_thumbnail":0,"footnotes":""},"categories":[11,8,4],"tags":[],"class_list":["post-3188","post","type-post","status-publish","format-standard","has-post-thumbnail","hentry","category-aktualnosci","category-blog","category-intencje"],"_links":{"self":[{"href":"https:\/\/rafalk-elblag.pl\/index.php?rest_route=\/wp\/v2\/posts\/3188","targetHints":{"allow":["GET"]}}],"collection":[{"href":"https:\/\/rafalk-elblag.pl\/index.php?rest_route=\/wp\/v2\/posts"}],"about":[{"href":"https:\/\/rafalk-elblag.pl\/index.php?rest_route=\/wp\/v2\/types\/post"}],"author":[{"embeddable":true,"href":"https:\/\/rafalk-elblag.pl\/index.php?rest_route=\/wp\/v2\/users\/1"}],"replies":[{"embeddable":true,"href":"https:\/\/rafalk-elblag.pl\/index.php?rest_route=%2Fwp%2Fv2%2Fcomments&post=3188"}],"version-history":[{"count":1,"href":"https:\/\/rafalk-elblag.pl\/index.php?rest_route=\/wp\/v2\/posts\/3188\/revisions"}],"predecessor-version":[{"id":3189,"href":"https:\/\/rafalk-elblag.pl\/index.php?rest_route=\/wp\/v2\/posts\/3188\/revisions\/3189"}],"wp:featuredmedia":[{"embeddable":true,"href":"https:\/\/rafalk-elblag.pl\/index.php?rest_route=\/wp\/v2\/media\/2526"}],"wp:attachment":[{"href":"https:\/\/rafalk-elblag.pl\/index.php?rest_route=%2Fwp%2Fv2%2Fmedia&parent=3188"}],"wp:term":[{"taxonomy":"category","embeddable":true,"href":"https:\/\/rafalk-elblag.pl\/index.php?rest_route=%2Fwp%2Fv2%2Fcategories&post=3188"},{"taxonomy":"post_tag","embeddable":true,"href":"https:\/\/rafalk-elblag.pl\/index.php?rest_route=%2Fwp%2Fv2%2Ftags&post=3188"}],"curies":[{"name":"wp","href":"https:\/\/api.w.org\/{rel}","templated":true}]}}