{"id":3186,"date":"2018-08-30T11:03:58","date_gmt":"2018-08-30T11:03:58","guid":{"rendered":"http:\/\/rafalk-elblag.pl\/?p=3186"},"modified":"2018-08-30T11:03:58","modified_gmt":"2018-08-30T11:03:58","slug":"ogloszenia-parafialne-2-09-2018-r-xxi-niedziela-zwykla","status":"publish","type":"post","link":"https:\/\/rafalk-elblag.pl\/?p=3186","title":{"rendered":"OG\u0141OSZENIA PARAFIALNE 2.09.2018 R. \u2013 XXI NIEDZIELA ZWYK\u0141A"},"content":{"rendered":"<p><a href=\"http:\/\/rafalk-elblag.pl\/wp-content\/uploads\/2016\/12\/pulpit.jpg\"><img loading=\"lazy\" decoding=\"async\" class=\"size-large wp-image-2530 aligncenter\" src=\"http:\/\/rafalk-elblag.pl\/wp-content\/uploads\/2016\/12\/pulpit-1024x682.jpg\" alt=\"\" width=\"900\" height=\"599\" srcset=\"https:\/\/rafalk-elblag.pl\/wp-content\/uploads\/2016\/12\/pulpit-1024x682.jpg 1024w, https:\/\/rafalk-elblag.pl\/wp-content\/uploads\/2016\/12\/pulpit-300x200.jpg 300w, https:\/\/rafalk-elblag.pl\/wp-content\/uploads\/2016\/12\/pulpit-768x512.jpg 768w, https:\/\/rafalk-elblag.pl\/wp-content\/uploads\/2016\/12\/pulpit.jpg 1698w\" sizes=\"auto, (max-width: 900px) 100vw, 900px\" \/><\/a><\/p>\n<p>&nbsp;<\/p>\n<p>1. Zapraszamy w pierwsz\u0105 niedziel\u0119 miesi\u0105ca na <strong>Adoracj\u0119 Naj\u015bwi\u0119tszego Sakramentu od godz. 16:00 do godz. 18:00. <\/strong><strong>UWAGA!<\/strong> Od wrze\u015bnia powracamy do Mszy \u015bwi\u0119tej niedzielnej o godzinie 15:00, kt\u00f3ra rozpoczyna si\u0119 Koronk\u0105 do Mi\u0142osierdzia Bo\u017cego.<\/p>\n<p><strong>&nbsp;<\/strong><\/p>\n<p><strong>2. Msze \u015bw. inauguruj\u0105ce kolejny rok szkolny i katechetyczny 2018\/2019 odprawione zostan\u0105 w dniach: 3 wrze\u015bnia o godz. 8:45 dla klas 0, I, II, III Szko\u0142y Podstawowej nr.11<\/strong> <strong>oraz 7 wrze\u015bnia o godz. 16:30 dla pozosta\u0142ych klas Szko\u0142y Podstawowej i III Gimnazjum.&nbsp;<\/strong>W poniedzia\u0142ek po Mszy \u015bw. dzieci udadz\u0105 si\u0119 bezpo\u015brednio do szko\u0142y na drug\u0105 cz\u0119\u015b\u0107 <strong>inauguracji Nowego Roku Szkolnego. <\/strong>Zapraszamy do wsp\u00f3lnej modlitwy uczni\u00f3w, rodzic\u00f3w i nauczycieli.<\/p>\n<p>&nbsp;<\/p>\n<p>3. B\u0142ogos\u0142awie\u0144stwo dzieci klas I z po\u015bwi\u0119ceniem przybor\u00f3w szkolnych odb\u0119dzie si\u0119 za tydzie\u0144 9 wrze\u015bnia podczas Mszy \u015bw. o godz. 10:30. ZAPRASZAMY DZIECI Z RODZICAMI.<\/p>\n<p><em>&nbsp;<\/em><\/p>\n<p>4. W tym tygodniu przypada pierwszy czwartek i pi\u0105tek &nbsp;miesi\u0105ca.<\/p>\n<ul>\n<li><strong>w pierwszy czwartek<\/strong> b\u0119dziemy modli\u0107 si\u0119 wsp\u00f3lnie za Ko\u015bci\u00f3\u0142 i Ojca \u015awi\u0119tego Franciszka. <strong>Zapraszamy na Msz\u0119 \u015bw. o godz. 18:00 a po Niej <\/strong>na ADORACJ\u0118 przed Naj\u015bwi\u0119tszym Sakramentem w powy\u017cszych intencjach.<\/li>\n<li><strong>w pierwszy pi\u0105tek<\/strong> spowied\u017a dla dzieci od godz. 16:00 i Msza \u015bw. o godz. 16:30, spowied\u017a dla doros\u0142ych i m\u0142odzie\u017cy od godz. 17:30. Msza \u015bw. o godz.18.00<\/li>\n<li><strong>PRZYPOMINAMY <\/strong>\u017ce dzieci klas IV maj\u0105 spowied\u017a w tygodniu wed\u0142ug ustalonego porz\u0105dku<em>: poniedzia\u0142ek od godz. 17:30 klasa IV A, wtorek od godz. 17:30 klasa IV B \u015broda od godz. 17:30 klasa IV C, czwartek od godz. 17:30 klasa IV D i w pi\u0105tek od godz. 16:00.<\/em><br \/>\ni Msza \u015bw. o godz. 16:30<strong>. Pozosta\u0142e dzieci i m\u0142odzie\u017c zapraszamy do spowiedzi<br \/>\nw tygodniu od godz. 17:30<\/strong><\/li>\n<\/ul>\n<p>&nbsp;<\/p>\n<p>5. Po przerwie wakacyjnej w I pi\u0105tek miesi\u0105ca, ksi\u0105dz proboszcz od godz. 9:30, a ks. \u0141ukasz i ks. Marcin od godz. 8:00, z Panem Jezusem udadz\u0105 si\u0119 do chorych. <em>Prosimy zg\u0142asza\u0107 do kap\u0142an\u00f3w chorych pragn\u0105cych rozpocz\u0105\u0107 9 pierwszych pi\u0105tk\u00f3w.<\/em><\/p>\n<p>&nbsp;<\/p>\n<p>6. W sobot\u0119 8 wrze\u015bnia br. przypada \u015awi\u0119to Narodzenia Naj\u015bwi\u0119tszej Maryi Panny. Zapraszamy w tym dniu na Msze \u015bw. o godz. 8:00 oraz o godz. 18:00.<\/p>\n<p><strong>&nbsp;<\/strong><\/p>\n<p><strong>7. W TYM TYGODNIU KOLEJNY ROK PRACY FORMACYJNEJ INAUGURUJE:<\/strong><\/p>\n<ul>\n<li><strong>Odnowa w Duchu \u015awi\u0119tym<\/strong> \u201eKana Galilejska\u201d \u2013 wtorek &#8211; Msza \u015bw. o godz. 18:00, a po Mszy \u015bw. Adoracja Naj\u015bwi\u0119tszego Sakramentu.<\/li>\n<li><strong>Katolickie Stowarzyszenie M\u0142odzie\u017cy<\/strong> \u201eBOANERGES\u201d &#8211; \u015brod\u0119 o godz. 19:00. Ks. Marcin zaprasza i oczekuje.<\/li>\n<li><strong>Wsp\u00f3lna Krwi Chrystusa<\/strong> \u2013 \u015broda &#8211; 5 wrze\u015bnia o godz. 19:00.<\/li>\n<li><strong>Apostolat Margaretka <\/strong>w I czwartek miesi\u0105ca tj. 6 wrze\u015bnia &#8211; Msz\u0105 \u015bw. o godz. 18:00 i Godzin\u0105 \u015awi\u0119t\u0105. Po wsp\u00f3lnej modlitwie spotkanie na plebanii.<\/li>\n<li><strong>Scholka Dzieci\u0119ca \u201eRAFAEL\u201d. <\/strong>Zapraszamy dzieci pragn\u0105ce \u015bpiewem chwali\u0107 Pana Boga w najbli\u017csz\u0105 niedziel\u0119, tj. 9 wrze\u015bnia o godz. 10:00.<\/li>\n<li><strong>S\u0142u\u017cba Liturgiczna O\u0142tarza. <\/strong>Zaprasza wszystkich ministrant\u00f3w i ch\u0119tnych, kt\u00f3rzy by chcieli s\u0142u\u017cy\u0107 przy o\u0142tarzu na zbi\u00f3rk\u0119 8 wrze\u015bnia (sobota) o godz. 9:30 na plebanii.<\/li>\n<\/ul>\n<p>&nbsp;<\/p>\n<p>8. W przysz\u0142\u0105 niedziel\u0119 9 wrze\u015bnia przypada 9 rocznica \u015bmierci ks. Bp. Andrzeja \u015aliwi\u0144skiego. Zapraszamy do wsp\u00f3lnej modlitwy podczas Mszy \u015awi\u0119tej o godz. 18:00 w Katedrze Elbl\u0105skiej. <em>Pierwszy Biskup Elbl\u0105ski spoczywa w krypcie Biskup\u00f3w Elbl\u0105skich.<\/em><\/p>\n<p>&nbsp;<\/p>\n<p>9. Ofiary zbierane na tac\u0119 przeznaczona s\u0105 na sp\u0142at\u0119&nbsp; kolejny raty za wykonane \u0142awki do naszego ko\u015bcio\u0142a. <em>B\u00f3g zap\u0142a\u0107 za sk\u0142adane ofiary<\/em><strong><em>.<\/em><\/strong><\/p>\n<p>&nbsp;<\/p>\n<p>10. Nasza parafia tradycyjnie organizuje pielgrzymk\u0119 autokarow\u0105 do Sanktuarium Matki Bo\u017cej Gietrzwa\u0142dzkiej. W tym roku obchodzimy 141 Rocznic\u0119 Objawie\u0144. Wyjazd 9 wrze\u015bnia (niedziela) o godz. 8:00. Koszt 25 z\u0142.&nbsp; Zapisy w zakrystii.<\/p>\n<p>&nbsp;<\/p>\n<p>&nbsp;<\/p>\n<p>&nbsp;<\/p>\n","protected":false},"excerpt":{"rendered":"<p>&nbsp; 1. Zapraszamy w pierwsz\u0105 niedziel\u0119 miesi\u0105ca na Adoracj\u0119 Naj\u015bwi\u0119tszego Sakramentu od godz. 16:00 do godz. 18:00. UWAGA! Od wrze\u015bnia powracamy do Mszy \u015bwi\u0119tej niedzielnej o godzinie 15:00, kt\u00f3ra rozpoczyna si\u0119 Koronk\u0105 do Mi\u0142osierdzia Bo\u017cego. &nbsp; 2. Msze \u015bw. inauguruj\u0105ce kolejny rok szkolny i katechetyczny 2018\/2019 odprawione zostan\u0105 w dniach: 3 wrze\u015bnia o godz. 8:45 [&hellip;]<\/p>\n","protected":false},"author":1,"featured_media":2530,"comment_status":"closed","ping_status":"closed","sticky":false,"template":"","format":"standard","meta":{"ngg_post_thumbnail":0,"footnotes":""},"categories":[11,8,3],"tags":[],"class_list":["post-3186","post","type-post","status-publish","format-standard","has-post-thumbnail","hentry","category-aktualnosci","category-blog","category-ogloszenia"],"_links":{"self":[{"href":"https:\/\/rafalk-elblag.pl\/index.php?rest_route=\/wp\/v2\/posts\/3186","targetHints":{"allow":["GET"]}}],"collection":[{"href":"https:\/\/rafalk-elblag.pl\/index.php?rest_route=\/wp\/v2\/posts"}],"about":[{"href":"https:\/\/rafalk-elblag.pl\/index.php?rest_route=\/wp\/v2\/types\/post"}],"author":[{"embeddable":true,"href":"https:\/\/rafalk-elblag.pl\/index.php?rest_route=\/wp\/v2\/users\/1"}],"replies":[{"embeddable":true,"href":"https:\/\/rafalk-elblag.pl\/index.php?rest_route=%2Fwp%2Fv2%2Fcomments&post=3186"}],"version-history":[{"count":1,"href":"https:\/\/rafalk-elblag.pl\/index.php?rest_route=\/wp\/v2\/posts\/3186\/revisions"}],"predecessor-version":[{"id":3187,"href":"https:\/\/rafalk-elblag.pl\/index.php?rest_route=\/wp\/v2\/posts\/3186\/revisions\/3187"}],"wp:featuredmedia":[{"embeddable":true,"href":"https:\/\/rafalk-elblag.pl\/index.php?rest_route=\/wp\/v2\/media\/2530"}],"wp:attachment":[{"href":"https:\/\/rafalk-elblag.pl\/index.php?rest_route=%2Fwp%2Fv2%2Fmedia&parent=3186"}],"wp:term":[{"taxonomy":"category","embeddable":true,"href":"https:\/\/rafalk-elblag.pl\/index.php?rest_route=%2Fwp%2Fv2%2Fcategories&post=3186"},{"taxonomy":"post_tag","embeddable":true,"href":"https:\/\/rafalk-elblag.pl\/index.php?rest_route=%2Fwp%2Fv2%2Ftags&post=3186"}],"curies":[{"name":"wp","href":"https:\/\/api.w.org\/{rel}","templated":true}]}}