{"id":3184,"date":"2018-08-30T10:18:04","date_gmt":"2018-08-30T10:18:04","guid":{"rendered":"http:\/\/rafalk-elblag.pl\/?p=3184"},"modified":"2018-11-10T14:13:56","modified_gmt":"2018-11-10T14:13:56","slug":"inauguracja-roku-szkolnego-i-katechetycznego-w-naszej-parafii","status":"publish","type":"post","link":"https:\/\/rafalk-elblag.pl\/?p=3184","title":{"rendered":"INAUGURACJA ROKU SZKOLNEGO I KATECHETYCZNEGO W NASZEJ PARAFII"},"content":{"rendered":"<p><a href=\"http:\/\/rafalk-elblag.pl\/wp-content\/uploads\/2018\/08\/witaj-szko\u0142o.png\"><img loading=\"lazy\" decoding=\"async\" class=\"size-full wp-image-3182 aligncenter\" src=\"http:\/\/rafalk-elblag.pl\/wp-content\/uploads\/2018\/08\/witaj-szko\u0142o.png\" alt=\"\" width=\"543\" height=\"231\" srcset=\"https:\/\/rafalk-elblag.pl\/wp-content\/uploads\/2018\/08\/witaj-szko\u0142o.png 543w, https:\/\/rafalk-elblag.pl\/wp-content\/uploads\/2018\/08\/witaj-szko\u0142o-300x128.png 300w\" sizes=\"auto, (max-width: 543px) 100vw, 543px\" \/><\/a><\/p>\n<p style=\"text-align: center;\"><span style=\"color: #ff0000;\"><strong>DROGIE DZIECI, DROGA M\u0141ODZIE\u017bY, SZANOWNI RODZICE I NAUCZYCIELE!<\/strong><\/span><\/p>\n<p>Ko\u0144czy si\u0119 czas wakacyjnego odpoczynku, ju\u017c 3 wrze\u015bnia \u017cycie na nowo zacznie t\u0119tni\u0107 w naszych szko\u0142ach, a szczeg\u00f3lnie w drogiej nam Szkole Podstawowej nr 11 i Gimnazjum nr 4 w Elbl\u0105gu. Pragniemy zaprosi\u0107 wszystkich Was, Kochani, na wydarzenia zwi\u0105zane z rozpocz\u0119ciem roku szkolnego i katechetycznego w naszej parafii.<\/p>\n<p>&nbsp;<\/p>\n<p><strong>Msze \u015awi\u0119te inauguruj\u0105ce rok szkolny odb\u0119d\u0105 si\u0119:<\/strong><\/p>\n<ul>\n<li><span style=\"color: #ff0000;\"><strong>w poniedzia\u0142ek 3 wrze\u015bnia o godz. 8:45 dla uczni\u00f3w klas 0-III Szko\u0142y Podstawowej<\/strong>.<\/span> Po Mszy \u015awi\u0119tej nast\u0105pi przej\u015bcie do szko\u0142y na uroczysto\u015b\u0107 rozpocz\u0119cia roku szkolnego;<\/li>\n<li><span style=\"color: #ff0000;\"><strong>dla uczni\u00f3w klas IV &#8211; VIII Szko\u0142y Podstawowej, a tak\u017ce klas III gimnazjalnych oraz uczni\u00f3w straszych z pozosta\u0142ych szk\u00f3\u0142 Msza \u015awi\u0119ta odb\u0119dzie si\u0119 w pierwszy pi\u0105tek miesi\u0105ca &#8211; 7 wrze\u015bnia o godz. 16:30<\/strong><\/span>;<\/li>\n<li>uroczysta Msza \u015awi\u0119ta dla uczni\u00f3w klas pierwszych Szko\u0142y Podstawowej odb\u0119dzie si\u0119 <span style=\"color: #ff0000;\"><strong>w niedziel\u0119 9 wrze\u015bnia o godz. 10:30 (na Mszy \u015awi\u0119tej ze szczeg\u00f3lnym udzia\u0142em dzieci i rodzin. B\u0119dzie ona po\u0142\u0105czona z obrz\u0119dem b\u0142ogos\u0142awie\u0144stwa dzieci rozpoczynaj\u0105cych nauk\u0119 w szkole oraz po\u015bwi\u0119ceniem tornistr\u00f3w<\/strong><\/span> i innych przedmiot\u00f3w u\u017cywanych w szkole.<\/li>\n<\/ul>\n<p>&nbsp;<\/p>\n<p><strong>Okazja do spowiedzi codziennie od godz. 17:30.<\/strong> Zach\u0119camy, by po okresie wakacji wszyscy mogli rozpocz\u0105\u0107 czas szkolnych zmaga\u0144 z \u0142ask\u0105 Bo\u017c\u0105. W spos\u00f3b szczeg\u00f3lny swoje comiesi\u0119czne przygotowanie do Rocznicy I Komunii \u015awi\u0119tej rozpoczynaj\u0105 uczniowie klas IV. To ich zapraszamy wraz z Rodzicami do praktykowania spowiedzi w pierwsze pi\u0105tki miesi\u0105ca i tak:<\/p>\n<ul>\n<li>klas\u0119 IV a zapraszamy z rodzicami w poniedzia\u0142ek 3 wrze\u015bnia od 17:30 do skorzystania ze spowiedzi;<\/li>\n<li>klas\u0119 IV b z rodzicami we wtorek 4 wrze\u015bnia od 17:30;<\/li>\n<li>klas\u0119 IV c z rodzicami w \u015brod\u0119 5 wrze\u015bnia od 17:30;<\/li>\n<li>klas\u0119 IV d z rodzicami w czwartek 6 wrze\u015bnia od 17:30;<\/li>\n<li>dla pozosta\u0142ych spowied\u017a w pierwszy pi\u0105tek miesi\u0105ca przed Msz\u0105 \u015awi\u0119t\u0105 od godz. 16:00.<\/li>\n<\/ul>\n<p>&nbsp;<\/p>\n<p><strong>Ponadto w parafii po przerwie wakacyjnej wznawiaj\u0105 dzia\u0142alno\u015b\u0107 grupy i wsp\u00f3lnoty dzieci\u0119ce i m\u0142odzie\u017cowe:<\/strong><\/p>\n<ul>\n<li><strong><span style=\"color: #ff0000;\">Katolickie Stowarzyszenie M\u0142odzie\u017cy &#8222;Boanerges&#8221;<\/span> <\/strong>&#8211; wsp\u00f3lnota m\u0142odzie\u017cowa (od III klasy gimnazjum wzwy\u017c), w ci\u0105gu roku obfituje w r\u00f3\u017cne wydarzenia, wyjazdy o charakterze formacyjnym i rekreacyjnym, regularne &#8211; cotygodniowe spotkania formacyjne odbywaj\u0105 si\u0119 w \u015brody, <strong>pierwsze po wakacjach ju\u017c 5 wrze\u015bnia o godz. 19:00 w salce m\u0142odzie\u017cowej<\/strong>.<\/li>\n<li><strong><span style=\"color: #ff0000;\">S\u0142u\u017cba Liturgiczna O\u0142tarza im. \u015bw. Jana Paw\u0142a II<\/span><\/strong> &#8211; grupa aspirant\u00f3w, ministrant\u00f3w i lektor\u00f3w pos\u0142uguj\u0105cych przy o\u0142tarzu, pierwsze spotkanie integracyjne i formacyjne po wakacjach <strong>w sobot\u0119 7 wrze\u015bnia o godz. 9:30 w sali parafialnej<\/strong>.<\/li>\n<li><strong><span style=\"color: #ff0000;\">Scholka dzieci\u0119ca &#8222;RAFAEL&#8221;<\/span><\/strong> &#8211; grupa dziewcz\u0105t i ch\u0142opc\u00f3w pos\u0142uguj\u0105cych muzycznie na Mszach niedzielnych o godz. 10:30, a tak\u017ce w pierwsze pi\u0105tki miesi\u0105ca o godz. 16:30 i w czasie innych dzieci\u0119cych nabo\u017ce\u0144stw i spotka\u0144 w ko\u015bciele (drogi krzy\u017cowe, roraty dla dzieci, itp.), <strong>swoje pierwsze spotkanie po wakacjach organizuje pod okiem pana organisty w niedziel\u0119 2 wrze\u015bnia o godz. 10:00 na ch\u00f3rze oraz pierwsza pr\u00f3ba \u015bpiewu w pi\u0105tek (i ka\u017cdy kolejny pi\u0105tek) 14 wrze\u015bnia o godz. 17:00 w salce na plebanii<\/strong>.<\/li>\n<li><strong><span style=\"color: #ff0000;\">Muzyczny Zesp\u00f3\u0142 M\u0142odzie\u017cowy<\/span><\/strong> &#8211; odpowiedzialny za \u015bpiew na Mszy \u015aw. m\u0142odzie\u017cowej w niedziele o godz. 18:00 oraz w czasie wydarze\u0144 dla m\u0142odzie\u017cy (czuwania, drogi krzy\u017cowe, itp.), <strong>na pr\u00f3bach spotyka si\u0119 w ka\u017cd\u0105 niedziel\u0119 roku szkolnego o godz. 17:15 w salce m\u0142odzie\u017cowej<\/strong>.<\/li>\n<\/ul>\n<p>&nbsp;<\/p>\n<p><strong>Informacja dla rodzic\u00f3w oraz dzieci przygotowuj\u0105cych si\u0119 do I Komunii \u015awi\u0119tej i bierzmowania:<\/strong><\/p>\n<p><strong><span style=\"color: #ff0000;\">I&nbsp; &nbsp;K O M U N I A&nbsp; &nbsp;\u015a W I \u0118 T A:<\/span><\/strong> <span style=\"color: #000000;\"><strong>Spotkanie dla rodzic\u00f3w dzieci z III klasy szko\u0142y podstawowej, kt\u00f3re pragn\u0105 przygotowywa\u0107 si\u0119 w naszej parafii do sakramentu pierwszej spowiedzi i Komunii \u015awi\u0119tej proszone s\u0105 o przybycie na spotkanie organizacyjne <span style=\"color: #ff0000;\">18 wrze\u015bnia (wtorek) o godz. 18:00 do ko\u015bcio\u0142a<\/span>.<\/strong><\/span> Po Mszy \u015awi\u0119tej inauguruj\u0105cej przygotowania zostaniecie Pa\u0144stwo zapoznani z ramowym planem przygotowa\u0144 dzieci do I Komunii \u015awi\u0119tej oraz powiadomieni o terminie Komunii w naszej parafii. Prosimy o wsp\u00f3lne przybycie w tym dniu rodzic\u00f3w oraz dzieci. Z wymog\u00f3w formalnych prosimy tak\u017ce o dostarczenie do ko\u0144ca pa\u017adziernika \u015bwiadectwa chrztu dziecka, uzupe\u0142nionej deklaracji (kt\u00f3r\u0105 otrzymaj\u0105 Pa\u0144stwo na pierwszym spotkaniu), a dla dzieci spoza naszej parafii tak\u017ce zgod\u0119 na przygotowywanie dziecka do przyj\u0119cia sakrament\u00f3w poza parafi\u0105 zamieszkania.<\/p>\n<p>&nbsp;<\/p>\n<p><strong><span style=\"color: #ff0000;\">B I E R Z M O W A N I E:<\/span><\/strong> <strong>Pierwsze powakacyjne spotkanie dla kandydat\u00f3w do bierzmowania (ROK II)<\/strong> <span style=\"color: #ff0000;\"><strong>odb\u0119dzie si\u0119 14 wrze\u015bnia (pi\u0105tek) o godz. 19:00 w ko\u015bciele<\/strong><\/span>. Kolejne spotkania b\u0119d\u0105 odbywa\u0142y si\u0119 w grupach zgodnie z przedstawionym harmonogramem. Kandydat\u00f3w pragn\u0105cych rozpocz\u0105\u0107 przygotowania w tym roku prosimy o pobranie z zakrystii deklaracji zg\u0142oszeniowej i przyj\u015bcie tak\u017ce na spotkanie 14 wrze\u015bnia (pi\u0105tek) na godz. 19:00.<strong><span style=\"color: #ff0000;\"> ROK I b\u0119d\u0105 stanowi\u0142y 2 grupy. Pierwsza to uczniowie klas III Gimnazjum, druga natomiast to grupa o\u015bmioklasist\u00f3w.<\/span><\/strong> Przygotowanie w tych dw\u00f3ch grupach b\u0119dzie nieco si\u0119 r\u00f3\u017cni\u0142o, o czym uczestnicy zostan\u0105 poinformowani szczeg\u00f3\u0142owo na spotkaniach. <strong>Prosimy wszystkich zainteresowanych uczni\u00f3w klas III Gimnazjalnych i VIII Szk\u00f3\u0142 Podstawowych o zadeklarowanie ch\u0119ci przygotowywania si\u0119 do przyj\u0119cia sakramentu bierzmowania najlepiej do 14 wrze\u015bnia. Termin ostateczny to niedziela 30 wrze\u015bnia.<\/strong> Wymagane dokumenty to \u015bwiadectwo chrztu oraz dla os\u00f3b spoza naszej parafii zgoda z parafii zamieszkania na przygotowanie i przyj\u0119cie sakramentu bierzmowania poza parafi\u0105 zamieszkania.&nbsp;<\/p>\n<p>&nbsp;<\/p>\n<p>W razie pyta\u0144 prosimy o kontakt czy to za po\u015brednictwem kancelarii parafialnej, czy osobisty po Mszach \u015awi\u0119tych.<\/p>\n<p style=\"text-align: center;\">&nbsp;<\/p>\n<p style=\"text-align: center;\"><span style=\"color: #ff0000;\"><strong>Wszystkim pracownikom o\u015bwiaty, uczniom i ich rodzicom \u017cyczymy owocnego roku szkolnego 2018\/2019!<\/strong><\/span><\/p>\n<p>&nbsp;<\/p>\n<p style=\"text-align: center;\">duszpasterze parafii pw. \u015bw. Rafa\u0142a Kalinowskiego \ud83d\ude42<\/p>\n<p style=\"text-align: center;\">&nbsp;<\/p>\n<p style=\"text-align: center;\">&nbsp;<\/p>\n<p style=\"text-align: center;\">&nbsp;<\/p>\n","protected":false},"excerpt":{"rendered":"<p>DROGIE DZIECI, DROGA M\u0141ODZIE\u017bY, SZANOWNI RODZICE I NAUCZYCIELE! Ko\u0144czy si\u0119 czas wakacyjnego odpoczynku, ju\u017c 3 wrze\u015bnia \u017cycie na nowo zacznie t\u0119tni\u0107 w naszych szko\u0142ach, a szczeg\u00f3lnie w drogiej nam Szkole Podstawowej nr 11 i Gimnazjum nr 4 w Elbl\u0105gu. Pragniemy zaprosi\u0107 wszystkich Was, Kochani, na wydarzenia zwi\u0105zane z rozpocz\u0119ciem roku szkolnego i katechetycznego w naszej [&hellip;]<\/p>\n","protected":false},"author":1,"featured_media":3182,"comment_status":"closed","ping_status":"closed","sticky":false,"template":"","format":"standard","meta":{"ngg_post_thumbnail":0,"footnotes":""},"categories":[1],"tags":[],"class_list":["post-3184","post","type-post","status-publish","format-standard","has-post-thumbnail","hentry","category-uncategorized"],"_links":{"self":[{"href":"https:\/\/rafalk-elblag.pl\/index.php?rest_route=\/wp\/v2\/posts\/3184","targetHints":{"allow":["GET"]}}],"collection":[{"href":"https:\/\/rafalk-elblag.pl\/index.php?rest_route=\/wp\/v2\/posts"}],"about":[{"href":"https:\/\/rafalk-elblag.pl\/index.php?rest_route=\/wp\/v2\/types\/post"}],"author":[{"embeddable":true,"href":"https:\/\/rafalk-elblag.pl\/index.php?rest_route=\/wp\/v2\/users\/1"}],"replies":[{"embeddable":true,"href":"https:\/\/rafalk-elblag.pl\/index.php?rest_route=%2Fwp%2Fv2%2Fcomments&post=3184"}],"version-history":[{"count":1,"href":"https:\/\/rafalk-elblag.pl\/index.php?rest_route=\/wp\/v2\/posts\/3184\/revisions"}],"predecessor-version":[{"id":3185,"href":"https:\/\/rafalk-elblag.pl\/index.php?rest_route=\/wp\/v2\/posts\/3184\/revisions\/3185"}],"wp:featuredmedia":[{"embeddable":true,"href":"https:\/\/rafalk-elblag.pl\/index.php?rest_route=\/wp\/v2\/media\/3182"}],"wp:attachment":[{"href":"https:\/\/rafalk-elblag.pl\/index.php?rest_route=%2Fwp%2Fv2%2Fmedia&parent=3184"}],"wp:term":[{"taxonomy":"category","embeddable":true,"href":"https:\/\/rafalk-elblag.pl\/index.php?rest_route=%2Fwp%2Fv2%2Fcategories&post=3184"},{"taxonomy":"post_tag","embeddable":true,"href":"https:\/\/rafalk-elblag.pl\/index.php?rest_route=%2Fwp%2Fv2%2Ftags&post=3184"}],"curies":[{"name":"wp","href":"https:\/\/api.w.org\/{rel}","templated":true}]}}