{"id":3179,"date":"2018-08-06T18:29:39","date_gmt":"2018-08-06T18:29:39","guid":{"rendered":"http:\/\/rafalk-elblag.pl\/?p=3179"},"modified":"2018-08-06T18:29:39","modified_gmt":"2018-08-06T18:29:39","slug":"ogloszenia-parafialne-5-08-2018-r-xviii-niedziela-zwykla","status":"publish","type":"post","link":"https:\/\/rafalk-elblag.pl\/?p=3179","title":{"rendered":"OG\u0141OSZENIA PARAFIALNE 5.08.2018 R. \u2013 XVIII NIEDZIELA ZWYK\u0141A"},"content":{"rendered":"<p><a href=\"http:\/\/rafalk-elblag.pl\/wp-content\/uploads\/2016\/12\/pulpit.jpg\"><img loading=\"lazy\" decoding=\"async\" class=\"alignnone size-large wp-image-2530\" src=\"http:\/\/rafalk-elblag.pl\/wp-content\/uploads\/2016\/12\/pulpit-1024x682.jpg\" alt=\"\" width=\"900\" height=\"599\" srcset=\"https:\/\/rafalk-elblag.pl\/wp-content\/uploads\/2016\/12\/pulpit-1024x682.jpg 1024w, https:\/\/rafalk-elblag.pl\/wp-content\/uploads\/2016\/12\/pulpit-300x200.jpg 300w, https:\/\/rafalk-elblag.pl\/wp-content\/uploads\/2016\/12\/pulpit-768x512.jpg 768w, https:\/\/rafalk-elblag.pl\/wp-content\/uploads\/2016\/12\/pulpit.jpg 1698w\" sizes=\"auto, (max-width: 900px) 100vw, 900px\" \/><\/a><\/p>\n<p>&nbsp;<\/p>\n<p>&nbsp;<\/p>\n<p>1. Zapraszamy w pierwsz\u0105 niedziel\u0119 miesi\u0105ca sierpnia na <strong>Adoracj\u0119 Naj\u015bwi\u0119tszego Sakramentu od godz. 15.00 do godz. 18.00. Rozpocznie si\u0119 Koronk\u0105 do Bo\u017cego Mi\u0142osierdzia.<\/strong><\/p>\n<p>&nbsp;<\/p>\n<p>2. Trwaj\u0105c w jedno\u015bci modlitewnej z pielgrzymami zach\u0119cam do udzia\u0142u (w czasie trwania pielgrzymki) w Mszach \u015bwi\u0119tych wieczornych, kt\u00f3re ko\u0144czymy jedn\u0105 dziesi\u0105tk\u0105 r\u00f3\u017ca\u0144ca i <strong>Apelem Jasnog\u00f3rskim. <\/strong><\/p>\n<p>&nbsp;<\/p>\n<p>3. Dzisiejsze ofiary sk\u0142adane na tac\u0119 przeznaczone s\u0105 na&nbsp; uregulowanie kolejnej raty za wykonane \u0142awki do naszego ko\u015bcio\u0142a. B\u00f3g zap\u0142a\u0107 za sk\u0142adane ofiary.<\/p>\n<p><strong>&nbsp;<\/strong><\/p>\n<p><strong>4. Rozpocz\u0105\u0142 si\u0119 sierpie\u0144 \u2013 miesi\u0105c abstynencji. <em>\u201eCzas od soboty 4 sierpnia do niedzieli 11 listopada 2018 roku to 100 dni. W tym roku odwa\u017cnie prosimy: niech b\u0119dzie to 100 dni abstynencji\u201d <\/em><\/strong><em><u>Dlatego podejmijmy to wezwanie: 100 dni abstynencji na stulecie niepodleg\u0142o\u015bci. To jest naprawd\u0119 egzamin z wolno\u015bci i mi\u0142o\u015bci do Ojczyzny!\u201d.<\/u><\/em> <em>Zach\u0119camy tak\u017ce do osobistej modlitwy w intencji trze\u017awo\u015bci ca\u0142ej naszej parafii i Polski. Pod ch\u00f3rem wy\u0142o\u017cona jest KSI\u0118GA ABSTYNENCJI. Zach\u0119camy do wpisywania si\u0119 by w ten spos\u00f3b podj\u0105\u0107 APEL KO\u015aCIO\u0141A odczytany tydzie\u0144 temu.<\/em><\/p>\n<p><strong>&nbsp;<\/strong><\/p>\n<p><strong>5. W tym tygodniu w liturgii wspominamy: <\/strong><em>w poniedzia\u0142ek \u2013 \u015awi\u0119to Przemienienia Pa\u0144skiego, w \u015brod\u0119 &#8211; wspomnienie \u015bw. Dominika, kap\u0142ana, w czwartek \u2013 \u015awi\u0119to Teresy Benedykty od Krzy\u017ca, dziewicy m\u0119czennicy \u2013 PATRONKI EUROPY,&nbsp; w pi\u0105tek \u2013 \u015awi\u0119to \u015awi\u0119tego Wawrzy\u0144ca, diakona i m\u0119czennika, a w sobot\u0119 wspomnienie \u015bw. Klary, dziewicy. <u>Zapraszamy udzia\u0142u w Mszach \u015bw. o godz. 8:00 lub o godz. 18:00<\/u>. &nbsp;<\/em><\/p>\n<p><strong>&nbsp;<\/strong><\/p>\n<p><strong>6. W sobot\u0119 (11 sierpnia) XXVI Elbl\u0105ska Pielgrzymka Piesza wchodzi na Jasn\u0105 G\u00f3r\u0119.<\/strong> Zapraszamy rodziny p\u0105tnik\u00f3w, na Msz\u0119 \u015awi\u0119t\u0105 o godz. 18.00 i <strong>Apel Jasnog\u00f3rski.<\/strong> Duchowo b\u0119dziemy si\u0119 \u0142\u0105czy\u0107 z pielgrzymami, trwaj\u0105cymi na modlitwie w Kaplicy Cudownego Obrazu. <em>Wdzi\u0119czny jestem tym osobom, kt\u00f3re wspiera\u0142y pielgrzym\u00f3w swoj\u0105 ofiar\u0105, modlitw\u0105 i w inny spos\u00f3b Panu Bogu wiadomy.<\/em><\/p>\n<p><strong>&nbsp;<\/strong><\/p>\n<p><strong>7. Parafia otrzyma\u0142a podzi\u0119kowanie za w\u0142\u0105czenie si\u0119 w akcje \u201ePOLA NADZIEI\u201d, <\/strong>propaguj\u0105c\u0105 ide\u0119 opieki hospicyjnej w spo\u0142ecze\u0144stwie. \u015awiadectwo \u017conkilowe znajdziemy na tablicy og\u0142osze\u0144. Dzi\u0119kujemy gor\u0105co, bo dzi\u0119ki pozyskanym \u015brodkom b\u0119dziemy mogli jeszcze lepiej zadba\u0107 o komfort \u017cycia ci\u0119\u017cko chorych pacjent\u00f3w Hospicjum Elbl\u0105skiego.<\/p>\n<p>&nbsp;<\/p>\n<p>8. Zach\u0119camy parafian do skorzystania z rekolekcji z <strong>o. Johnem Bashobor\u0105 z Ugandy w dniach 17-19 sierpnia 2018 r. <\/strong>W ka\u017cd\u0105 niedziel\u0119 wolontariusze czekaj\u0105 na ch\u0119tnych w biurze parafii katedralnej (godz. 10.00 &#8211; 13.00). Mo\u017cna si\u0119 r\u00f3wnie\u017c zapisa\u0107 przez stron\u0119 www.rekolekcje-elblag.pl&nbsp; <strong>Kochani naprawd\u0119 warto,<\/strong> bo jako mieszka\u0144cy Elbl\u0105ga jeste\u015bmy w korzystniejszej sytuacji, nie musimy p\u0142aci\u0107 za dojazd i noclegi, maj\u0105c to wszystko na wyci\u0105gni\u0119cie r\u0119ki. Mamy mo\u017cliwo\u015b\u0107 prze\u017cycia pi\u0119knego do\u015bwiadczenia religijnego. NIE ZMARNUJ TAKIEJ MO\u017bLIWO\u015aCI !!!<\/p>\n<p><strong>&nbsp;<\/strong><\/p>\n<p><strong>9. Wszystkim parafianom, go\u015bciom \u017cyczymy udanego wypoczynku i b\u0142ogos\u0142awie\u0144stwa Bo\u017cego.<\/strong><\/p>\n<p>&nbsp;<\/p>\n<p>10. Zach\u0119camy do nabywania prasy katolickiej: &nbsp;\u201eGo\u015bcia Niedzielnego\u201d w cenie 5 z\u0142.<\/p>\n<p>&nbsp;<\/p>\n<p>11. Pan powo\u0142a\u0142 do wieczno\u015bci: \u015bp. Ignacego Rymarczyka lat 85 z ul. Og\u00f3lnej, \u015bp. J\u00f3zefa Boles\u0142awa Fiedorowicza lat 69 z ul. Brzechwy.<\/p>\n<p>&nbsp;<\/p>\n<p>&nbsp;<\/p>\n<p>&nbsp;<\/p>\n","protected":false},"excerpt":{"rendered":"<p>&nbsp; &nbsp; 1. Zapraszamy w pierwsz\u0105 niedziel\u0119 miesi\u0105ca sierpnia na Adoracj\u0119 Naj\u015bwi\u0119tszego Sakramentu od godz. 15.00 do godz. 18.00. Rozpocznie si\u0119 Koronk\u0105 do Bo\u017cego Mi\u0142osierdzia. &nbsp; 2. Trwaj\u0105c w jedno\u015bci modlitewnej z pielgrzymami zach\u0119cam do udzia\u0142u (w czasie trwania pielgrzymki) w Mszach \u015bwi\u0119tych wieczornych, kt\u00f3re ko\u0144czymy jedn\u0105 dziesi\u0105tk\u0105 r\u00f3\u017ca\u0144ca i Apelem Jasnog\u00f3rskim. &nbsp; 3. Dzisiejsze [&hellip;]<\/p>\n","protected":false},"author":1,"featured_media":2530,"comment_status":"closed","ping_status":"closed","sticky":false,"template":"","format":"standard","meta":{"ngg_post_thumbnail":0,"footnotes":""},"categories":[11,8,3],"tags":[],"class_list":["post-3179","post","type-post","status-publish","format-standard","has-post-thumbnail","hentry","category-aktualnosci","category-blog","category-ogloszenia"],"_links":{"self":[{"href":"https:\/\/rafalk-elblag.pl\/index.php?rest_route=\/wp\/v2\/posts\/3179","targetHints":{"allow":["GET"]}}],"collection":[{"href":"https:\/\/rafalk-elblag.pl\/index.php?rest_route=\/wp\/v2\/posts"}],"about":[{"href":"https:\/\/rafalk-elblag.pl\/index.php?rest_route=\/wp\/v2\/types\/post"}],"author":[{"embeddable":true,"href":"https:\/\/rafalk-elblag.pl\/index.php?rest_route=\/wp\/v2\/users\/1"}],"replies":[{"embeddable":true,"href":"https:\/\/rafalk-elblag.pl\/index.php?rest_route=%2Fwp%2Fv2%2Fcomments&post=3179"}],"version-history":[{"count":1,"href":"https:\/\/rafalk-elblag.pl\/index.php?rest_route=\/wp\/v2\/posts\/3179\/revisions"}],"predecessor-version":[{"id":3180,"href":"https:\/\/rafalk-elblag.pl\/index.php?rest_route=\/wp\/v2\/posts\/3179\/revisions\/3180"}],"wp:featuredmedia":[{"embeddable":true,"href":"https:\/\/rafalk-elblag.pl\/index.php?rest_route=\/wp\/v2\/media\/2530"}],"wp:attachment":[{"href":"https:\/\/rafalk-elblag.pl\/index.php?rest_route=%2Fwp%2Fv2%2Fmedia&parent=3179"}],"wp:term":[{"taxonomy":"category","embeddable":true,"href":"https:\/\/rafalk-elblag.pl\/index.php?rest_route=%2Fwp%2Fv2%2Fcategories&post=3179"},{"taxonomy":"post_tag","embeddable":true,"href":"https:\/\/rafalk-elblag.pl\/index.php?rest_route=%2Fwp%2Fv2%2Ftags&post=3179"}],"curies":[{"name":"wp","href":"https:\/\/api.w.org\/{rel}","templated":true}]}}