{"id":3177,"date":"2018-08-06T18:25:18","date_gmt":"2018-08-06T18:25:18","guid":{"rendered":"http:\/\/rafalk-elblag.pl\/?p=3177"},"modified":"2018-08-06T18:25:18","modified_gmt":"2018-08-06T18:25:18","slug":"intencje-mszalne-na-xviii-tydzien-zwykly-5-08-12-08-2018","status":"publish","type":"post","link":"https:\/\/rafalk-elblag.pl\/?p=3177","title":{"rendered":"INTENCJE MSZALNE NA XVIII TYDZIE\u0143 ZWYK\u0141Y (5.08. \u2013 12.08. 2018)"},"content":{"rendered":"<p><a href=\"http:\/\/rafalk-elblag.pl\/wp-content\/uploads\/2016\/12\/shutterstock_49643152-1000.jpg\"><img loading=\"lazy\" decoding=\"async\" class=\"alignnone size-full wp-image-2526\" src=\"http:\/\/rafalk-elblag.pl\/wp-content\/uploads\/2016\/12\/shutterstock_49643152-1000.jpg\" alt=\"\" width=\"1000\" height=\"665\" srcset=\"https:\/\/rafalk-elblag.pl\/wp-content\/uploads\/2016\/12\/shutterstock_49643152-1000.jpg 1000w, https:\/\/rafalk-elblag.pl\/wp-content\/uploads\/2016\/12\/shutterstock_49643152-1000-300x200.jpg 300w, https:\/\/rafalk-elblag.pl\/wp-content\/uploads\/2016\/12\/shutterstock_49643152-1000-768x511.jpg 768w\" sizes=\"auto, (max-width: 1000px) 100vw, 1000px\" \/><\/a><\/p>\n<p>&nbsp;<\/p>\n<table width=\"726\">\n<tbody>\n<tr>\n<td colspan=\"2\" width=\"593\"><strong>5 sierpnia&nbsp;&nbsp; XVIII NIEDZIELA ZWYK\u0141A<\/strong><\/td>\n<td width=\"133\"><strong><em>J 6, 24-35<\/em><\/strong><\/td>\n<\/tr>\n<tr>\n<td width=\"113\">7:00<\/td>\n<td colspan=\"2\" width=\"613\">\u015ap. Julia Cuber w 3 rocz. \u015bmierci<\/td>\n<\/tr>\n<tr>\n<td width=\"113\">9:00<\/td>\n<td colspan=\"2\" width=\"613\">\u015ap. Irena Wi\u015bniewska w 3 rocz. \u015bmierci<\/td>\n<\/tr>\n<tr>\n<td width=\"113\">10:30<\/td>\n<td colspan=\"2\" width=\"613\">Dzi\u0119kczynna w 5 rocz. urodzin Stasia z pro\u015bb\u0105 o Bo\u017ce b\u0142ogos\u0142awie\u0144stwo, zdrowie i potrzebne \u0142aski dla niego i ca\u0142ej rodziny<\/td>\n<\/tr>\n<tr>\n<td width=\"113\"><strong>12:00<\/strong><\/td>\n<td colspan=\"2\" width=\"613\"><strong>Za parafian<\/strong><\/td>\n<\/tr>\n<tr>\n<td width=\"113\">18:00<\/td>\n<td colspan=\"2\" width=\"613\">\u015ap. Teresa Kotkowska w 6 rocz. \u015bmierci<\/td>\n<\/tr>\n<tr>\n<td width=\"113\">18:00<\/td>\n<td colspan=\"2\" width=\"613\">\u015ap. Anna Ziniewicz w 2 rocz. \u015bmierci<\/td>\n<\/tr>\n<\/tbody>\n<\/table>\n<p>&nbsp;<\/p>\n<p>&nbsp;<\/p>\n<table width=\"741\">\n<tbody>\n<tr>\n<td colspan=\"2\" width=\"583\"><strong>6 sierpnia&nbsp;&nbsp; PONIEDZIA\u0141EK<\/strong><\/p>\n<p><strong>\u015bwi\u0119to Przemienienia Pa\u0144skiego<\/strong><\/td>\n<td width=\"159\"><strong><em>Mk, 9, 2-10<\/em><\/strong><\/td>\n<\/tr>\n<tr>\n<td width=\"121\">8:00<\/td>\n<td colspan=\"2\" width=\"621\">\u015ap. Ignacy Rymarczyk \u2013 intencja od rodziny Burnus\u00f3w<\/td>\n<\/tr>\n<tr>\n<td width=\"121\">18:00<\/td>\n<td colspan=\"2\" width=\"621\">\u015ap. Andrzej, Izydor, Genowefa oraz zmarli z rodziny Binkowskich<\/td>\n<\/tr>\n<\/tbody>\n<\/table>\n<p>&nbsp;<\/p>\n<p>&nbsp;<\/p>\n<table width=\"741\">\n<tbody>\n<tr>\n<td colspan=\"2\" width=\"583\"><strong>7 sierpnia&nbsp;&nbsp; <\/strong><strong>WTOREK<\/strong><\/td>\n<td width=\"159\"><strong><em>Mt 14, 22-36<\/em><\/strong><\/td>\n<\/tr>\n<tr>\n<td width=\"121\">8:00<\/td>\n<td colspan=\"2\" width=\"621\"><em>intencja wolna<\/em><\/td>\n<\/tr>\n<tr>\n<td width=\"121\">18:00<\/td>\n<td colspan=\"2\" width=\"621\">\u015ap. Marianna (k) w 1 rocz. \u015bmierci, \u015bp. Wac\u0142aw, Stanis\u0142aw (m), Konrad Podg\u00f3rscy oraz \u015bp. Franciszek Piotrowski<\/td>\n<\/tr>\n<\/tbody>\n<\/table>\n<p>&nbsp;<\/p>\n<p>&nbsp;<\/p>\n<table width=\"741\">\n<tbody>\n<tr>\n<td colspan=\"2\" width=\"583\"><strong>8 sierpnia&nbsp;&nbsp; \u015aRODA<\/strong><\/p>\n<p><strong>wsp. \u015bw. Dominika [prezbitera]<\/strong><\/td>\n<td width=\"159\"><strong><em>Mt 15, 21-28<\/em><\/strong><\/td>\n<\/tr>\n<tr>\n<td width=\"121\">8:00<\/td>\n<td colspan=\"2\" width=\"621\"><em>intencja wolna<\/em><\/td>\n<\/tr>\n<tr>\n<td width=\"121\">17:30<\/td>\n<td colspan=\"2\" width=\"621\"><em>Nabo\u017ce\u0144stwo ku czci Matki Bo\u017cej Nieustaj\u0105cej Pomocy<\/em><\/td>\n<\/tr>\n<tr>\n<td width=\"121\">18:00<\/td>\n<td colspan=\"2\" width=\"621\">\u015ap. Bogdan B\u0119tlewski w 30 dzie\u0144 po pogrzebie<\/td>\n<\/tr>\n<\/tbody>\n<\/table>\n<p>&nbsp;<\/p>\n<p>&nbsp;<\/p>\n<table width=\"741\">\n<tbody>\n<tr>\n<td colspan=\"2\" width=\"583\"><strong>9 sierpnia&nbsp; &nbsp;CZWARTEK<\/strong><\/p>\n<p><strong>\u015bwi\u0119to \u015bw. Teresy Benedykty od Krzy\u017ca [Edyty Stein, dziewicy i m\u0119czennicy, patronki Europy]<\/strong><\/td>\n<td width=\"159\"><strong><em>Mt 25, 1-13<br \/>\n(Mt 16, 24-27)<\/em><\/strong><\/td>\n<\/tr>\n<tr>\n<td width=\"121\">8:00<\/td>\n<td colspan=\"2\" width=\"621\"><em>intencja wolna<\/em><\/td>\n<\/tr>\n<tr>\n<td width=\"121\">18:00<\/td>\n<td colspan=\"2\" width=\"621\">\u015ap. Waldemar Burdelski w 30 dzie\u0144 po pogrzebie<\/td>\n<\/tr>\n<\/tbody>\n<\/table>\n<p>&nbsp;<\/p>\n<p>&nbsp;<\/p>\n<table width=\"741\">\n<tbody>\n<tr>\n<td colspan=\"2\" width=\"583\"><strong>10 sierpnia&nbsp; &nbsp;PI\u0104TEK<\/strong><\/p>\n<p><strong>\u015bwi\u0119to \u015bw. Wawrzy\u0144ca [diakona, m\u0119czennika]<\/strong><\/td>\n<td width=\"159\"><strong><em>J 12, 24-26<\/em><\/strong><\/td>\n<\/tr>\n<tr>\n<td width=\"121\">8:00<\/td>\n<td colspan=\"2\" width=\"621\"><em>intencja wolna<\/em><\/td>\n<\/tr>\n<tr>\n<td width=\"121\">18:00<\/td>\n<td colspan=\"2\" width=\"621\">\u015ap. Tadeusz Cz\u0119\u015bcik w 10 rocz. \u015bmierci, \u015bp. Eugenia Grabowska w 11 rocz. \u015bmierci, \u015bp. Henryk Grabowski<\/td>\n<\/tr>\n<\/tbody>\n<\/table>\n<p>&nbsp;<\/p>\n<p>&nbsp;<\/p>\n<table width=\"741\">\n<tbody>\n<tr>\n<td colspan=\"2\" width=\"583\"><strong>11 sierpnia&nbsp; &nbsp;SOBOTA<\/strong><\/p>\n<p><strong>wsp. \u015bw. Kingi [dziewicy]<\/strong><\/td>\n<td width=\"159\"><strong><em>Mt 17, 14-20<\/em><\/strong><\/td>\n<\/tr>\n<tr>\n<td width=\"121\">8:00<\/td>\n<td colspan=\"2\" width=\"621\"><em>intencja wolna<\/em><\/td>\n<\/tr>\n<tr>\n<td width=\"121\">18:00<\/td>\n<td colspan=\"2\" width=\"621\">Msza \u015awi\u0119ta dzi\u0119kczynna w 100 lecie odzyskania niepodleg\u0142o\u015bci i w 25 lecie istnienia naszej parafii \u2013 intencja od Apostolatu Bo\u017cego Mi\u0142osierdzia i Caritas<\/td>\n<\/tr>\n<\/tbody>\n<\/table>\n<p>&nbsp;<\/p>\n<p>&nbsp;<\/p>\n<table width=\"741\">\n<tbody>\n<tr>\n<td colspan=\"2\" width=\"583\"><strong>12 sierpnia&nbsp;&nbsp; XIX NIEDZIELA ZWYK\u0141A<\/strong><\/td>\n<td width=\"159\"><strong><em>J 6, 41-51<\/em><\/strong><\/td>\n<\/tr>\n<tr>\n<td width=\"121\">7:00<\/td>\n<td colspan=\"2\" width=\"621\">Msza \u015awi\u0119ta dzi\u0119kczynna w 15 rocz. zawarcia zwi\u0105zku ma\u0142\u017ce\u0144skiego Magdaleny i Grzegorza Mi\u015bta z pro\u015bb\u0105 o Bo\u017ce b\u0142ogos\u0142awie\u0144stwo, opiek\u0119 Matki Bo\u017cej dla Jubilat\u00f3w i ca\u0142ej rodziny<\/td>\n<\/tr>\n<tr>\n<td width=\"121\">9:00<\/td>\n<td colspan=\"2\" width=\"621\">O powr\u00f3t do zdrowia i pe\u0142nej sprawno\u015bci Agnieszki i s. Wiktorii oraz b\u0142ogos\u0142awie\u0144stwo dla wszystkich moich dzieci i ich bliskich<\/td>\n<\/tr>\n<tr>\n<td width=\"121\">10:30<\/td>\n<td colspan=\"2\" width=\"621\">\u015ap. Kazimierz Su\u0142ek w 1 rocz. \u015bmierci<\/td>\n<\/tr>\n<tr>\n<td width=\"121\"><strong>12:00<\/strong><\/td>\n<td colspan=\"2\" width=\"621\"><strong>Za parafian [chrzty]<\/strong><\/td>\n<\/tr>\n<tr>\n<td width=\"121\">18:00<\/td>\n<td colspan=\"2\" width=\"621\">\u015ap. Maria Boguszewska w 4 rocz. \u015bmierci<\/td>\n<\/tr>\n<\/tbody>\n<\/table>\n<p>&nbsp;<\/p>\n<p>&nbsp;<\/p>\n<p>&nbsp;<\/p>\n","protected":false},"excerpt":{"rendered":"<p>&nbsp; 5 sierpnia&nbsp;&nbsp; XVIII NIEDZIELA ZWYK\u0141A J 6, 24-35 7:00 \u015ap. Julia Cuber w 3 rocz. \u015bmierci 9:00 \u015ap. Irena Wi\u015bniewska w 3 rocz. \u015bmierci 10:30 Dzi\u0119kczynna w 5 rocz. urodzin Stasia z pro\u015bb\u0105 o Bo\u017ce b\u0142ogos\u0142awie\u0144stwo, zdrowie i potrzebne \u0142aski dla niego i ca\u0142ej rodziny 12:00 Za parafian 18:00 \u015ap. Teresa Kotkowska w 6 [&hellip;]<\/p>\n","protected":false},"author":1,"featured_media":2526,"comment_status":"closed","ping_status":"closed","sticky":false,"template":"","format":"standard","meta":{"ngg_post_thumbnail":0,"footnotes":""},"categories":[11,8,4],"tags":[],"class_list":["post-3177","post","type-post","status-publish","format-standard","has-post-thumbnail","hentry","category-aktualnosci","category-blog","category-intencje"],"_links":{"self":[{"href":"https:\/\/rafalk-elblag.pl\/index.php?rest_route=\/wp\/v2\/posts\/3177","targetHints":{"allow":["GET"]}}],"collection":[{"href":"https:\/\/rafalk-elblag.pl\/index.php?rest_route=\/wp\/v2\/posts"}],"about":[{"href":"https:\/\/rafalk-elblag.pl\/index.php?rest_route=\/wp\/v2\/types\/post"}],"author":[{"embeddable":true,"href":"https:\/\/rafalk-elblag.pl\/index.php?rest_route=\/wp\/v2\/users\/1"}],"replies":[{"embeddable":true,"href":"https:\/\/rafalk-elblag.pl\/index.php?rest_route=%2Fwp%2Fv2%2Fcomments&post=3177"}],"version-history":[{"count":1,"href":"https:\/\/rafalk-elblag.pl\/index.php?rest_route=\/wp\/v2\/posts\/3177\/revisions"}],"predecessor-version":[{"id":3178,"href":"https:\/\/rafalk-elblag.pl\/index.php?rest_route=\/wp\/v2\/posts\/3177\/revisions\/3178"}],"wp:featuredmedia":[{"embeddable":true,"href":"https:\/\/rafalk-elblag.pl\/index.php?rest_route=\/wp\/v2\/media\/2526"}],"wp:attachment":[{"href":"https:\/\/rafalk-elblag.pl\/index.php?rest_route=%2Fwp%2Fv2%2Fmedia&parent=3177"}],"wp:term":[{"taxonomy":"category","embeddable":true,"href":"https:\/\/rafalk-elblag.pl\/index.php?rest_route=%2Fwp%2Fv2%2Fcategories&post=3177"},{"taxonomy":"post_tag","embeddable":true,"href":"https:\/\/rafalk-elblag.pl\/index.php?rest_route=%2Fwp%2Fv2%2Ftags&post=3177"}],"curies":[{"name":"wp","href":"https:\/\/api.w.org\/{rel}","templated":true}]}}