{"id":3173,"date":"2018-07-15T05:42:24","date_gmt":"2018-07-15T05:42:24","guid":{"rendered":"http:\/\/rafalk-elblag.pl\/?p=3173"},"modified":"2018-07-15T05:42:24","modified_gmt":"2018-07-15T05:42:24","slug":"intencje-mszalne-na-xv-tydzien-zwykly-16-07-22-07-2018","status":"publish","type":"post","link":"https:\/\/rafalk-elblag.pl\/?p=3173","title":{"rendered":"INTENCJE MSZALNE NA XV TYDZIE\u0143 ZWYK\u0141Y (16.07. \u2013 22.07. 2018)"},"content":{"rendered":"<p><a href=\"http:\/\/rafalk-elblag.pl\/wp-content\/uploads\/2016\/12\/shutterstock_49643152-1000.jpg\"><img loading=\"lazy\" decoding=\"async\" class=\"alignnone size-full wp-image-2526\" src=\"http:\/\/rafalk-elblag.pl\/wp-content\/uploads\/2016\/12\/shutterstock_49643152-1000.jpg\" alt=\"\" width=\"1000\" height=\"665\" srcset=\"https:\/\/rafalk-elblag.pl\/wp-content\/uploads\/2016\/12\/shutterstock_49643152-1000.jpg 1000w, https:\/\/rafalk-elblag.pl\/wp-content\/uploads\/2016\/12\/shutterstock_49643152-1000-300x200.jpg 300w, https:\/\/rafalk-elblag.pl\/wp-content\/uploads\/2016\/12\/shutterstock_49643152-1000-768x511.jpg 768w\" sizes=\"auto, (max-width: 1000px) 100vw, 1000px\" \/><\/a><\/p>\n<p>&nbsp;<\/p>\n<table width=\"771\">\n<tbody>\n<tr>\n<td colspan=\"2\" width=\"552\"><strong>16 lipca&nbsp;&nbsp; PONIEDZIA\u0141EK ODPUST PARAFIALNY<\/strong><\/p>\n<p><strong>UROCZYSTO\u015a\u0106 MATKI BO\u017bEJ Z G\u00d3RY KARMEL<\/strong><\/td>\n<td width=\"219\"><strong><em>J 19, 25-27<\/em><\/strong><\/td>\n<\/tr>\n<tr>\n<td width=\"183\">8:00<\/td>\n<td colspan=\"2\" width=\"588\">\u015ap. Wiktoria, Teofil, Edward, Henryk, Jadwiga, Irena<\/td>\n<\/tr>\n<tr>\n<td width=\"183\">17:30<\/td>\n<td colspan=\"2\" width=\"588\"><em>Godzinki ku czci Matki Bo\u017cej Szkaplerznej<\/em><\/td>\n<\/tr>\n<tr>\n<td width=\"183\"><strong>18:00<\/strong><\/td>\n<td colspan=\"2\" width=\"588\"><strong>Za parafian<\/strong><\/td>\n<\/tr>\n<tr>\n<td width=\"183\">18:00<\/td>\n<td colspan=\"2\" width=\"588\">\u015ap. rodzice: Jan i Olga Stankiewicz, \u015bp. Jan w 20 rocz. \u015bmierci oraz \u015bp. J\u00f3zef i Kazimierz<\/td>\n<\/tr>\n<tr>\n<td colspan=\"3\" width=\"771\"><strong><em>Po Mszy \u015aw. odpustowej wsp\u00f3lna agapa, pocz\u0119stunek oraz inne atrakcje<\/em><\/strong><\/td>\n<\/tr>\n<\/tbody>\n<\/table>\n<p>&nbsp;<\/p>\n<p>&nbsp;<\/p>\n<table width=\"771\">\n<tbody>\n<tr>\n<td colspan=\"2\" width=\"552\"><strong>17 lipca&nbsp;&nbsp; <\/strong><strong>WTOREK<\/strong><\/td>\n<td width=\"219\"><strong><em>Mt 11, 20-24<\/em><\/strong><\/td>\n<\/tr>\n<tr>\n<td width=\"183\">8:00<\/td>\n<td colspan=\"2\" width=\"588\"><em>intencja wolna<\/em><\/td>\n<\/tr>\n<tr>\n<td width=\"183\">18:00<\/td>\n<td colspan=\"2\" width=\"588\">\u015ap. Janina Janta Lipi\u0144ska w 30 dzie\u0144 po pogrzebie<\/td>\n<\/tr>\n<\/tbody>\n<\/table>\n<p>&nbsp;<\/p>\n<p>&nbsp;<\/p>\n<table width=\"771\">\n<tbody>\n<tr>\n<td colspan=\"2\" width=\"552\"><strong>18 lipca&nbsp;&nbsp; \u015aRODA<\/strong><\/td>\n<td width=\"219\"><strong><em>Mt 11, 25-27<\/em><\/strong><\/td>\n<\/tr>\n<tr>\n<td width=\"183\">8:00<\/td>\n<td colspan=\"2\" width=\"588\"><em>intencja wolna<\/em><\/td>\n<\/tr>\n<tr>\n<td width=\"183\">17:30<\/td>\n<td colspan=\"2\" width=\"588\"><em>Nabo\u017ce\u0144stwo ku czci Matki Bo\u017cej Nieustaj\u0105cej Pomocy<\/em><\/td>\n<\/tr>\n<tr>\n<td width=\"183\">18:00<\/td>\n<td colspan=\"2\" width=\"588\">\u015ap. Jan Wies\u0142aw Olszewski w 6 rocz. \u015bmierci<\/td>\n<\/tr>\n<\/tbody>\n<\/table>\n<p>&nbsp;<\/p>\n<p>&nbsp;<\/p>\n<table width=\"771\">\n<tbody>\n<tr>\n<td colspan=\"2\" width=\"552\"><strong>19 lipca&nbsp; &nbsp;CZWARTEK<\/strong><\/td>\n<td width=\"219\"><strong><em>Mt 11, 28-30<\/em><\/strong><\/td>\n<\/tr>\n<tr>\n<td width=\"183\">8:00<\/td>\n<td colspan=\"2\" width=\"588\"><em>intencja wolna<\/em><\/td>\n<\/tr>\n<tr>\n<td width=\"183\">18:00<\/td>\n<td colspan=\"2\" width=\"588\">\u015ap. Zdzis\u0142aw Brdak w dniu urodzin<\/td>\n<\/tr>\n<\/tbody>\n<\/table>\n<p>&nbsp;<\/p>\n<p>&nbsp;<\/p>\n<table width=\"771\">\n<tbody>\n<tr>\n<td colspan=\"2\" width=\"552\"><strong>20 lipca&nbsp;&nbsp; PI\u0104TEK<\/strong><\/td>\n<td width=\"219\"><strong><em>Mt 12, 1-8<\/em><\/strong><\/td>\n<\/tr>\n<tr>\n<td width=\"183\">8:00<\/td>\n<td colspan=\"2\" width=\"588\"><em>intencja wolna<\/em><\/td>\n<\/tr>\n<tr>\n<td width=\"183\">18:00<\/td>\n<td colspan=\"2\" width=\"588\">Za parafian z okazji 25-lecia powstania parafii, o Bo\u017ce b\u0142ogos\u0142awie\u0144stwo dla \u017cywych a dla zmar\u0142ych o rado\u015b\u0107 \u017cycia wiecznego<\/td>\n<\/tr>\n<\/tbody>\n<\/table>\n<p>&nbsp;<\/p>\n<p>&nbsp;<\/p>\n<table width=\"771\">\n<tbody>\n<tr>\n<td colspan=\"2\" width=\"552\"><strong>21 lipca&nbsp;&nbsp; SOBOTA<\/strong><\/td>\n<td width=\"219\"><strong><em>Mt 12, 14-21<\/em><\/strong><\/td>\n<\/tr>\n<tr>\n<td width=\"183\">8:00<\/td>\n<td colspan=\"2\" width=\"588\">O \u0142aski potrzebne do \u017cycia w rodzinie Grzegorza i Anny, Micha\u0142a i Julity, Oli i Piotra oraz Krzysztofa i Agnieszki<\/td>\n<\/tr>\n<tr>\n<td width=\"183\">18:00<\/td>\n<td colspan=\"2\" width=\"588\">\u015ap. Kazimierz J\u0119drzejewski w 2 rocz. \u015bmierci<\/td>\n<\/tr>\n<\/tbody>\n<\/table>\n<p>&nbsp;<\/p>\n<p>&nbsp;<\/p>\n<table width=\"771\">\n<tbody>\n<tr>\n<td colspan=\"2\" width=\"552\"><strong>22 lipca&nbsp;&nbsp; XVI NIEDZIELA ZWYK\u0141A<\/strong><\/td>\n<td width=\"219\"><strong><em>Mk 6, 30-34<\/em><\/strong><\/td>\n<\/tr>\n<tr>\n<td width=\"183\">7:00<\/td>\n<td colspan=\"2\" width=\"588\">\u015ap. Jan Fiodorowicz w 7 rocz. \u015bmierci<\/td>\n<\/tr>\n<tr>\n<td width=\"183\">9:00<\/td>\n<td colspan=\"2\" width=\"588\"><em>rez.<\/em><\/td>\n<\/tr>\n<tr>\n<td width=\"183\">10:30<\/td>\n<td colspan=\"2\" width=\"588\">\u015ap. Monika Sadowska w 1 rocz. \u015bmierci, \u015bp. Albin Sadowski w 27 rocz. \u015bmierci oraz \u015bp. Antoni Nestioruk w 28 rocz. \u015bmierci<\/td>\n<\/tr>\n<tr>\n<td width=\"183\"><strong>12:00<\/strong><\/td>\n<td colspan=\"2\" width=\"588\"><strong>Za parafian<\/strong><\/td>\n<\/tr>\n<tr>\n<td width=\"183\">18:00<\/td>\n<td colspan=\"2\" width=\"588\">\u015ap. Czes\u0142aw (m) Kubis w 4 rocz. \u015bmierci oraz zmarli rodzice i rodze\u0144stwo z obojga stron<\/td>\n<\/tr>\n<\/tbody>\n<\/table>\n<p>&nbsp;<\/p>\n<p>&nbsp;<\/p>\n<p>&nbsp;<\/p>\n","protected":false},"excerpt":{"rendered":"<p>&nbsp; 16 lipca&nbsp;&nbsp; PONIEDZIA\u0141EK ODPUST PARAFIALNY UROCZYSTO\u015a\u0106 MATKI BO\u017bEJ Z G\u00d3RY KARMEL J 19, 25-27 8:00 \u015ap. Wiktoria, Teofil, Edward, Henryk, Jadwiga, Irena 17:30 Godzinki ku czci Matki Bo\u017cej Szkaplerznej 18:00 Za parafian 18:00 \u015ap. rodzice: Jan i Olga Stankiewicz, \u015bp. Jan w 20 rocz. \u015bmierci oraz \u015bp. J\u00f3zef i Kazimierz Po Mszy \u015aw. odpustowej [&hellip;]<\/p>\n","protected":false},"author":1,"featured_media":2526,"comment_status":"closed","ping_status":"closed","sticky":false,"template":"","format":"standard","meta":{"ngg_post_thumbnail":0,"footnotes":""},"categories":[11,8,4],"tags":[],"class_list":["post-3173","post","type-post","status-publish","format-standard","has-post-thumbnail","hentry","category-aktualnosci","category-blog","category-intencje"],"_links":{"self":[{"href":"https:\/\/rafalk-elblag.pl\/index.php?rest_route=\/wp\/v2\/posts\/3173","targetHints":{"allow":["GET"]}}],"collection":[{"href":"https:\/\/rafalk-elblag.pl\/index.php?rest_route=\/wp\/v2\/posts"}],"about":[{"href":"https:\/\/rafalk-elblag.pl\/index.php?rest_route=\/wp\/v2\/types\/post"}],"author":[{"embeddable":true,"href":"https:\/\/rafalk-elblag.pl\/index.php?rest_route=\/wp\/v2\/users\/1"}],"replies":[{"embeddable":true,"href":"https:\/\/rafalk-elblag.pl\/index.php?rest_route=%2Fwp%2Fv2%2Fcomments&post=3173"}],"version-history":[{"count":1,"href":"https:\/\/rafalk-elblag.pl\/index.php?rest_route=\/wp\/v2\/posts\/3173\/revisions"}],"predecessor-version":[{"id":3174,"href":"https:\/\/rafalk-elblag.pl\/index.php?rest_route=\/wp\/v2\/posts\/3173\/revisions\/3174"}],"wp:featuredmedia":[{"embeddable":true,"href":"https:\/\/rafalk-elblag.pl\/index.php?rest_route=\/wp\/v2\/media\/2526"}],"wp:attachment":[{"href":"https:\/\/rafalk-elblag.pl\/index.php?rest_route=%2Fwp%2Fv2%2Fmedia&parent=3173"}],"wp:term":[{"taxonomy":"category","embeddable":true,"href":"https:\/\/rafalk-elblag.pl\/index.php?rest_route=%2Fwp%2Fv2%2Fcategories&post=3173"},{"taxonomy":"post_tag","embeddable":true,"href":"https:\/\/rafalk-elblag.pl\/index.php?rest_route=%2Fwp%2Fv2%2Ftags&post=3173"}],"curies":[{"name":"wp","href":"https:\/\/api.w.org\/{rel}","templated":true}]}}