{"id":3170,"date":"2018-07-09T09:11:27","date_gmt":"2018-07-09T09:11:27","guid":{"rendered":"http:\/\/rafalk-elblag.pl\/?p=3170"},"modified":"2019-05-21T09:11:16","modified_gmt":"2019-05-21T09:11:16","slug":"poczatki-nie-byly-latwe-jubileusz-25-lecia-parafii","status":"publish","type":"post","link":"https:\/\/rafalk-elblag.pl\/?p=3170","title":{"rendered":"Pocz\u0105tki nie by\u0142y \u0142atwe&#8230; &#8211; jubileusz 25-lecia parafii"},"content":{"rendered":"<p><a href=\"http:\/\/rafalk-elblag.pl\/wp-content\/uploads\/2014\/08\/slide1.jpg\"><img loading=\"lazy\" decoding=\"async\" class=\"alignnone size-large wp-image-30\" src=\"http:\/\/rafalk-elblag.pl\/wp-content\/uploads\/2014\/08\/slide1-1024x576.jpg\" alt=\"\" width=\"900\" height=\"506\" srcset=\"https:\/\/rafalk-elblag.pl\/wp-content\/uploads\/2014\/08\/slide1-1024x576.jpg 1024w, https:\/\/rafalk-elblag.pl\/wp-content\/uploads\/2014\/08\/slide1-300x168.jpg 300w, https:\/\/rafalk-elblag.pl\/wp-content\/uploads\/2014\/08\/slide1.jpg 1600w\" sizes=\"auto, (max-width: 900px) 100vw, 900px\" \/><\/a><\/p>\n<p>&nbsp;<\/p>\n<p><span style=\"color: #ff0000;\"><strong>W tym roku parafia pw. \u015bw. Rafa\u0142a Kalinowskiego w Elbl\u0105gu \u015bwi\u0119tuje 25-lecie. Cho\u0107 min\u0119\u0142o ju\u017c \u0107wier\u0107 wieku, w pami\u0119ci parafian wci\u0105\u017c \u017cywe s\u0105 obrazy z czas\u00f3w, kiedy ich wsp\u00f3lnota dopiero raczkowa\u0142a.<\/strong><\/span><\/p>\n<p>Dla wi\u0119kszo\u015bci mieszka\u0144c\u00f3w os. Nad Jarem powstanie nowej parafii by\u0142o sporym zaskoczeniem. &#8211; My od wielu lat nale\u017celi\u015bmy do parafii \u015bw. Brata Alberta, prowadzonej przez ksi\u0119\u017cy salwatorian\u00f3w i tam byli\u015bmy zaanga\u017cowani, przede wszystkim w dzia\u0142ania wsp\u00f3lnoty Domowego Ko\u015bcio\u0142a &#8211; wspominaj\u0105 Krystyna i Marcin Kurosadowie. &#8211; Mo\u017cna powiedzie\u0107, \u017ce byli\u015bmy ju\u017c tam mocno zakorzenieni. Cieszyli\u015bmy si\u0119 z tego, jak tamta parafia si\u0119 rozwija. Wtedy te\u017c uda\u0142o si\u0119 nam postawi\u0107 tam drewniany ko\u015bci\u00f3\u0142ek, a jednocze\u015bnie przysz\u0142a decyzja o rozdzieleniu.<\/p>\n<p>Parafia \u015bw. Rafa\u0142a Kalinowskiego zosta\u0142a &#8211; decyzj\u0105 bp. Andrzeja \u015aliwi\u0144skiego &#8211; erygowana 16 listopada 1993 roku. Wydzielono j\u0105 z bardzo w\u00f3wczas du\u017cej parafii \u015bw. Brata Alberta. Jej granice wyznaczy\u0142y ulice Og\u00f3lna &#8211; od po\u0142udnia i al. Jana Paw\u0142a II &#8211; od zachodu. &#8211; Nie ma co ukrywa\u0107, \u017ce nie wszyscy byli z tego powodu zadowoleni. Ludzie obawiali si\u0119 przede wszystkim tego, \u017ce nie wiadomo, jak daleko b\u0119d\u0105 teraz mieli do ko\u015bcio\u0142a &#8211; wspomina tamten czas Stanis\u0142aw Szweda.<\/p>\n<p>&#8211; My byli\u015bmy z tych, kt\u00f3rzy z tych prozaicznych powod\u00f3w jak odleg\u0142o\u015b\u0107 do ko\u015bcio\u0142a si\u0119 cieszyli, bo od teraz mieli\u015bmy du\u017co bli\u017cej &#8211; u\u015bmiecha si\u0119 pani Krystyna. &#8211; Martwi\u0142o nas jedynie to, \u017ce spora cz\u0119\u015b\u0107 naszej wsp\u00f3lnoty b\u0119dzie teraz w zupe\u0142nie innej parafii.<\/p>\n<p>Pan Stanis\u0142aw czu\u0142 podobnie. &#8211; Co\u015b si\u0119 we mnie na pocz\u0105tku sprzeciwia\u0142o. Nie wiedzia\u0142em, jak uda nam si\u0119 odnale\u017a\u0107 w tej nowej rzeczywisto\u015bci. Ale p\u00f3\u017aniej zrozumia\u0142em, \u017ce nie zmienimy tej decyzji i po prostu trzeba by\u0142o wzi\u0105\u0107 si\u0119 do roboty &#8211; dodaje.<\/p>\n<p>&#8211; Decyzja o p\u00f3j\u015bciu na now\u0105 parafi\u0119 by\u0142a dla mnie du\u017cym zaskoczeniem &#8211; przyznaje ks. Adam \u015aniechowski, pierwszy proboszcz parafii &#8222;Nad Jarem&#8221;. &#8211; \u00d3wczesny biskup elbl\u0105ski \u015aliwi\u0144ski przyjecha\u0142 do Redak \u015bwi\u0119ci\u0107 ko\u015bci\u00f3\u0142, kt\u00f3ry dopiero co wraz z parafianami wybudowali\u015bmy. I podczas kolacji poinformowa\u0142 mnie, \u017ce teraz czeka mnie takie samo wyzwanie, tylko w innym miejscu. I tak trafi\u0142em do parafii \u015bw. Rafa\u0142a Kalinowskiego &#8211; wspomina.<\/p>\n<p>Parafianie m\u00f3wi\u0105 zgodnie, \u017ce nawet je\u015bli w pierwszej chwili mieszka\u0144cy osiedla mogli prze\u017cywa\u0107 pewne trudno\u015bci, to do\u015b\u0107 szybko zrozumieli, \u017ce posiadanie w\u0142asnej parafii to rzecz pozytywna. &#8211; Wydaje mi si\u0119, \u017ce ks. Adam umia\u0142 ludzi zjedna\u0107, przekona\u0107 i tak ustawi\u0107, \u017ce to my\u015blenie szybko si\u0119 odmieni\u0142o &#8211; m\u00f3wi K. Kurosad.<\/p>\n<p>Ksi\u0105dz Adam wspomina, \u017ce nie odczuwa\u0142 jakiegokolwiek niezadowolenia. &#8211; Ja nie mia\u0142em \u017cadnych problem\u00f3w ze strony parafian. Od samego pocz\u0105tku ch\u0119tnie przychodzili, gromadzili si\u0119 na nabo\u017ce\u0144stwach czy te\u017c do pomocy przy budowie pierwszej kaplicy &#8211; m\u00f3wi. &#8211; Przychodzili licznie, nawet gdy pierwsze Msze odprawiali\u015bmy w piwnicy przy ul. Broniewskiego. Pomagali w organizacji wszystkiego, co by\u0142o potrzebne. Bo &#8211; tak, jak m\u00f3wi\u0142em &#8211; na pocz\u0105tku nie mieli\u015bmy nic. Nie by\u0142o nawet dzwonk\u00f3w do Mszy \u015bw.<\/p>\n<p>Pierwszym zadaniem, kt\u00f3re zamierza\u0142 wykona\u0107 nowy proboszcz, by\u0142o postawienie kaplicy. &#8211; My z ksi\u0119\u017cmi za\u015b wynajmowali\u015bmy pokoje u parafian. Wi\u0119c z mieszkaniem nie by\u0142o wi\u0119kszych problem\u00f3w. Chodzi\u0142o jednak o to, aby m\u00f3c odprawia\u0107 nabo\u017ce\u0144stwa w godnych warunkach. A pracowa\u0142o nas w parafii wtedy trzech. Ja, ks. Jarek Kie\u0142b oraz &#8211; do pomocy &#8211; ks. Mieczys\u0142aw Idzikowski &#8211; wylicza ks. \u015aniechowski.<\/p>\n<p>&#8211; Nasi kap\u0142ani wykonywali tutaj tytaniczn\u0105 prac\u0119 &#8211; wspominaj\u0105 pa\u0144stwo Kurosadowie. &#8211; Zw\u0142aszcza ks. Jarek, gdy musia\u0142 praktycznie sam pos\u0142ugiwa\u0107 w czasie, kiedy ksi\u0105dz proboszcz mia\u0142 do\u015b\u0107 powa\u017cny wypadek i d\u0142ugo wraca\u0142 do pe\u0142ni si\u0142 &#8211; m\u00f3wi\u0105. Ma\u0142\u017ce\u0144stwo ocenia, \u017ce to by\u0142 najci\u0119\u017cszy czas z punktu widzenia ich duszpasterzy. &#8211; To by\u0142a bowiem zima, akurat tego roku bardzo mro\u017ana. Ksi\u0105dz Jarek z sinymi r\u0119kami odprawia\u0142 kilka Mszy \u015bw. Patrzyli\u015bmy na niego z wielkim podziwem, \u017ce mimo wszystko daje rad\u0119 i wytrzymuje. Czasem \u017cartowali\u015bmy, \u017ce musi si\u0119 czu\u0107 jak na misjach na Syberii &#8211; \u015bmiej\u0105 si\u0119 parafianie.<\/p>\n<p>Zanim stan\u0119\u0142a kaplica, przez oko\u0142o roku parafianie od Rafa\u0142a chodzili na niedzielne Msze do ksi\u0119\u017cy salwatorian\u00f3w, czyli parafii, z kt\u00f3rej zostali wydzieleni. &#8211; Do dzi\u015b jestem im wdzi\u0119czny za to, \u017ce w taki spos\u00f3b nas wspomagali i zapraszali do siebie parafian &#8222;Znad Jaru&#8221;. Szczeg\u00f3lnie wa\u017cne to by\u0142o zim\u0105. Bo latem wystarczy\u0142 jaki\u015b daszek na placu i mo\u017cna by\u0142o odprawia\u0107, ale kiedy przychodzi\u0142y ch\u0142ody, ta \u017cyczliwo\u015b\u0107 okazywa\u0142a si\u0119 nieoceniona &#8211; wspomina pierwszy proboszcz.<\/p>\n<p>&nbsp;<\/p>\n<p><span style=\"color: #008080;\"><em>Ca\u0142o\u015b\u0107 artyku\u0142u ukaza\u0142a si\u0119 w &#8222;Go\u015bciu Elbl\u0105skim&#8221; na 8 lipca. Autorem artyku\u0142u jest pan \u0141ukasz Siano\u017c\u0119cki. Artyku\u0142 mo\u017cna odnale\u017a\u0107 pod adresem www:&nbsp;https:\/\/elblag.gosc.pl\/doc\/4849651.Poczatki-nie-byly-latwe\/<\/em><\/span><\/p>\n<p>&nbsp;<\/p>\n","protected":false},"excerpt":{"rendered":"<p>&nbsp; W tym roku parafia pw. \u015bw. Rafa\u0142a Kalinowskiego w Elbl\u0105gu \u015bwi\u0119tuje 25-lecie. Cho\u0107 min\u0119\u0142o ju\u017c \u0107wier\u0107 wieku, w pami\u0119ci parafian wci\u0105\u017c \u017cywe s\u0105 obrazy z czas\u00f3w, kiedy ich wsp\u00f3lnota dopiero raczkowa\u0142a. Dla wi\u0119kszo\u015bci mieszka\u0144c\u00f3w os. Nad Jarem powstanie nowej parafii by\u0142o sporym zaskoczeniem. &#8211; My od wielu lat nale\u017celi\u015bmy do parafii \u015bw. Brata Alberta, [&hellip;]<\/p>\n","protected":false},"author":1,"featured_media":30,"comment_status":"closed","ping_status":"closed","sticky":false,"template":"","format":"standard","meta":{"ngg_post_thumbnail":0,"footnotes":""},"categories":[11,8],"tags":[],"class_list":["post-3170","post","type-post","status-publish","format-standard","has-post-thumbnail","hentry","category-aktualnosci","category-blog"],"_links":{"self":[{"href":"https:\/\/rafalk-elblag.pl\/index.php?rest_route=\/wp\/v2\/posts\/3170","targetHints":{"allow":["GET"]}}],"collection":[{"href":"https:\/\/rafalk-elblag.pl\/index.php?rest_route=\/wp\/v2\/posts"}],"about":[{"href":"https:\/\/rafalk-elblag.pl\/index.php?rest_route=\/wp\/v2\/types\/post"}],"author":[{"embeddable":true,"href":"https:\/\/rafalk-elblag.pl\/index.php?rest_route=\/wp\/v2\/users\/1"}],"replies":[{"embeddable":true,"href":"https:\/\/rafalk-elblag.pl\/index.php?rest_route=%2Fwp%2Fv2%2Fcomments&post=3170"}],"version-history":[{"count":1,"href":"https:\/\/rafalk-elblag.pl\/index.php?rest_route=\/wp\/v2\/posts\/3170\/revisions"}],"predecessor-version":[{"id":3171,"href":"https:\/\/rafalk-elblag.pl\/index.php?rest_route=\/wp\/v2\/posts\/3170\/revisions\/3171"}],"wp:featuredmedia":[{"embeddable":true,"href":"https:\/\/rafalk-elblag.pl\/index.php?rest_route=\/wp\/v2\/media\/30"}],"wp:attachment":[{"href":"https:\/\/rafalk-elblag.pl\/index.php?rest_route=%2Fwp%2Fv2%2Fmedia&parent=3170"}],"wp:term":[{"taxonomy":"category","embeddable":true,"href":"https:\/\/rafalk-elblag.pl\/index.php?rest_route=%2Fwp%2Fv2%2Fcategories&post=3170"},{"taxonomy":"post_tag","embeddable":true,"href":"https:\/\/rafalk-elblag.pl\/index.php?rest_route=%2Fwp%2Fv2%2Ftags&post=3170"}],"curies":[{"name":"wp","href":"https:\/\/api.w.org\/{rel}","templated":true}]}}