{"id":3168,"date":"2018-07-09T08:47:46","date_gmt":"2018-07-09T08:47:46","guid":{"rendered":"http:\/\/rafalk-elblag.pl\/?p=3168"},"modified":"2018-07-09T08:47:46","modified_gmt":"2018-07-09T08:47:46","slug":"ogloszenia-parafialne-8-07-2018-r-xiv-niedziela-zwykla","status":"publish","type":"post","link":"https:\/\/rafalk-elblag.pl\/?p=3168","title":{"rendered":"OG\u0141OSZENIA PARAFIALNE 8.07.2018 R. \u2013 XIV NIEDZIELA ZWYK\u0141A"},"content":{"rendered":"<p><a href=\"http:\/\/rafalk-elblag.pl\/wp-content\/uploads\/2016\/12\/pulpit.jpg\"><img loading=\"lazy\" decoding=\"async\" class=\"alignnone size-large wp-image-2530\" src=\"http:\/\/rafalk-elblag.pl\/wp-content\/uploads\/2016\/12\/pulpit-1024x682.jpg\" alt=\"\" width=\"900\" height=\"599\" srcset=\"https:\/\/rafalk-elblag.pl\/wp-content\/uploads\/2016\/12\/pulpit-1024x682.jpg 1024w, https:\/\/rafalk-elblag.pl\/wp-content\/uploads\/2016\/12\/pulpit-300x200.jpg 300w, https:\/\/rafalk-elblag.pl\/wp-content\/uploads\/2016\/12\/pulpit-768x512.jpg 768w, https:\/\/rafalk-elblag.pl\/wp-content\/uploads\/2016\/12\/pulpit.jpg 1698w\" sizes=\"auto, (max-width: 900px) 100vw, 900px\" \/><\/a><\/p>\n<p>&nbsp;<\/p>\n<p>1. Od 7-15 lipca br. trwa<strong> Nowenna przed \u015awi\u0119tem Matki Bo\u017cej Szkaplerznej<\/strong> odprawiana po Mszy \u015bw. wieczorowej. Zapraszamy wszystkich, a szczeg\u00f3lnie tych, kt\u00f3rzy przyj\u0119li szkaplerz karmelita\u0144ski i tworz\u0105 Rodzin\u0119 Karmelita\u0144sk\u0105 i Bractwo Szkaplerzne.<\/p>\n<p>&nbsp;<\/p>\n<p><strong>2. W poniedzia\u0142ek 16 lipca przypada \u015awi\u0119to Naj\u015bwi\u0119tszej Maryi Panny z G\u00f3ry Karmel. S\u0142owo Bo\u017ce wyg\u0142osi ks. Biskup J\u00f3zef Wysocki <\/strong><em>W tym dniu mo\u017cemy przyj\u0105\u0107 SZKAPLERZ KARMELITA\u0143SKI. <\/em>Zapraszamy wszystkich parafian na <strong>Uroczyst\u0105 Msz\u0119 \u015awi\u0119t\u0105 Odpustow\u0105 o godz. 18.00<\/strong>. Osoby kt\u00f3re zadeklarowa\u0142y swoj\u0105 przynale\u017cno\u015b\u0107 do Bractwa Szkaplerznego na Mszy \u015bw. o godz. 18.00 otrzymaj\u0105 LEGITYMACJE BRACTWA.&nbsp; Po Mszy \u015bw. o godz. 18.00 odb\u0119dzie si\u0119 AGAPA przy bigosie i domowych wypiekach. Przewidziane s\u0105 te\u017c wsp\u00f3lne \u015bpiewy i zabawy. <strong><em>Nasze Uroczysto\u015bci Odpustowe rozpoczniemy GODZINKAMI KU CZCI MATKI BO\u017bEJ SZKAPLERZNEJ o godz. 17:30. <\/em><\/strong><\/p>\n<p>&nbsp;<\/p>\n<p>3. Osoby, kt\u00f3re chcia\u0142yby w\u0142\u0105czy\u0107 si\u0119 w przygotowanie ODPUSTU PARAFIALNEGO prosz\u0119 o przynoszenie ciasta w poniedzia\u0142ek tj. 16 lipca &#8211; od godziny 16:00 do 17:00<em>. Dzi\u0119kuj\u0119 za wypieki, kt\u00f3re trafi\u0105 na wsp\u00f3lny st\u00f3\u0142 odpustowy. <\/em><\/p>\n<p>&nbsp;<\/p>\n<p>4. W przysz\u0142\u0105 niedziele tj. 15 lipca Bractwo Szkaplerzne przed ko\u015bcio\u0142em zbiera\u0107 b\u0119dzie ofiary do puszek na przygotowanie Uroczysto\u015bci Odpustowych ku czci Naj\u015bwi\u0119tszej Maryi Panny z G\u00f3ry Karmel. <em>Dzi\u0119kujemy tym wszystkim kt\u00f3rzy tworz\u0105 Rodzin\u0119 i Bractwo Szkaplerzne i wszystkim parafianom za wsparcie. <\/em><\/p>\n<p><strong>&nbsp;<\/strong><\/p>\n<p><strong>5. Grupa P\u00d3\u0141NOC ELBL\u0104G<\/strong> zaprasza wszystkich, by wybra\u0107 si\u0119 na<em> XXVI Elbl\u0105sk\u0105 Pielgrzymk\u0119 Piesz\u0105 na Jasn\u0105 G\u00f3r\u0119.<\/em> Kolejne spotkanie odb\u0119dzie dzisiaj o godz. 19:00 w parafii \u015bw. Rodziny na Zawadzie. Has\u0142o tegorocznej pielgrzymki brzmi: <strong>\u201ePRZEZ KRZY\u017b DO WOLNO\u015aCI\u201d.&nbsp; <\/strong><\/p>\n<p>&nbsp;<\/p>\n<p>6. Rekolekcje <strong>17-19 sierpnia 2018 <\/strong>r. w <strong>Hali Sportowo-Widowiskowej, w Elbl\u0105gu<\/strong> przy ul. Grunwaldzkiej 135.<strong>&#8222;Spragniony? Przyjd\u017a!&#8221;<\/strong> (J 7, 37b-38) &#8211; s\u0142owa te b\u0119d\u0105 nas prowadzi\u0142y przez <strong>rekolekcje ewangelizacyjne<\/strong> z modlitw\u0105 o uzdrowienie z udzia\u0142em <strong>ks. Johna Bashobory<\/strong> z Ugandy.&nbsp;<strong>Zapisy <\/strong>przyjmowane s\u0105 w salce przy<strong> Katedrze \u015bw. Miko\u0142aja <\/strong>w Elbl\u0105gu: niedziela w godz.:<strong>&nbsp;<\/strong><strong>10:00-13:00 <\/strong>oraz na stronie <a href=\"http:\/\/www.rekolekcje-elblag.pl\/\">www.rekolekcje-elblag.pl<\/a>&nbsp;telefon kontaktowy:<strong> 606181748 <\/strong>lub<strong> 573956721 <\/strong>(w godz. 16:00-20:00)<strong>; <\/strong><strong>koszt <\/strong>trzydniowych <strong>rekolekcji:<\/strong>&nbsp;<strong>80 z\u0142 osoba doros\u0142a, m\u0142odzie\u017c 50 z\u0142. <\/strong><\/p>\n<p><strong>&nbsp;<\/strong><\/p>\n<p><strong>7. Lipiec jest miesi\u0105cem po\u015bwi\u0119conym kontemplacji Naj\u015bwi\u0119tszej Krwi Chrystusa. <\/strong>Krew Chrystusa jest niezbitym dowodem mi\u0142o\u015bci Niebieskiego Ojca do ka\u017cdego cz\u0142owieka bez wyj\u0105tku. <em>Zach\u0119cam \u201eWsp\u00f3lnot\u0119 Krwi Chrystusa\u201d do prowadzenia modlitw przed Msz\u0105 \u015bw. wieczorow\u0105.<\/em><\/p>\n<p>&nbsp;<\/p>\n<p>8. W okresie wakacji <strong>zapraszamy na KONCERTY ORGANOWE<\/strong> do Pas\u0142\u0119ka, kt\u00f3re odbywaj\u0105 si\u0119 w ko\u015bciele \u015bw. Bart\u0142omieja. <em>Wi\u0119cej informacji na plakacie w gablocie. <\/em><\/p>\n<p><strong>&nbsp;<\/strong><\/p>\n<p><strong>9. Kancelaria parafialna, przez ca\u0142y okres wakacji, czynna jest w \u015brody i soboty po Mszy \u015bw. wieczorowej.<\/strong><\/p>\n<p>&nbsp;<\/p>\n<p>10. Zach\u0119camy do nabywania prasy katolickiej: nowy numer \u201eGo\u015bcia Niedzielnego\u201d- 5 z\u0142.<\/p>\n<p>&nbsp;<\/p>\n<p>&nbsp;<\/p>\n<p>&nbsp;<\/p>\n","protected":false},"excerpt":{"rendered":"<p>&nbsp; 1. Od 7-15 lipca br. trwa Nowenna przed \u015awi\u0119tem Matki Bo\u017cej Szkaplerznej odprawiana po Mszy \u015bw. wieczorowej. Zapraszamy wszystkich, a szczeg\u00f3lnie tych, kt\u00f3rzy przyj\u0119li szkaplerz karmelita\u0144ski i tworz\u0105 Rodzin\u0119 Karmelita\u0144sk\u0105 i Bractwo Szkaplerzne. &nbsp; 2. W poniedzia\u0142ek 16 lipca przypada \u015awi\u0119to Naj\u015bwi\u0119tszej Maryi Panny z G\u00f3ry Karmel. S\u0142owo Bo\u017ce wyg\u0142osi ks. Biskup J\u00f3zef Wysocki [&hellip;]<\/p>\n","protected":false},"author":1,"featured_media":2530,"comment_status":"closed","ping_status":"closed","sticky":false,"template":"","format":"standard","meta":{"ngg_post_thumbnail":0,"footnotes":""},"categories":[11,8,3],"tags":[],"class_list":["post-3168","post","type-post","status-publish","format-standard","has-post-thumbnail","hentry","category-aktualnosci","category-blog","category-ogloszenia"],"_links":{"self":[{"href":"https:\/\/rafalk-elblag.pl\/index.php?rest_route=\/wp\/v2\/posts\/3168","targetHints":{"allow":["GET"]}}],"collection":[{"href":"https:\/\/rafalk-elblag.pl\/index.php?rest_route=\/wp\/v2\/posts"}],"about":[{"href":"https:\/\/rafalk-elblag.pl\/index.php?rest_route=\/wp\/v2\/types\/post"}],"author":[{"embeddable":true,"href":"https:\/\/rafalk-elblag.pl\/index.php?rest_route=\/wp\/v2\/users\/1"}],"replies":[{"embeddable":true,"href":"https:\/\/rafalk-elblag.pl\/index.php?rest_route=%2Fwp%2Fv2%2Fcomments&post=3168"}],"version-history":[{"count":1,"href":"https:\/\/rafalk-elblag.pl\/index.php?rest_route=\/wp\/v2\/posts\/3168\/revisions"}],"predecessor-version":[{"id":3169,"href":"https:\/\/rafalk-elblag.pl\/index.php?rest_route=\/wp\/v2\/posts\/3168\/revisions\/3169"}],"wp:featuredmedia":[{"embeddable":true,"href":"https:\/\/rafalk-elblag.pl\/index.php?rest_route=\/wp\/v2\/media\/2530"}],"wp:attachment":[{"href":"https:\/\/rafalk-elblag.pl\/index.php?rest_route=%2Fwp%2Fv2%2Fmedia&parent=3168"}],"wp:term":[{"taxonomy":"category","embeddable":true,"href":"https:\/\/rafalk-elblag.pl\/index.php?rest_route=%2Fwp%2Fv2%2Fcategories&post=3168"},{"taxonomy":"post_tag","embeddable":true,"href":"https:\/\/rafalk-elblag.pl\/index.php?rest_route=%2Fwp%2Fv2%2Ftags&post=3168"}],"curies":[{"name":"wp","href":"https:\/\/api.w.org\/{rel}","templated":true}]}}