{"id":3166,"date":"2018-07-09T08:42:50","date_gmt":"2018-07-09T08:42:50","guid":{"rendered":"http:\/\/rafalk-elblag.pl\/?p=3166"},"modified":"2018-07-09T08:42:50","modified_gmt":"2018-07-09T08:42:50","slug":"intencje-mszalne-na-xiv-tydzien-zwykly-9-07-15-07-2018","status":"publish","type":"post","link":"https:\/\/rafalk-elblag.pl\/?p=3166","title":{"rendered":"INTENCJE MSZALNE NA XIV TYDZIE\u0143 ZWYK\u0141Y (9.07. \u2013 15.07. 2018)"},"content":{"rendered":"<p><a href=\"http:\/\/rafalk-elblag.pl\/wp-content\/uploads\/2016\/12\/shutterstock_49643152-1000.jpg\"><img loading=\"lazy\" decoding=\"async\" class=\"alignnone size-full wp-image-2526\" src=\"http:\/\/rafalk-elblag.pl\/wp-content\/uploads\/2016\/12\/shutterstock_49643152-1000.jpg\" alt=\"\" width=\"1000\" height=\"665\" srcset=\"https:\/\/rafalk-elblag.pl\/wp-content\/uploads\/2016\/12\/shutterstock_49643152-1000.jpg 1000w, https:\/\/rafalk-elblag.pl\/wp-content\/uploads\/2016\/12\/shutterstock_49643152-1000-300x200.jpg 300w, https:\/\/rafalk-elblag.pl\/wp-content\/uploads\/2016\/12\/shutterstock_49643152-1000-768x511.jpg 768w\" sizes=\"auto, (max-width: 1000px) 100vw, 1000px\" \/><\/a><\/p>\n<p>&nbsp;<\/p>\n<p>&nbsp;<\/p>\n<table width=\"756\">\n<tbody>\n<tr>\n<td colspan=\"2\" width=\"575\"><strong>9 lipca&nbsp;&nbsp; PONIEDZIA\u0141EK<\/strong><\/td>\n<td width=\"182\"><strong><em>Mt 9, 18-26<\/em><\/strong><\/td>\n<\/tr>\n<tr>\n<td width=\"165\">8:00<\/td>\n<td colspan=\"2\" width=\"591\"><em>intencja wolna<\/em><\/td>\n<\/tr>\n<tr>\n<td width=\"165\">18:00<\/td>\n<td colspan=\"2\" width=\"591\">\u015ap. Helena \u015aredzi\u0144ska w 30 dzie\u0144 po pogrzebie<\/td>\n<\/tr>\n<\/tbody>\n<\/table>\n<p>&nbsp;<\/p>\n<p>&nbsp;<\/p>\n<table width=\"756\">\n<tbody>\n<tr>\n<td colspan=\"2\" width=\"575\"><strong>10 lipca&nbsp;&nbsp; <\/strong><strong>WTOREK<\/strong><\/td>\n<td width=\"182\"><strong><em>Mt 9, 32-38<\/em><\/strong><\/td>\n<\/tr>\n<tr>\n<td width=\"165\">8:00<\/td>\n<td colspan=\"2\" width=\"591\"><em>intencja wolna<\/em><\/td>\n<\/tr>\n<tr>\n<td width=\"165\"><strong>18:00<\/strong><\/td>\n<td colspan=\"2\" width=\"591\"><strong>W intencji Ojczyzny w 100 lecie jej niepodleg\u0142o\u015bci oraz dzi\u0119kczynna za 25 lat istnienia naszej parafii \u2013 intencja od Bractwa Szkaplerznego<\/strong><\/td>\n<\/tr>\n<\/tbody>\n<\/table>\n<p>&nbsp;<\/p>\n<p>&nbsp;<\/p>\n<table width=\"756\">\n<tbody>\n<tr>\n<td colspan=\"2\" width=\"575\"><strong>11 lipca&nbsp;&nbsp; \u015aRODA<\/strong><\/p>\n<p><strong>\u015awi\u0119to \u015bw. Benedykta [opata, patrona Europy]<\/strong><\/td>\n<td width=\"182\"><strong><em>Mt 19, 27-29<\/em><\/strong><\/td>\n<\/tr>\n<tr>\n<td width=\"165\">8:00<\/td>\n<td colspan=\"2\" width=\"591\">Dzi\u0119kczynna za dar \u017cycia z pro\u015bb\u0105 o przemian\u0119 serca i \u0142ask\u0119 wiary dla Karoliny w dniu urodzin<\/td>\n<\/tr>\n<tr>\n<td width=\"165\">17:30<\/td>\n<td colspan=\"2\" width=\"591\"><em>Nabo\u017ce\u0144stwo ku czci Matki Bo\u017cej Nieustaj\u0105cej Pomocy<\/em><\/td>\n<\/tr>\n<tr>\n<td width=\"165\">18:00<\/td>\n<td colspan=\"2\" width=\"591\">\u015ap. Wiktoria w 4 rocz. \u015bmierci, \u015bp. Wac\u0142aw, \u015bp. Bogdan<\/td>\n<\/tr>\n<\/tbody>\n<\/table>\n<p>&nbsp;<\/p>\n<p>&nbsp;<\/p>\n<table width=\"756\">\n<tbody>\n<tr>\n<td colspan=\"2\" width=\"575\"><strong>12 lipca&nbsp; &nbsp;CZWARTEK<\/strong><\/p>\n<p><strong>wsp. \u015bw. Brunona z Kwerfurtu [biskupa i m\u0119czennika]<\/strong><\/td>\n<td width=\"182\"><strong><em>Mt 10, 7-15<\/em><\/strong><\/td>\n<\/tr>\n<tr>\n<td width=\"165\">8:00<\/td>\n<td colspan=\"2\" width=\"591\"><em>intencja wolna<\/em><\/td>\n<\/tr>\n<tr>\n<td width=\"165\">18:00<\/td>\n<td colspan=\"2\" width=\"591\">\u015ap. Gabriela Adamowicz i zmarli z rodziny<\/td>\n<\/tr>\n<\/tbody>\n<\/table>\n<p>&nbsp;<\/p>\n<p>&nbsp;<\/p>\n<table width=\"756\">\n<tbody>\n<tr>\n<td colspan=\"2\" width=\"575\"><strong>13 lipca&nbsp;&nbsp; PI\u0104TEK<\/strong><\/p>\n<p><strong>wsp. \u015b\u015b. Andrzeja \u015awierada i Benedykta [pustelnicy]<\/strong><\/td>\n<td width=\"182\"><strong><em>Mt 10, 16-23<\/em><\/strong><\/td>\n<\/tr>\n<tr>\n<td width=\"165\">8:00<\/td>\n<td colspan=\"2\" width=\"591\"><em>intencja wolna<\/em><\/td>\n<\/tr>\n<tr>\n<td width=\"165\">18:00<\/td>\n<td colspan=\"2\" width=\"591\">\u015ap. Marinna Stan<\/td>\n<\/tr>\n<\/tbody>\n<\/table>\n<p>&nbsp;<\/p>\n<p>&nbsp;<\/p>\n<table width=\"756\">\n<tbody>\n<tr>\n<td colspan=\"2\" width=\"575\"><strong>14 lipca&nbsp;&nbsp; SOBOTA<\/strong><\/td>\n<td width=\"182\"><strong><em>Mt 10, 24-33<\/em><\/strong><\/td>\n<\/tr>\n<tr>\n<td width=\"165\">8:00<\/td>\n<td colspan=\"2\" width=\"591\">\u015ap. Helena i Franciszek, \u015bp. Jerzy oraz zmarli z rodziny Ro\u017centalskich<\/td>\n<\/tr>\n<tr>\n<td width=\"165\">18:00<\/td>\n<td colspan=\"2\" width=\"591\">\u015ap. Waleria Kuci\u0144ska w 1 rocz. \u015bmierci, \u015bp. Mieczys\u0142aw Kuci\u0144ski, \u015bp. Helena i Eugeniusz Motyl<\/td>\n<\/tr>\n<\/tbody>\n<\/table>\n<p>&nbsp;<\/p>\n<p>&nbsp;<\/p>\n<table width=\"756\">\n<tbody>\n<tr>\n<td colspan=\"2\" width=\"575\"><strong>15 lipca&nbsp;&nbsp; XV NIEDZIELA ZWYK\u0141A<\/strong><\/td>\n<td width=\"182\"><strong><em>Mk 6, 7-13<\/em><\/strong><\/td>\n<\/tr>\n<tr>\n<td width=\"165\">7:00<\/td>\n<td colspan=\"2\" width=\"591\">O Bo\u017ce b\u0142ogos\u0142awie\u0144stwo w 4 rocznic\u0119 urodzin Wojtusia oraz o potrzebne \u0142aski dla ca\u0142ej rodziny<\/td>\n<\/tr>\n<tr>\n<td width=\"165\">9:00<\/td>\n<td colspan=\"2\" width=\"591\">\u015ap. Teofil i Jadwiga oraz rodzice z obojga stron<\/td>\n<\/tr>\n<tr>\n<td width=\"165\">10:30<\/td>\n<td colspan=\"2\" width=\"591\">\u015ap. Anna Nadolska w 4 rocz. \u015bmierci, \u015bp. J\u00f3zef M\u0142ynarski i zmarli z rodziny<\/td>\n<\/tr>\n<tr>\n<td width=\"165\"><strong>12:00<\/strong><\/td>\n<td colspan=\"2\" width=\"591\"><strong>Za parafian<\/strong><\/td>\n<\/tr>\n<tr>\n<td width=\"165\">18:00<\/td>\n<td colspan=\"2\" width=\"591\">O Bo\u017ce b\u0142ogos\u0142awie\u0144stwo, potrzebne \u0142aski oraz opiek\u0119 Matki Bo\u017cej dla Haliny<\/td>\n<\/tr>\n<\/tbody>\n<\/table>\n<p>&nbsp;<\/p>\n<p>&nbsp;<\/p>\n<p>&nbsp;<\/p>\n","protected":false},"excerpt":{"rendered":"<p>&nbsp; &nbsp; 9 lipca&nbsp;&nbsp; PONIEDZIA\u0141EK Mt 9, 18-26 8:00 intencja wolna 18:00 \u015ap. Helena \u015aredzi\u0144ska w 30 dzie\u0144 po pogrzebie &nbsp; &nbsp; 10 lipca&nbsp;&nbsp; WTOREK Mt 9, 32-38 8:00 intencja wolna 18:00 W intencji Ojczyzny w 100 lecie jej niepodleg\u0142o\u015bci oraz dzi\u0119kczynna za 25 lat istnienia naszej parafii \u2013 intencja od Bractwa Szkaplerznego &nbsp; &nbsp; [&hellip;]<\/p>\n","protected":false},"author":1,"featured_media":2526,"comment_status":"closed","ping_status":"closed","sticky":false,"template":"","format":"standard","meta":{"ngg_post_thumbnail":0,"footnotes":""},"categories":[11,8,4],"tags":[],"class_list":["post-3166","post","type-post","status-publish","format-standard","has-post-thumbnail","hentry","category-aktualnosci","category-blog","category-intencje"],"_links":{"self":[{"href":"https:\/\/rafalk-elblag.pl\/index.php?rest_route=\/wp\/v2\/posts\/3166","targetHints":{"allow":["GET"]}}],"collection":[{"href":"https:\/\/rafalk-elblag.pl\/index.php?rest_route=\/wp\/v2\/posts"}],"about":[{"href":"https:\/\/rafalk-elblag.pl\/index.php?rest_route=\/wp\/v2\/types\/post"}],"author":[{"embeddable":true,"href":"https:\/\/rafalk-elblag.pl\/index.php?rest_route=\/wp\/v2\/users\/1"}],"replies":[{"embeddable":true,"href":"https:\/\/rafalk-elblag.pl\/index.php?rest_route=%2Fwp%2Fv2%2Fcomments&post=3166"}],"version-history":[{"count":1,"href":"https:\/\/rafalk-elblag.pl\/index.php?rest_route=\/wp\/v2\/posts\/3166\/revisions"}],"predecessor-version":[{"id":3167,"href":"https:\/\/rafalk-elblag.pl\/index.php?rest_route=\/wp\/v2\/posts\/3166\/revisions\/3167"}],"wp:featuredmedia":[{"embeddable":true,"href":"https:\/\/rafalk-elblag.pl\/index.php?rest_route=\/wp\/v2\/media\/2526"}],"wp:attachment":[{"href":"https:\/\/rafalk-elblag.pl\/index.php?rest_route=%2Fwp%2Fv2%2Fmedia&parent=3166"}],"wp:term":[{"taxonomy":"category","embeddable":true,"href":"https:\/\/rafalk-elblag.pl\/index.php?rest_route=%2Fwp%2Fv2%2Fcategories&post=3166"},{"taxonomy":"post_tag","embeddable":true,"href":"https:\/\/rafalk-elblag.pl\/index.php?rest_route=%2Fwp%2Fv2%2Ftags&post=3166"}],"curies":[{"name":"wp","href":"https:\/\/api.w.org\/{rel}","templated":true}]}}