{"id":3161,"date":"2018-07-01T15:00:19","date_gmt":"2018-07-01T15:00:19","guid":{"rendered":"http:\/\/rafalk-elblag.pl\/?p=3161"},"modified":"2018-07-01T15:00:19","modified_gmt":"2018-07-01T15:00:19","slug":"ogloszenia-parafialne-1-07-2018-r-xiii-niedziela-zwykla","status":"publish","type":"post","link":"https:\/\/rafalk-elblag.pl\/?p=3161","title":{"rendered":"OG\u0141OSZENIA PARAFIALNE 1.07.2018 R. \u2013 XIII NIEDZIELA ZWYK\u0141A"},"content":{"rendered":"<p><a href=\"http:\/\/rafalk-elblag.pl\/wp-content\/uploads\/2016\/12\/pulpit.jpg\"><img loading=\"lazy\" decoding=\"async\" class=\"alignnone size-large wp-image-2530\" src=\"http:\/\/rafalk-elblag.pl\/wp-content\/uploads\/2016\/12\/pulpit-1024x682.jpg\" alt=\"\" width=\"900\" height=\"599\" srcset=\"https:\/\/rafalk-elblag.pl\/wp-content\/uploads\/2016\/12\/pulpit-1024x682.jpg 1024w, https:\/\/rafalk-elblag.pl\/wp-content\/uploads\/2016\/12\/pulpit-300x200.jpg 300w, https:\/\/rafalk-elblag.pl\/wp-content\/uploads\/2016\/12\/pulpit-768x512.jpg 768w, https:\/\/rafalk-elblag.pl\/wp-content\/uploads\/2016\/12\/pulpit.jpg 1698w\" sizes=\"auto, (max-width: 900px) 100vw, 900px\" \/><\/a><\/p>\n<p>&nbsp;<\/p>\n<p>1. Zapraszamy dzi\u015b w I Niedziel\u0119 miesi\u0105ca na <strong>Adoracj\u0119 Naj\u015bwi\u0119tszego Sakramentu od godz. 15.00 do godz. 18.00. <\/strong>Rozpocznie si\u0119 Koronk\u0105 do Bo\u017cego Mi\u0142osierdzia.<\/p>\n<p><strong>&nbsp;<\/strong><\/p>\n<p><strong>2. Kancelaria parafialna, przez ca\u0142y okres wakacji, czynna b\u0119dzie w \u015brody i soboty po Mszy \u015bw. wieczorowej.<\/strong><\/p>\n<p>&nbsp;<\/p>\n<p><strong>3. Za tydzie\u0144 w niedziel\u0119 8 lipca o godz. 19:00 w parafii p.w. \u015awi\u0119tej Rodziny odb\u0119dzie si\u0119 spotkanie organizacyjne grupy pielgrzymkowej P\u00d3\u0141NOC \u2013 ELBL\u0104G. Zapraszamy do wsp\u00f3lnego pielgrzymowania do Cz\u0119stochowy w roku jubileuszu 25-lecia istnienia naszej parafii.<\/strong><\/p>\n<p>&nbsp;<\/p>\n<p>4. Dzisiejsza taca przeznaczona jest na sp\u0142at\u0119 kolejnej raty za wykonane \u0142awki d\u0119bowe do naszego Ko\u015bcio\u0142a.<em> B\u00f3g zap\u0142a\u0107 za zrozumienie i z\u0142o\u017cone ofiary.<\/em><\/p>\n<p>&nbsp;<\/p>\n<p>5. Od 7 lipca (sobota) do 15 lipca (niedziela) po Mszy \u015bwi\u0119tej wieczorowej odmawiana b\u0119dzie <strong>Nowenna przed \u015awi\u0119tem Matki Bo\u017cej Szkaplerznej (16 lipca). <\/strong>Zapraszamy wszystkich, a szczeg\u00f3lnie tych, kt\u00f3rzy przyj\u0119li szkaplerz karmelita\u0144ski i tworz\u0105 Rodzin\u0119 Karmelita\u0144sk\u0105 i Bractwo Szkaplerzne.<\/p>\n<p>&nbsp;<\/p>\n<p>6. W tym tygodniu przypada pierwszy czwartek, pi\u0105tek i sobota miesi\u0105ca.<\/p>\n<ul>\n<li><strong>w pierwszy czwartek miesi\u0105ca <\/strong>po Mszy \u015bw. o godz. 18.00 zapraszamy na Godzin\u0119 \u015awi\u0119t\u0105 \u2013 modlitw\u0119 w intencji powo\u0142a\u0144 z naszej parafii oraz o \u015bwi\u0119to\u015b\u0107 dla kap\u0142an\u00f3w,<\/li>\n<li><strong>w pierwszy pi\u0105tek miesi\u0105ca <\/strong>spowied\u017a i Adoracja Naj\u015bwi\u0119tszego Sakramentu od godz. 17.30. Zapraszamy wszystkich czcicieli Serca Pana Jezusa na Msz\u0119 \u015aw. wotywn\u0105 ku czci Naj\u015bwi\u0119tszego Serca Pana Jezusa o godz. 18.00.<\/li>\n<li><strong>w pierwsz\u0105 sobot\u0119,<\/strong> wyj\u0105tkowo o godz. 19.00, zapraszamy na <strong>NABO\u017bE\u0143STWO WYNAGRADZAJ\u0104CE ZA OBELGI PRZECIWKO BO\u017bEMU MACIERZY\u0143-STWU MARYI, <\/strong>w ramach nabo\u017ce\u0144stwa pierwszych pi\u0119ciu sob\u00f3t, o kt\u00f3re prosi\u0142a Matka Bo\u017ca w FATIMIE. <em>Tego dnia zmiana tajemnic dla \u017bywego R\u00f3\u017ca\u0144ca.<\/em><\/li>\n<\/ul>\n<p>&nbsp;<\/p>\n<p>7. Rekolekcje <strong>17-19 sierpnia 2018 <\/strong>r. w <strong>Hali Sportowo-Widowiskowej, w Elbl\u0105gu<\/strong> przy ul. Grunwaldzkiej 135.<strong>&#8222;Spragniony? Przyjd\u017a!&#8221;<\/strong> (J7.37b-38) &#8211; s\u0142owa te b\u0119d\u0105 nas prowadzi\u0142y przez <strong>rekolekcje ewangelizacyjne<\/strong> z modlitw\u0105 o uzdrowienie z udzia\u0142em <strong>ks. Johna Bashobory<\/strong> z Ugandy. <strong>Zapisy <\/strong>przyjmowane s\u0105 w <strong>salce <\/strong>przy<strong> Katedrze \u015bw. Miko\u0142aja <\/strong>w Elbl\u0105gu: w niedziel\u0119 w godz.: <strong>10:00-13:00 <\/strong>oraz na stronie www.rekolekcje-elblag.pl telefon kontaktowy:<strong> 606181748 <\/strong>lub<strong> 573956721 <\/strong>(w godz. 16:00-20:00)<strong>; <\/strong><strong>koszt <\/strong>trzydniowych <strong>rekolekcji:<\/strong> <strong>80 z\u0142 osoba doros\u0142a, m\u0142odzie\u017c 50 z\u0142.<\/strong><\/p>\n<p><strong>&nbsp;<\/strong><\/p>\n<p><strong>8. UWAGA OSOBY NOSZ\u0104CE SZKAPLERZ !!!<\/strong> W zakrystii mo\u017cna odebra\u0107 deklaracj\u0119 o przyst\u0105pieniu do Bractwa Szkaplerznego, kt\u00f3r\u0105 nale\u017cy wype\u0142ni\u0107 i przynie\u015b\u0107 do zakrystii.<\/p>\n<p><strong>&nbsp;<\/strong><\/p>\n<p><strong>9. Dzi\u0119kujemy za stosowny ubi\u00f3r w ko\u015bciele w okresie wakacji. Msza \u015bw. jest uroczyst\u0105 celebracj\u0105, kt\u00f3ra domaga si\u0119 swego pi\u0119kna, szacunku i najwy\u017cszej kultury.<\/strong><\/p>\n<p><strong>&nbsp;<\/strong><\/p>\n<p><strong>10. Lipiec jest miesi\u0105cem po\u015bwi\u0119conym kontemplacji Naj\u015bwi\u0119tszej Krwi Chrystusa. <\/strong>Krew Chrystusa jest niezbitym dowodem mi\u0142o\u015bci Niebieskiego Ojca do ka\u017cdego cz\u0142owieka bez wyj\u0105tku. <em>Zach\u0119cam Wsp\u00f3lnot\u0119 Krwi Chrystusa do prowadzenia modlitw przed Msz\u0105 \u015bw. wieczorow\u0105.<\/em><\/p>\n<p><em>&nbsp;<\/em><\/p>\n<p><em>11. Dzieciom i m\u0142odzie\u017cy \u017cyczymy udanych i bezpiecznych wakacji, polecaj\u0105c ich opiece Anio\u0142\u00f3w Str\u00f3\u017c\u00f3w. Szcz\u0119\u015b\u0107 Wam Bo\u017ce!<\/em><\/p>\n<p>&nbsp;<\/p>\n<p>12. Zach\u0119camy do &nbsp;prasy katolickiej: nowy numer \u201eGo\u015bcia Niedzielnego\u201d- 5 z\u0142.<\/p>\n<p>&nbsp;<\/p>\n<p style=\"text-align: center;\"><span style=\"color: #ff0000;\"><strong>OD 7 LIPCA NOWENNA PRZED UROCZYSTO\u015aCI\u0104 NAJ\u015aWI\u0118TSZEJ MARYI PANNY Z G\u00d3RY KARMEL<\/strong><\/span><\/p>\n<p style=\"text-align: center;\">&nbsp;<\/p>\n<p style=\"text-align: center;\">&nbsp;<\/p>\n","protected":false},"excerpt":{"rendered":"<p>&nbsp; 1. Zapraszamy dzi\u015b w I Niedziel\u0119 miesi\u0105ca na Adoracj\u0119 Naj\u015bwi\u0119tszego Sakramentu od godz. 15.00 do godz. 18.00. Rozpocznie si\u0119 Koronk\u0105 do Bo\u017cego Mi\u0142osierdzia. &nbsp; 2. Kancelaria parafialna, przez ca\u0142y okres wakacji, czynna b\u0119dzie w \u015brody i soboty po Mszy \u015bw. wieczorowej. &nbsp; 3. Za tydzie\u0144 w niedziel\u0119 8 lipca o godz. 19:00 w parafii [&hellip;]<\/p>\n","protected":false},"author":1,"featured_media":2530,"comment_status":"closed","ping_status":"closed","sticky":false,"template":"","format":"standard","meta":{"ngg_post_thumbnail":0,"footnotes":""},"categories":[11,8,3],"tags":[],"class_list":["post-3161","post","type-post","status-publish","format-standard","has-post-thumbnail","hentry","category-aktualnosci","category-blog","category-ogloszenia"],"_links":{"self":[{"href":"https:\/\/rafalk-elblag.pl\/index.php?rest_route=\/wp\/v2\/posts\/3161","targetHints":{"allow":["GET"]}}],"collection":[{"href":"https:\/\/rafalk-elblag.pl\/index.php?rest_route=\/wp\/v2\/posts"}],"about":[{"href":"https:\/\/rafalk-elblag.pl\/index.php?rest_route=\/wp\/v2\/types\/post"}],"author":[{"embeddable":true,"href":"https:\/\/rafalk-elblag.pl\/index.php?rest_route=\/wp\/v2\/users\/1"}],"replies":[{"embeddable":true,"href":"https:\/\/rafalk-elblag.pl\/index.php?rest_route=%2Fwp%2Fv2%2Fcomments&post=3161"}],"version-history":[{"count":1,"href":"https:\/\/rafalk-elblag.pl\/index.php?rest_route=\/wp\/v2\/posts\/3161\/revisions"}],"predecessor-version":[{"id":3162,"href":"https:\/\/rafalk-elblag.pl\/index.php?rest_route=\/wp\/v2\/posts\/3161\/revisions\/3162"}],"wp:featuredmedia":[{"embeddable":true,"href":"https:\/\/rafalk-elblag.pl\/index.php?rest_route=\/wp\/v2\/media\/2530"}],"wp:attachment":[{"href":"https:\/\/rafalk-elblag.pl\/index.php?rest_route=%2Fwp%2Fv2%2Fmedia&parent=3161"}],"wp:term":[{"taxonomy":"category","embeddable":true,"href":"https:\/\/rafalk-elblag.pl\/index.php?rest_route=%2Fwp%2Fv2%2Fcategories&post=3161"},{"taxonomy":"post_tag","embeddable":true,"href":"https:\/\/rafalk-elblag.pl\/index.php?rest_route=%2Fwp%2Fv2%2Ftags&post=3161"}],"curies":[{"name":"wp","href":"https:\/\/api.w.org\/{rel}","templated":true}]}}