{"id":3159,"date":"2018-07-01T14:53:40","date_gmt":"2018-07-01T14:53:40","guid":{"rendered":"http:\/\/rafalk-elblag.pl\/?p=3159"},"modified":"2018-07-01T14:53:40","modified_gmt":"2018-07-01T14:53:40","slug":"intencje-mszalne-na-xiii-tydzien-zwykly-2-07-8-07-2018","status":"publish","type":"post","link":"https:\/\/rafalk-elblag.pl\/?p=3159","title":{"rendered":"INTENCJE MSZALNE NA XIII TYDZIE\u0143 ZWYK\u0141Y (2.07. \u2013 8.07. 2018)"},"content":{"rendered":"<p><a href=\"http:\/\/rafalk-elblag.pl\/wp-content\/uploads\/2016\/12\/shutterstock_49643152-1000.jpg\"><img loading=\"lazy\" decoding=\"async\" class=\"alignnone size-full wp-image-2526\" src=\"http:\/\/rafalk-elblag.pl\/wp-content\/uploads\/2016\/12\/shutterstock_49643152-1000.jpg\" alt=\"\" width=\"1000\" height=\"665\" srcset=\"https:\/\/rafalk-elblag.pl\/wp-content\/uploads\/2016\/12\/shutterstock_49643152-1000.jpg 1000w, https:\/\/rafalk-elblag.pl\/wp-content\/uploads\/2016\/12\/shutterstock_49643152-1000-300x200.jpg 300w, https:\/\/rafalk-elblag.pl\/wp-content\/uploads\/2016\/12\/shutterstock_49643152-1000-768x511.jpg 768w\" sizes=\"auto, (max-width: 1000px) 100vw, 1000px\" \/><\/a><\/p>\n<p>&nbsp;<\/p>\n<table width=\"741\">\n<tbody>\n<tr>\n<td colspan=\"2\" width=\"583\"><strong>2 lipca&nbsp;&nbsp; PONIEDZIA\u0141EK<\/strong><\/td>\n<td width=\"159\"><strong><em>Mt 8, 18-22<\/em><\/strong><\/td>\n<\/tr>\n<tr>\n<td width=\"121\">8:00<\/td>\n<td colspan=\"2\" width=\"621\">O zdrowie duszy i cia\u0142a dla Miros\u0142awy (k)<\/td>\n<\/tr>\n<tr>\n<td width=\"121\">18:00<\/td>\n<td colspan=\"2\" width=\"621\">O Bo\u017ce b\u0142ogos\u0142awie\u0144stwo, opiek\u0119 Matki Bo\u017cej i wszelkie \u0142aski dla Jubilat\u00f3w Anny i Jacka<\/td>\n<\/tr>\n<\/tbody>\n<\/table>\n<p>&nbsp;<\/p>\n<p>&nbsp;<\/p>\n<table width=\"741\">\n<tbody>\n<tr>\n<td colspan=\"2\" width=\"583\"><strong>3 lipca&nbsp;&nbsp; <\/strong><strong>WTOREK<\/strong><\/p>\n<p><strong>\u015bwi\u0119to \u015bw. Tomasza [aposto\u0142a]<\/strong><\/td>\n<td width=\"159\"><strong><em>J 20, 24-29<\/em><\/strong><\/td>\n<\/tr>\n<tr>\n<td width=\"121\">8:00<\/td>\n<td colspan=\"2\" width=\"621\">\u015ap. Genowefa Kaczy\u0144ska w 1 rocz. \u015bmierci<\/td>\n<\/tr>\n<tr>\n<td width=\"121\">18:00<\/td>\n<td colspan=\"2\" width=\"621\">\u015ap. Krystyna Damnic w 15 rocz. \u015bmierci oraz zmarli rodzice i rodze\u0144stwo<\/td>\n<\/tr>\n<\/tbody>\n<\/table>\n<p>&nbsp;<\/p>\n<p>&nbsp;<\/p>\n<table width=\"741\">\n<tbody>\n<tr>\n<td colspan=\"2\" width=\"583\"><strong>4 lipca&nbsp;&nbsp; \u015aRODA<\/strong><\/td>\n<td width=\"159\"><strong><em>Mt 8, 28-34<\/em><\/strong><\/td>\n<\/tr>\n<tr>\n<td width=\"121\">8:00<\/td>\n<td colspan=\"2\" width=\"621\">\u015ap. Franciszek Demski, \u015bp. Zosia Frejlak oraz \u015bp. Maria i Dionizy Szersze\u0144<\/td>\n<\/tr>\n<tr>\n<td width=\"121\">17:30<\/td>\n<td colspan=\"2\" width=\"621\"><em>Nabo\u017ce\u0144stwo ku czci Matki Bo\u017cej Nieustaj\u0105cej Pomocy<\/em><\/td>\n<\/tr>\n<tr>\n<td width=\"121\"><strong>18:00<\/strong><\/td>\n<td colspan=\"2\" width=\"621\"><strong>W intencjach czcicieli Matki Bo\u017cej Nieustaj\u0105cej Pomocy<\/strong><\/td>\n<\/tr>\n<\/tbody>\n<\/table>\n<p>&nbsp;<\/p>\n<p>&nbsp;<\/p>\n<table width=\"741\">\n<tbody>\n<tr>\n<td colspan=\"2\" width=\"583\"><strong>5 lipca&nbsp; &nbsp;PIERWSZY CZWARTEK MIESI\u0104CA<\/strong><\/td>\n<td width=\"159\"><strong><em>Mt 9, 1-8<\/em><\/strong><\/td>\n<\/tr>\n<tr>\n<td width=\"121\">8:00<\/td>\n<td colspan=\"2\" width=\"621\">\u015ap. Genowefa Rze\u017anikiewicz w 30 dzie\u0144 po pogrzebie<\/td>\n<\/tr>\n<tr>\n<td width=\"121\">18:00<\/td>\n<td colspan=\"2\" width=\"621\">\u015ap. Jerzy Pepli\u0144ski w 6 rocz. \u015bmierci oraz zmarli z rodzin: Pepli\u0144skich, Ogierman, Wi\u015bniewskich, Piwowarczyk, Klonowskich i Dura\u0142<\/td>\n<\/tr>\n<tr>\n<td width=\"121\"><strong>18:45<\/strong><\/td>\n<td colspan=\"2\" width=\"621\"><strong>Godzina \u015awi\u0119ta \u2013 adoracja w intencji powo\u0142a\u0144<\/strong><\/td>\n<\/tr>\n<\/tbody>\n<\/table>\n<p>&nbsp;<\/p>\n<p>&nbsp;<\/p>\n<table width=\"741\">\n<tbody>\n<tr>\n<td colspan=\"2\" width=\"583\"><strong>6 lipca&nbsp;&nbsp; PIERWSZY PI\u0104TEK MIESI\u0104CA<\/strong><\/p>\n<p><strong>wsp. b\u0142. Marii Teresy Led\u00f3chowskiej<\/strong><\/td>\n<td width=\"159\"><strong><em>Mt 9, 9-13<\/em><\/strong><\/td>\n<\/tr>\n<tr>\n<td width=\"121\">8:00<\/td>\n<td colspan=\"2\" width=\"621\">Za zmar\u0142ych z rodzin: Polasik, Babi\u0144skich i krewnych<\/td>\n<\/tr>\n<tr>\n<td width=\"121\">18:00<\/td>\n<td colspan=\"2\" width=\"621\">\u015ap. Zdzis\u0142aw Borowski<\/td>\n<\/tr>\n<\/tbody>\n<\/table>\n<p>&nbsp;<\/p>\n<p>&nbsp;<\/p>\n<table width=\"741\">\n<tbody>\n<tr>\n<td colspan=\"2\" width=\"583\"><strong>7 lipca&nbsp;&nbsp; PIERWSZA SOBOTA MIESI\u0104CA<\/strong><\/td>\n<td width=\"159\"><strong><em>Mt 9, 14-17<\/em><\/strong><\/td>\n<\/tr>\n<tr>\n<td width=\"121\">8:00<\/td>\n<td colspan=\"2\" width=\"621\">O Bo\u017ce b\u0142ogos\u0142awie\u0144stwo i opiek\u0119 Matki Bo\u017cej dla Jadwigi<\/td>\n<\/tr>\n<tr>\n<td width=\"121\">16:00<\/td>\n<td colspan=\"2\" width=\"621\">Msza \u015awi\u0119ta \u015blubna: Katarzyna Go\u0142\u0119bieska \u2013 Pawe\u0142 Go\u0142\u0119bieski<\/td>\n<\/tr>\n<tr>\n<td width=\"121\">17:00<\/td>\n<td colspan=\"2\" width=\"621\">Msza \u015awi\u0119ta \u015blubna: Aleksandra Kazmierczuk \u2013 Marcin Dejewski<\/td>\n<\/tr>\n<tr>\n<td width=\"121\">18:00<\/td>\n<td colspan=\"2\" width=\"621\">Intencja VI R\u00f3\u017cy R\u00f3\u017ca\u0144cowej im. \u015bw. Jana Paw\u0142a II<\/td>\n<\/tr>\n<\/tbody>\n<\/table>\n<p>&nbsp;<\/p>\n<p>&nbsp;<\/p>\n<table width=\"741\">\n<tbody>\n<tr>\n<td colspan=\"2\" width=\"583\"><strong>8 lipca&nbsp;&nbsp; XIV NIEDZIELA ZWYK\u0141A<\/strong><\/td>\n<td width=\"159\"><strong><em>Mk 6, 1-6<\/em><\/strong><\/td>\n<\/tr>\n<tr>\n<td width=\"121\">7:00<\/td>\n<td colspan=\"2\" width=\"621\">\u015ap. Aleksandra (k) Radziszewska w 13 rocz. \u015bmierci<\/td>\n<\/tr>\n<tr>\n<td width=\"121\">9:00<\/td>\n<td colspan=\"2\" width=\"621\">O powr\u00f3t do zdrowia i pe\u0142nej sprawno\u015bci Agnieszki i s. Wiktorii oraz b\u0142ogos\u0142awie\u0144stwo dla wszystkich moich dzieci i ich bliskich<\/td>\n<\/tr>\n<tr>\n<td width=\"121\">10:30<\/td>\n<td colspan=\"2\" width=\"621\">\u015ap. rodzice: Wiktoria w 1 rocz. \u015bmierci oraz Bronis\u0142aw Janiccy i zmarli z rodzin Szcz\u0119snych i Janickich<\/td>\n<\/tr>\n<tr>\n<td width=\"121\"><strong>12:00<\/strong><\/td>\n<td colspan=\"2\" width=\"621\"><strong>Za parafian<\/strong><\/td>\n<\/tr>\n<tr>\n<td width=\"121\">18:00<\/td>\n<td colspan=\"2\" width=\"621\">\u015ap. Agnieszka Skowro\u0144ska w 4 rocz. \u015bmierci i \u015bp. Rafa\u0142 Skowro\u0144ski w 2 rocz. \u015bmierci<\/td>\n<\/tr>\n<\/tbody>\n<\/table>\n<p>&nbsp;<\/p>\n<p>&nbsp;<\/p>\n<p>&nbsp;<\/p>\n","protected":false},"excerpt":{"rendered":"<p>&nbsp; 2 lipca&nbsp;&nbsp; PONIEDZIA\u0141EK Mt 8, 18-22 8:00 O zdrowie duszy i cia\u0142a dla Miros\u0142awy (k) 18:00 O Bo\u017ce b\u0142ogos\u0142awie\u0144stwo, opiek\u0119 Matki Bo\u017cej i wszelkie \u0142aski dla Jubilat\u00f3w Anny i Jacka &nbsp; &nbsp; 3 lipca&nbsp;&nbsp; WTOREK \u015bwi\u0119to \u015bw. Tomasza [aposto\u0142a] J 20, 24-29 8:00 \u015ap. Genowefa Kaczy\u0144ska w 1 rocz. \u015bmierci 18:00 \u015ap. Krystyna Damnic [&hellip;]<\/p>\n","protected":false},"author":1,"featured_media":2526,"comment_status":"closed","ping_status":"closed","sticky":false,"template":"","format":"standard","meta":{"ngg_post_thumbnail":0,"footnotes":""},"categories":[11,8,4],"tags":[],"class_list":["post-3159","post","type-post","status-publish","format-standard","has-post-thumbnail","hentry","category-aktualnosci","category-blog","category-intencje"],"_links":{"self":[{"href":"https:\/\/rafalk-elblag.pl\/index.php?rest_route=\/wp\/v2\/posts\/3159","targetHints":{"allow":["GET"]}}],"collection":[{"href":"https:\/\/rafalk-elblag.pl\/index.php?rest_route=\/wp\/v2\/posts"}],"about":[{"href":"https:\/\/rafalk-elblag.pl\/index.php?rest_route=\/wp\/v2\/types\/post"}],"author":[{"embeddable":true,"href":"https:\/\/rafalk-elblag.pl\/index.php?rest_route=\/wp\/v2\/users\/1"}],"replies":[{"embeddable":true,"href":"https:\/\/rafalk-elblag.pl\/index.php?rest_route=%2Fwp%2Fv2%2Fcomments&post=3159"}],"version-history":[{"count":1,"href":"https:\/\/rafalk-elblag.pl\/index.php?rest_route=\/wp\/v2\/posts\/3159\/revisions"}],"predecessor-version":[{"id":3160,"href":"https:\/\/rafalk-elblag.pl\/index.php?rest_route=\/wp\/v2\/posts\/3159\/revisions\/3160"}],"wp:featuredmedia":[{"embeddable":true,"href":"https:\/\/rafalk-elblag.pl\/index.php?rest_route=\/wp\/v2\/media\/2526"}],"wp:attachment":[{"href":"https:\/\/rafalk-elblag.pl\/index.php?rest_route=%2Fwp%2Fv2%2Fmedia&parent=3159"}],"wp:term":[{"taxonomy":"category","embeddable":true,"href":"https:\/\/rafalk-elblag.pl\/index.php?rest_route=%2Fwp%2Fv2%2Fcategories&post=3159"},{"taxonomy":"post_tag","embeddable":true,"href":"https:\/\/rafalk-elblag.pl\/index.php?rest_route=%2Fwp%2Fv2%2Ftags&post=3159"}],"curies":[{"name":"wp","href":"https:\/\/api.w.org\/{rel}","templated":true}]}}