{"id":3157,"date":"2018-06-25T11:46:03","date_gmt":"2018-06-25T11:46:03","guid":{"rendered":"http:\/\/rafalk-elblag.pl\/?p=3157"},"modified":"2018-06-25T11:46:03","modified_gmt":"2018-06-25T11:46:03","slug":"ogloszenia-parafialne-24-06-2018-r-uroczystosc-narodzenia-sw-jana-chrzciciela","status":"publish","type":"post","link":"https:\/\/rafalk-elblag.pl\/?p=3157","title":{"rendered":"OG\u0141OSZENIA PARAFIALNE 24.06.2018 R. \u2013 UROCZYSTO\u015a\u0106 NARODZENIA \u015aW. JANA CHRZCICIELA"},"content":{"rendered":"<p><a href=\"http:\/\/rafalk-elblag.pl\/wp-content\/uploads\/2016\/12\/pulpit.jpg\"><img loading=\"lazy\" decoding=\"async\" class=\"alignnone size-large wp-image-2530\" src=\"http:\/\/rafalk-elblag.pl\/wp-content\/uploads\/2016\/12\/pulpit-1024x682.jpg\" alt=\"\" width=\"900\" height=\"599\" srcset=\"https:\/\/rafalk-elblag.pl\/wp-content\/uploads\/2016\/12\/pulpit-1024x682.jpg 1024w, https:\/\/rafalk-elblag.pl\/wp-content\/uploads\/2016\/12\/pulpit-300x200.jpg 300w, https:\/\/rafalk-elblag.pl\/wp-content\/uploads\/2016\/12\/pulpit-768x512.jpg 768w, https:\/\/rafalk-elblag.pl\/wp-content\/uploads\/2016\/12\/pulpit.jpg 1698w\" sizes=\"auto, (max-width: 900px) 100vw, 900px\" \/><\/a><\/p>\n<p>&nbsp;<\/p>\n<p><strong>1. SREBRNY JUBILEUSZ KAP\u0141A\u0143STWA KS. KAN. PIOTRA BRYKA. <\/strong>Dzisiaj na Mszy \u015bw. o godz. 18.00 b\u0119dziemy obchodzi\u0107 25 \u2013lecie kap\u0142a\u0144stwa ks. kan. Piotra Bryka, kt\u00f3ry od wielu lat pomaga w naszej parafii. Niech wsp\u00f3lna modlitwa b\u0119dzie wyrazem naszej wdzi\u0119czno\u015bci za pos\u0142ug\u0119 kap\u0142a\u0144sk\u0105 ks. Piotra po\u015br\u00f3d nas.<strong> Serdecznie zapraszamy.<\/strong><\/p>\n<p><strong>&nbsp;<\/strong><\/p>\n<p><strong>2. Przed nami ostatnie dni czerwca, <\/strong>tym bardziej zapraszamy dzieci, m\u0142odzie\u017c i doros\u0142ych do udzia\u0142u w nabo\u017ce\u0144stwach ku czci Naj\u015bwi\u0119tszego Serca Pana Jezusa, odprawianych o godz. 17.30. <em>CZY BY\u0141E\u015a &#8211; CZY POMY\u015aLA\u0141E\u015a O TYM SPOTKANIU?<\/em><\/p>\n<p>&nbsp;<\/p>\n<p>3. W pi\u0105tek przypada <strong>Uroczysto\u015b\u0107 \u015awi\u0119tych Aposto\u0142\u00f3w Piotra i Paw\u0142a<\/strong>, a zarazem imieniny ks. kan. Piotra Bryka i pana Piotra Zbierzchowskiego \u2013 organisty. Pami\u0119tajmy w modlitwie o czcigodnych solenizantach. <em>Taca z tego dnia przeznaczona jest na potrzeby Stolicy Apostolskiej. <strong>UWAGA !!!<\/strong> W tym dniu z racji powy\u017cszej UROCZYSTO\u015aCI nie obowi\u0105zuje nas wstrzemi\u0119\u017aliwo\u015b\u0107 od pokarm\u00f3w mi\u0119snych, czyli post. <\/em><\/p>\n<p><strong>&nbsp;<\/strong><\/p>\n<p><strong>4. Trwaj\u0105 zapisy na wyjazd do Gietrzwa\u0142du na \u201eDZIE\u0143 POKUTNY\u201d w sobot\u0119 30 CZERWCA 2018 ROKU prze\u017cywany pod has\u0142em <\/strong><em>\u201eOd wolno\u015bci wewn\u0119trznej do wolno\u015bci zewn\u0119trznej\u201d.<\/em> Wyjazd z naszej parafii tego dnia o godz. 7:00. <em>Koszt 25 z\u0142<\/em>. Zapisy w zakrystii. <u>W 100-lecie Odzyskania Niepodleg\u0142o\u015bci przez Polsk\u0119 zapraszamy do wsp\u00f3lnej modlitwy w miejscu Objawie\u0144 Matki Bo\u017cej.<\/u><\/p>\n<p><strong>&nbsp;<\/strong><\/p>\n<p><strong>5. Od 25 maja br.<\/strong><strong><em> w pa\u0144stwach unijnych, obowi\u0105zuje rozporz\u0105dzenie o ochronie danych osobowych, dotyczy to wszystkich instytucji publicznych, a tak\u017ce Ko\u015bcio\u0142a<\/em><\/strong><em>. W zwi\u0105zku z tym, w kancelariach parafialnych przy za\u0142atwianiu r\u00f3\u017cnych spraw i pr\u00f3\u015bb zosta\u0142y wprowadzone pewne wymogi, kt\u00f3rych nie by\u0142o dotychczas. O tym, kto i w jakich okoliczno\u015bciach mo\u017ce uzyska\u0107 r\u00f3\u017cnego rodzaju: metryki, \u015bwiadectwa, za\u015bwiadczenia, pozwolenia i inne dokumenty mo\u017cna przeczyta\u0107 w informacji na tablicy og\u0142osze\u0144. <u>Prosimy o zapoznanie si\u0119 z tymi informacjami, bo to pomo\u017ce nam zrozumie\u0107, dlaczego nie wszyscy mog\u0105 uzyska\u0107 jakiego\u015b dokumentu ko\u015bcielnego w kt\u00f3rym ujawniane s\u0105 dane osobowe.<\/u><\/em><\/p>\n<p><strong>&nbsp;<\/strong><\/p>\n<p><strong>6. Kancelaria parafialna, przez ca\u0142y okres wakacji, czynna b\u0119dzie w \u015brody i soboty po Mszy \u015bw. wieczorowej.<\/strong><\/p>\n<p>&nbsp;<\/p>\n<p>7. W przysz\u0142\u0105 niedziel\u0119 (1 lipca) taca inwestycyjna przeznaczona jest sp\u0142at\u0119 kolejnej raty za wykonane \u0142awki d\u0119bowe do naszego Ko\u015bcio\u0142a.<em> B\u00f3g zap\u0142a\u0107 za zrozumienie i z\u0142o\u017cone ofiary.<\/em><\/p>\n<p><strong>&nbsp;<\/strong><\/p>\n<p><strong>8. W dniu dzisiejszym nasz kleryk Micha\u0142 Semeniuk rozprowadza za dobrowoln\u0105 ofiar\u0105 \u201eMY\u015aLNIK KLERYCKI\u201d \u2013 <\/strong>Pismo Alumn\u00f3w Wy\u017cszego Seminarium Duchownego Diecezji Elbl\u0105skiej. Zach\u0119camy do lektury i wsparcia dzie\u0142a naszych kleryk\u00f3w. <em>Pro\u015bmy tak\u017ce szczeg\u00f3lnie w tym wakacyjnym czasie o nowe, liczne i \u015bwi\u0119te powo\u0142ania do naszego Seminarium!<\/em><\/p>\n<p><strong>&nbsp;<\/strong><\/p>\n<p><strong>9. Lipiec jest miesi\u0105cem po\u015bwi\u0119conym kontemplacji Naj\u015bwi\u0119tszej Krwi Chrystusa. <\/strong>Krew Chrystusa jest niezbitym dowodem mi\u0142o\u015bci Niebieskiego Ojca do ka\u017cdego cz\u0142owieka bez wyj\u0105tku. <em>Zach\u0119cam Wsp\u00f3lnot\u0119 Krwi Chrystusa do prowadzenia modlitw przed Msz\u0105 \u015bw. wieczorow\u0105 o godz. 17.30.<\/em><\/p>\n<p><em>&nbsp;<\/em><\/p>\n<p><em>10. Dzieciom i m\u0142odzie\u017cy \u017cyczymy udanych i bezpiecznych wakacji, polecaj\u0105c ich opiece Anio\u0142\u00f3w Str\u00f3\u017c\u00f3w. Szcz\u0119\u015b\u0107 Wam Bo\u017ce.<\/em><\/p>\n<p>&nbsp;<\/p>\n<p>11. Zach\u0119camy do &nbsp;prasy katolickiej: nowy numer \u201eGo\u015bcia Niedzielnego\u201d- 5 z\u0142.<\/p>\n<p><strong><em>&nbsp;<\/em><\/strong><\/p>\n<p><strong><em>12. Kochani \u2013 nast\u0119pny numer Biuletynu Parafialnego uka\u017ce si\u0119 we wrze\u015bniu<\/em><\/strong><strong><em>.<\/em><\/strong><\/p>\n<p>&nbsp;<\/p>\n<p>&nbsp;<\/p>\n<table>\n<tbody>\n<tr>\n<td width=\"690\">\n<p style=\"text-align: center;\"><span style=\"color: #339966;\"><strong>Numer Konta Parafialnego<\/strong><\/span><\/p>\n<p style=\"text-align: center;\"><span style=\"color: #339966;\"><strong>PKO BP 72 1020 1752 0000 0102 0069 6047<\/strong><\/span><\/p>\n<\/td>\n<\/tr>\n<\/tbody>\n<\/table>\n<p>&nbsp;<\/p>\n<p>&nbsp;<\/p>\n<p>&nbsp;<\/p>\n","protected":false},"excerpt":{"rendered":"<p>&nbsp; 1. SREBRNY JUBILEUSZ KAP\u0141A\u0143STWA KS. KAN. PIOTRA BRYKA. Dzisiaj na Mszy \u015bw. o godz. 18.00 b\u0119dziemy obchodzi\u0107 25 \u2013lecie kap\u0142a\u0144stwa ks. kan. Piotra Bryka, kt\u00f3ry od wielu lat pomaga w naszej parafii. Niech wsp\u00f3lna modlitwa b\u0119dzie wyrazem naszej wdzi\u0119czno\u015bci za pos\u0142ug\u0119 kap\u0142a\u0144sk\u0105 ks. Piotra po\u015br\u00f3d nas. Serdecznie zapraszamy. &nbsp; 2. Przed nami ostatnie dni [&hellip;]<\/p>\n","protected":false},"author":1,"featured_media":2530,"comment_status":"closed","ping_status":"closed","sticky":false,"template":"","format":"standard","meta":{"ngg_post_thumbnail":0,"footnotes":""},"categories":[11,8,3],"tags":[],"class_list":["post-3157","post","type-post","status-publish","format-standard","has-post-thumbnail","hentry","category-aktualnosci","category-blog","category-ogloszenia"],"_links":{"self":[{"href":"https:\/\/rafalk-elblag.pl\/index.php?rest_route=\/wp\/v2\/posts\/3157","targetHints":{"allow":["GET"]}}],"collection":[{"href":"https:\/\/rafalk-elblag.pl\/index.php?rest_route=\/wp\/v2\/posts"}],"about":[{"href":"https:\/\/rafalk-elblag.pl\/index.php?rest_route=\/wp\/v2\/types\/post"}],"author":[{"embeddable":true,"href":"https:\/\/rafalk-elblag.pl\/index.php?rest_route=\/wp\/v2\/users\/1"}],"replies":[{"embeddable":true,"href":"https:\/\/rafalk-elblag.pl\/index.php?rest_route=%2Fwp%2Fv2%2Fcomments&post=3157"}],"version-history":[{"count":1,"href":"https:\/\/rafalk-elblag.pl\/index.php?rest_route=\/wp\/v2\/posts\/3157\/revisions"}],"predecessor-version":[{"id":3158,"href":"https:\/\/rafalk-elblag.pl\/index.php?rest_route=\/wp\/v2\/posts\/3157\/revisions\/3158"}],"wp:featuredmedia":[{"embeddable":true,"href":"https:\/\/rafalk-elblag.pl\/index.php?rest_route=\/wp\/v2\/media\/2530"}],"wp:attachment":[{"href":"https:\/\/rafalk-elblag.pl\/index.php?rest_route=%2Fwp%2Fv2%2Fmedia&parent=3157"}],"wp:term":[{"taxonomy":"category","embeddable":true,"href":"https:\/\/rafalk-elblag.pl\/index.php?rest_route=%2Fwp%2Fv2%2Fcategories&post=3157"},{"taxonomy":"post_tag","embeddable":true,"href":"https:\/\/rafalk-elblag.pl\/index.php?rest_route=%2Fwp%2Fv2%2Ftags&post=3157"}],"curies":[{"name":"wp","href":"https:\/\/api.w.org\/{rel}","templated":true}]}}