{"id":3155,"date":"2018-06-25T11:41:56","date_gmt":"2018-06-25T11:41:56","guid":{"rendered":"http:\/\/rafalk-elblag.pl\/?p=3155"},"modified":"2018-06-25T11:41:56","modified_gmt":"2018-06-25T11:41:56","slug":"intencje-mszalne-na-xii-tydzien-zwykly-25-06-1-07-2018","status":"publish","type":"post","link":"https:\/\/rafalk-elblag.pl\/?p=3155","title":{"rendered":"INTENCJE MSZALNE NA XII TYDZIE\u0143 ZWYK\u0141Y (25.06. \u2013 1.07. 2018)"},"content":{"rendered":"<p><a href=\"http:\/\/rafalk-elblag.pl\/wp-content\/uploads\/2016\/12\/shutterstock_49643152-1000.jpg\"><img loading=\"lazy\" decoding=\"async\" class=\"alignnone size-full wp-image-2526\" src=\"http:\/\/rafalk-elblag.pl\/wp-content\/uploads\/2016\/12\/shutterstock_49643152-1000.jpg\" alt=\"\" width=\"1000\" height=\"665\" srcset=\"https:\/\/rafalk-elblag.pl\/wp-content\/uploads\/2016\/12\/shutterstock_49643152-1000.jpg 1000w, https:\/\/rafalk-elblag.pl\/wp-content\/uploads\/2016\/12\/shutterstock_49643152-1000-300x200.jpg 300w, https:\/\/rafalk-elblag.pl\/wp-content\/uploads\/2016\/12\/shutterstock_49643152-1000-768x511.jpg 768w\" sizes=\"auto, (max-width: 1000px) 100vw, 1000px\" \/><\/a><\/p>\n<p>&nbsp;<\/p>\n<table width=\"726\">\n<tbody>\n<tr>\n<td colspan=\"2\" width=\"593\"><strong>25 czerwca&nbsp;&nbsp; PONIEDZIA\u0141EK<\/strong><\/p>\n<p><strong>wsp. b\u0142. Doroty z M\u0105t\u00f3w \u2013 patronki kobiet, matek i diecezji elbl\u0105skiej<\/strong><\/td>\n<td width=\"133\"><strong><em>Mt 7, 1-5<\/em><\/strong><\/td>\n<\/tr>\n<tr>\n<td width=\"87\">8:00<\/td>\n<td colspan=\"2\" width=\"639\">\u015bp. Stanis\u0142awa (k) i J\u00f3zef Filar, \u015bp. Stefania i Kazimierz Kubaccy<\/td>\n<\/tr>\n<tr>\n<td width=\"87\">18:00<\/td>\n<td colspan=\"2\" width=\"639\">\u015bp. Janina i Stefan Walko, \u015bp. Jan Walko, \u015bp. Janina i Jan Zaleszczenko<\/td>\n<\/tr>\n<tr>\n<td width=\"87\">18:00<\/td>\n<td colspan=\"2\" width=\"639\">\u015bp. Feliksa Siekierka w 30 dzie\u0144 po pogrzebie<\/td>\n<\/tr>\n<\/tbody>\n<\/table>\n<p>&nbsp;<\/p>\n<p>&nbsp;<\/p>\n<table width=\"726\">\n<tbody>\n<tr>\n<td colspan=\"2\" width=\"593\"><strong>26 czerwca&nbsp;&nbsp; <\/strong><strong>WTOREK<\/strong><\/td>\n<td width=\"133\"><strong><em>Mt 7, 6. 12-14<\/em><\/strong><\/td>\n<\/tr>\n<tr>\n<td width=\"87\">8:00<\/td>\n<td colspan=\"2\" width=\"639\">Dzi\u0119kczynna za osoby modl\u0105ce si\u0119 w Margaretce za ks. Grzegorza Wal\u0119<\/td>\n<\/tr>\n<tr>\n<td width=\"87\">8:00<\/td>\n<td colspan=\"2\" width=\"639\">\u015bp. rodzice: Jan i Cecylia Przeradzccyoraz zmarli z rodz.: Hochleitner\u00f3w<br \/>\ni Fija\u0142kowskich, \u015bp. W\u0142adys\u0142aw Lewandowski, \u015bp. Jan Ostrowski<\/td>\n<\/tr>\n<tr>\n<td width=\"87\">18:00<\/td>\n<td colspan=\"2\" width=\"639\">\u015bp. Adam i Stanis\u0142aw (m) Tomkiewicz oraz zmarli rodzice, rodze\u0144stwo<br \/>\ni dziadkowie<\/td>\n<\/tr>\n<\/tbody>\n<\/table>\n<p>&nbsp;<\/p>\n<p>&nbsp;<\/p>\n<table width=\"726\">\n<tbody>\n<tr>\n<td colspan=\"2\" width=\"593\"><strong>27 czerwca&nbsp;&nbsp; \u015aRODA<\/strong><\/p>\n<p><strong>wsp. Matki Bo\u017cej Nieustaj\u0105cej Pomocy<\/strong><\/td>\n<td width=\"133\"><strong><em>Mt 7, 15-20<\/em><\/strong><\/td>\n<\/tr>\n<tr>\n<td width=\"87\">8:00<\/td>\n<td colspan=\"2\" width=\"639\">Dzi\u0119kczynna w 56 urodziny Doroty z pro\u015bb\u0105 o zdrowie i Bo\u017ce b\u0142ogos\u0142awie\u0144stwo oraz potrzebne \u0142aski<\/td>\n<\/tr>\n<tr>\n<td width=\"87\"><strong>18:00<\/strong><\/td>\n<td colspan=\"2\" width=\"639\"><strong>W intencjach czcicieli Matki Bo\u017cej Nieustaj\u0105cej Pomocy<\/strong><\/td>\n<\/tr>\n<\/tbody>\n<\/table>\n<p>&nbsp;<\/p>\n<p>&nbsp;<\/p>\n<table width=\"726\">\n<tbody>\n<tr>\n<td colspan=\"2\" width=\"593\"><strong>28 czerwca&nbsp; &nbsp;CZWARTEK<\/strong><\/p>\n<p><strong>wsp. \u015bw. Ireneusza<\/strong><\/td>\n<td width=\"133\"><strong><em>Mt 7, 21-29<\/em><\/strong><\/td>\n<\/tr>\n<tr>\n<td width=\"87\">8:00<\/td>\n<td colspan=\"2\" width=\"639\">Dzi\u0119kczynna za 40 lat \u017cycia Moniki z pro\u015bb\u0105 o dary Ducha \u015awi\u0119tego i \u017cycie<br \/>\nw \u015bwi\u0119to\u015bci<\/td>\n<\/tr>\n<tr>\n<td width=\"87\">18:00<\/td>\n<td colspan=\"2\" width=\"639\">\u015bp. W\u0142adys\u0142aw Waszak w 6 rocz. \u015bmierci (z okazji dnia ojca) oraz za zmar\u0142ych z rodziny<\/td>\n<\/tr>\n<\/tbody>\n<\/table>\n<p>&nbsp;<\/p>\n<p>&nbsp;<\/p>\n<table width=\"726\">\n<tbody>\n<tr>\n<td colspan=\"2\" width=\"593\"><strong>29 czerwca&nbsp;&nbsp; PI\u0104TEK<\/strong><\/p>\n<p><strong>uroczysto\u015b\u0107 \u015bwi\u0119tych Aposto\u0142\u00f3w Piotra i Paw\u0142a<\/strong><\/td>\n<td width=\"133\"><strong><em>Mt 16, 13-19<\/em><\/strong><\/td>\n<\/tr>\n<tr>\n<td width=\"87\">8:00<\/td>\n<td colspan=\"2\" width=\"639\">Dzi\u0119kczynna w 65 urodziny Zdzis\u0142awa z pro\u015bb\u0105 o Bo\u017ce b\u0142ogos\u0142awie\u0144stwo<br \/>\ni potrzebne \u0142aski<\/td>\n<\/tr>\n<tr>\n<td width=\"87\">18:00<\/td>\n<td colspan=\"2\" width=\"639\">Dzi\u0119kczynna w 50 rocz. \u015blubu Marii i Antoniego Pazdyka z pro\u015bb\u0105 o Bo\u017ce b\u0142ogos\u0142awie\u0144stwo, potrzebne \u0142aski i opiek\u0119 Matki Bo\u017cej dla z\u0142otych Jubilat\u00f3w<\/td>\n<\/tr>\n<\/tbody>\n<\/table>\n<p>&nbsp;<\/p>\n<p>&nbsp;<\/p>\n<table width=\"726\">\n<tbody>\n<tr>\n<td colspan=\"2\" width=\"593\"><strong>30 czerwca&nbsp;&nbsp; SOBOTA<\/strong><\/td>\n<td width=\"133\"><strong><em>Mt 8, 5-17<\/em><\/strong><\/td>\n<\/tr>\n<tr>\n<td width=\"87\">8:00<\/td>\n<td colspan=\"2\" width=\"639\">Dzi\u0119kczynna za dar \u017cycia z pro\u015bb\u0105 o przemian\u0119 serca i \u0142ask\u0119 wiary dla Sebastiana<\/td>\n<\/tr>\n<tr>\n<td width=\"87\">16:00<\/td>\n<td colspan=\"2\" width=\"639\">Msza \u015awi\u0119ta \u015blubna: \u0141ucja Ka\u0142du\u0144ska \u2013 Wojciech Borejko<\/td>\n<\/tr>\n<tr>\n<td width=\"87\">18:00<\/td>\n<td colspan=\"2\" width=\"639\">\u015bp. rodzice Irena i Czes\u0142aw Nowakowscy<\/td>\n<\/tr>\n<\/tbody>\n<\/table>\n<p>&nbsp;<\/p>\n<p>&nbsp;<\/p>\n<table width=\"726\">\n<tbody>\n<tr>\n<td colspan=\"2\" width=\"593\"><strong>1 lipca&nbsp;&nbsp; XIII NIEDZIELA ZWYK\u0141A<\/strong><\/td>\n<td width=\"133\"><strong><em>Mk 5, 21-43<\/em><\/strong><\/td>\n<\/tr>\n<tr>\n<td width=\"87\">7:00<\/td>\n<td colspan=\"2\" width=\"639\">Dzi\u0119kczynna za mianowanie abpa Konrada Krajewskiego kardyna\u0142em, z pro\u015bb\u0105 o dary Ducha \u015awi\u0119tego, opiek\u0119 Matki Bo\u017cej i Bo\u017ce b\u0142ogos\u0142awie\u0144stwo w dalszej pos\u0142udze w\u015br\u00f3d najbardziej potrzebuj\u0105cych, chorych i bezdomnych<\/td>\n<\/tr>\n<tr>\n<td width=\"87\">9:00<\/td>\n<td colspan=\"2\" width=\"639\">O Bo\u017ce prowadzenie i b\u0142ogos\u0142awie\u0144stwo w \u017cyciu kap\u0142a\u0144skim, potrzebne \u0142aski, dary Ducha \u015awi\u0119tego, opiek\u0119 Maryi i \u015bw. Grzegorza dla ks. Grzegorza Wali w rocznic\u0119 urodzin \u2013 intencja od Margaretki<\/td>\n<\/tr>\n<tr>\n<td width=\"87\">10:30<\/td>\n<td colspan=\"2\" width=\"639\">\u015bp. Zygfryd Dobrzeniecki w 3 rocz. \u015bmierci<\/td>\n<\/tr>\n<tr>\n<td width=\"87\"><strong>12:00<\/strong><\/td>\n<td colspan=\"2\" width=\"639\"><strong>Za parafian<\/strong><\/td>\n<\/tr>\n<tr>\n<td width=\"87\">18:00<\/td>\n<td colspan=\"2\" width=\"639\">O pomy\u015bln\u0105 operacj\u0119 i powr\u00f3t do zdrowia dla siostry Teresy<\/td>\n<\/tr>\n<\/tbody>\n<\/table>\n<p>&nbsp;<\/p>\n<p>&nbsp;<\/p>\n<p>&nbsp;<\/p>\n","protected":false},"excerpt":{"rendered":"<p>&nbsp; 25 czerwca&nbsp;&nbsp; PONIEDZIA\u0141EK wsp. b\u0142. Doroty z M\u0105t\u00f3w \u2013 patronki kobiet, matek i diecezji elbl\u0105skiej Mt 7, 1-5 8:00 \u015bp. Stanis\u0142awa (k) i J\u00f3zef Filar, \u015bp. Stefania i Kazimierz Kubaccy 18:00 \u015bp. Janina i Stefan Walko, \u015bp. Jan Walko, \u015bp. Janina i Jan Zaleszczenko 18:00 \u015bp. Feliksa Siekierka w 30 dzie\u0144 po pogrzebie &nbsp; [&hellip;]<\/p>\n","protected":false},"author":1,"featured_media":2526,"comment_status":"closed","ping_status":"closed","sticky":false,"template":"","format":"standard","meta":{"ngg_post_thumbnail":0,"footnotes":""},"categories":[11,8,4],"tags":[],"class_list":["post-3155","post","type-post","status-publish","format-standard","has-post-thumbnail","hentry","category-aktualnosci","category-blog","category-intencje"],"_links":{"self":[{"href":"https:\/\/rafalk-elblag.pl\/index.php?rest_route=\/wp\/v2\/posts\/3155","targetHints":{"allow":["GET"]}}],"collection":[{"href":"https:\/\/rafalk-elblag.pl\/index.php?rest_route=\/wp\/v2\/posts"}],"about":[{"href":"https:\/\/rafalk-elblag.pl\/index.php?rest_route=\/wp\/v2\/types\/post"}],"author":[{"embeddable":true,"href":"https:\/\/rafalk-elblag.pl\/index.php?rest_route=\/wp\/v2\/users\/1"}],"replies":[{"embeddable":true,"href":"https:\/\/rafalk-elblag.pl\/index.php?rest_route=%2Fwp%2Fv2%2Fcomments&post=3155"}],"version-history":[{"count":1,"href":"https:\/\/rafalk-elblag.pl\/index.php?rest_route=\/wp\/v2\/posts\/3155\/revisions"}],"predecessor-version":[{"id":3156,"href":"https:\/\/rafalk-elblag.pl\/index.php?rest_route=\/wp\/v2\/posts\/3155\/revisions\/3156"}],"wp:featuredmedia":[{"embeddable":true,"href":"https:\/\/rafalk-elblag.pl\/index.php?rest_route=\/wp\/v2\/media\/2526"}],"wp:attachment":[{"href":"https:\/\/rafalk-elblag.pl\/index.php?rest_route=%2Fwp%2Fv2%2Fmedia&parent=3155"}],"wp:term":[{"taxonomy":"category","embeddable":true,"href":"https:\/\/rafalk-elblag.pl\/index.php?rest_route=%2Fwp%2Fv2%2Fcategories&post=3155"},{"taxonomy":"post_tag","embeddable":true,"href":"https:\/\/rafalk-elblag.pl\/index.php?rest_route=%2Fwp%2Fv2%2Ftags&post=3155"}],"curies":[{"name":"wp","href":"https:\/\/api.w.org\/{rel}","templated":true}]}}