{"id":3152,"date":"2018-06-15T08:28:19","date_gmt":"2018-06-15T08:28:19","guid":{"rendered":"http:\/\/rafalk-elblag.pl\/?p=3152"},"modified":"2018-06-15T08:28:19","modified_gmt":"2018-06-15T08:28:19","slug":"ogloszenia-parafialne-17-06-2018-r-xi-niedziela-zwykla","status":"publish","type":"post","link":"https:\/\/rafalk-elblag.pl\/?p=3152","title":{"rendered":"OG\u0141OSZENIA PARAFIALNE 17.06.2018 R. \u2013 XI NIEDZIELA ZWYK\u0141A"},"content":{"rendered":"<p><a href=\"http:\/\/rafalk-elblag.pl\/wp-content\/uploads\/2016\/12\/pulpit.jpg\"><img loading=\"lazy\" decoding=\"async\" class=\"alignnone size-large wp-image-2530\" src=\"http:\/\/rafalk-elblag.pl\/wp-content\/uploads\/2016\/12\/pulpit-1024x682.jpg\" alt=\"\" width=\"900\" height=\"599\" srcset=\"https:\/\/rafalk-elblag.pl\/wp-content\/uploads\/2016\/12\/pulpit-1024x682.jpg 1024w, https:\/\/rafalk-elblag.pl\/wp-content\/uploads\/2016\/12\/pulpit-300x200.jpg 300w, https:\/\/rafalk-elblag.pl\/wp-content\/uploads\/2016\/12\/pulpit-768x512.jpg 768w, https:\/\/rafalk-elblag.pl\/wp-content\/uploads\/2016\/12\/pulpit.jpg 1698w\" sizes=\"auto, (max-width: 900px) 100vw, 900px\" \/><\/a><\/p>\n<p>&nbsp;<\/p>\n<p>1. Jutro, w poniedzia\u0142ek o godz. 10.30 zapraszamy dzieci z Przedszkola nr 24 i dzieci z zer\u00f3wki wraz z rodzicami lub opiekunami na nabo\u017ce\u0144stwo i b\u0142ogos\u0142awie\u0144stwo udzielone na czas wakacji. <em>W czasie tego spotkania nast\u0105pi wr\u0119czenie dyplomik\u00f3w.<\/em><\/p>\n<p>&nbsp;<\/p>\n<p><strong>2. DZIE\u0143 POKUTNY GIETRZWA\u0141D 30 CZERWCA (sobota) 2018 ROKU. Has\u0142o: <\/strong><em>\u201eOd wolno\u015bci wewn\u0119trznej do wolno\u015bci zewn\u0119trznej\u201d.<\/em> Wyjazd z naszej parafii tego dnia o godz. 7:00 <em>Koszt 25 z\u0142<\/em>. Zapisy w zakrystii. <u>W 100-lecie Odzyskania Niepodleg\u0142o\u015bci przez Polsk\u0119 zapraszamy do wsp\u00f3lnej modlitwy w miejscu Objawie\u0144 Matki Bo\u017cej.<\/u><\/p>\n<p><u>&nbsp;<\/u><\/p>\n<p>3. W ROKU 25-lecia powstania naszej parafii trwamy na <strong>NOWENNIE przygotowuj\u0105cej nas do uroczystego prze\u017cycia tego JUBILEUSZU<\/strong>. <strong>Tym razem przyjedzie do nas <u>ks. Adrian Wo\u017aniak Proboszcz parafii w My\u015blicach<\/u> ze S\u0142owem Bo\u017cym i wspomnieniami prze\u017cytych w tej parafii 3 lat.<\/strong> Zapraszam gor\u0105co do w\u0142\u0105czenia si\u0119 w t\u0105 szczeg\u00f3ln\u0105 <strong>NOWENN\u0118.<\/strong> <em>Przypominam 20 czerwca (\u015broda) godz. 18:00. Licz\u0119 na Wasz\u0105 obecno\u015b\u0107.<\/em><\/p>\n<p><em>&nbsp;<\/em><\/p>\n<p><strong>4. Uroczyste zako\u0144czenie ROKU SZKOLNEGO 2017\/2018: <\/strong>dla Szko\u0142y Podstawowej nr 11 oraz dla Gimnazjum nr 4 <strong>w czwartek na Mszy \u015bw. o godz. 8.30<\/strong>. Zapraszamy dzieci, m\u0142odzie\u017c, nauczycieli i parafian do udzia\u0142u we wsp\u00f3lnej modlitwie, zako\u0144czonej b\u0142ogos\u0142awie\u0144stwem na wakacje. <strong><em>Zach\u0119camy dzieci i m\u0142odzie\u017c do skorzystania z sakramentu Spowiedzi \u015bwi\u0119tej w ci\u0105gu tygodnia i Komunii \u015bw., aby w ten spos\u00f3b podzi\u0119kowa\u0107 za wszystkie dobra otrzymane w roku szkolnym<\/em>. <\/strong><em>Dzieciom i m\u0142odzie\u017cy \u017cyczymy udanych i bezpiecznych wakacji, polecaj\u0105c je opiece Anio\u0142\u00f3w Str\u00f3\u017c\u00f3w. Szcz\u0119\u015b\u0107 Wam Bo\u017ce. <\/em><\/p>\n<p><strong>&nbsp;<\/strong><\/p>\n<p><strong>5. W sobot\u0119 23 czerwca br. obchodzimy Dzie\u0144 Ojca<\/strong>. Pami\u0119tajmy w modlitwie o naszych ojcach: pro\u015bmy dla \u017cywych o Bo\u017ce b\u0142ogos\u0142awie\u0144stwo i opiek\u0119 \u015bw. J\u00f3zefa, a dla zmar\u0142ych o \u0142ask\u0119 nieba.<\/p>\n<p><strong>&nbsp;<\/strong><\/p>\n<p><strong>6. SREBRNY JUBILEUSZ KAP\u0141A\u0143STWA KS. KAN. PIOTRA BRYKA. <\/strong>Za tydzie\u0144 na Mszy \u015bw. o godz. 18.00 b\u0119dziemy obchodzi\u0107 25 \u2013lecie kap\u0142a\u0144stwa ks. Piotra Bryka, kt\u00f3ry od wielu lat pomaga w naszej parafii. Niech udzia\u0142 w tej Mszy \u015bwi\u0119tej b\u0119dzie wyrazem naszej wdzi\u0119czno\u015bci za pos\u0142ug\u0119 kap\u0142a\u0144sk\u0105 ks. Piotra po\u015br\u00f3d nas.<strong> Serdecznie zapraszamy wszystkich wiernych do wsp\u00f3lnej modlitwy!<\/strong><\/p>\n<p><strong>&nbsp;<\/strong><\/p>\n<p><strong>7. REKOLEKCJE OAZOWE DLA DZIECI <\/strong>(klasy 3 &#8211; 5 Szko\u0142y Podstawowej) w Mikoszewie w dniach 17 \u2013 26 sierpnia br. Koszt 420 z\u0142. oraz dla klas 5 &#8211; 7 Szko\u0142y Podstawowej w G\u0142otowie, ko\u0142o Dobrego Miasta w dniach 10 &#8211; 26 lipca br. Koszt 490 z\u0142. <strong>DLA M\u0141ODZIE\u017bY<\/strong> w Mikoszewie w dniach 12-28 lipca br. Koszt 650 z\u0142. Zg\u0142oszenia pod tel. 720&nbsp;676&nbsp;806.<\/p>\n<p><strong>&nbsp;<\/strong><\/p>\n<p><strong>8. Rekolekcje powo\u0142aniowe<\/strong> w naszym Elbl\u0105skim Seminarium Duchownym. Temat rekolekcji nawi\u0105zuje do prze\u017cywanego roku \u015bw. Stanis\u0142awa Kostki. <strong>Rozpoczn\u0105 si\u0119 23 czerwca,<\/strong> <strong>a zako\u0144cz\u0105 27 czerwca 2018r. oko\u0142o godz. 14<sup>00<\/sup><\/strong>. Na rekolekcje mo\u017cna zg\u0142asza\u0107 m\u0142odzie\u017c m\u0119sk\u0105 od III klasy gimnazjum i wy\u017cej. Nale\u017cy na nie przywie\u017a\u0107: notatnik, d\u0142ugopis, Pismo \u015awi\u0119te, \u015bpiw\u00f3r (je\u015bli kto\u015b chce tak\u017ce poduszk\u0119), str\u00f3j sportowy oraz rzeczy osobiste. <em>Koszt rekolekcji wynosi 50 z\u0142.<\/em><\/p>\n<p>&nbsp;<\/p>\n<p>9. Parafia \u015bw. J\u00f3zefa w Mor\u0105gu organizuje 10. dniow\u0105 pielgrzymk\u0119 autokarow\u0105 do W\u0142och. Odb\u0119dzie si\u0119 ona od 17 do 26 pa\u017adziernika 2018r. W programie pielgrzymki m.in. O\u0142omuniec, Wiede\u0144, Asy\u017c, Rzym, Watykan, Monte Cassino, San Giovanni Rotondo, Monte Sant Angelo, Loreto, Padwa i Wenecja. Koszt pielgrzymki wynosi 2600 z\u0142 i 110 euro. Zapisy u ks. S\u0142awomira Milde pod numerem telefonu 509 416 484.<\/p>\n<p>&nbsp;<\/p>\n<p>10. Przed ko\u015bcio\u0142em mo\u017cna naby\u0107 pras\u0119 katolick\u0105: <em>\u201eGo\u015b\u0107 Niedzielny\u201d<\/em> w cenie 5 z\u0142.<\/p>\n<p>&nbsp;<\/p>\n<p>11. Wszystkim Jubilatom i Solenizantom tego tygodnia \u017cyczymy wszelkiego dobra w \u017cyciu i b\u0142ogos\u0142awie\u0144stwa Bo\u017cego.<\/p>\n<p>&nbsp;<\/p>\n<p>&nbsp;<\/p>\n<p>&nbsp;<\/p>\n","protected":false},"excerpt":{"rendered":"<p>&nbsp; 1. Jutro, w poniedzia\u0142ek o godz. 10.30 zapraszamy dzieci z Przedszkola nr 24 i dzieci z zer\u00f3wki wraz z rodzicami lub opiekunami na nabo\u017ce\u0144stwo i b\u0142ogos\u0142awie\u0144stwo udzielone na czas wakacji. W czasie tego spotkania nast\u0105pi wr\u0119czenie dyplomik\u00f3w. &nbsp; 2. DZIE\u0143 POKUTNY GIETRZWA\u0141D 30 CZERWCA (sobota) 2018 ROKU. Has\u0142o: \u201eOd wolno\u015bci wewn\u0119trznej do wolno\u015bci zewn\u0119trznej\u201d. [&hellip;]<\/p>\n","protected":false},"author":1,"featured_media":2530,"comment_status":"closed","ping_status":"closed","sticky":false,"template":"","format":"standard","meta":{"ngg_post_thumbnail":0,"footnotes":""},"categories":[11,8,3],"tags":[],"class_list":["post-3152","post","type-post","status-publish","format-standard","has-post-thumbnail","hentry","category-aktualnosci","category-blog","category-ogloszenia"],"_links":{"self":[{"href":"https:\/\/rafalk-elblag.pl\/index.php?rest_route=\/wp\/v2\/posts\/3152","targetHints":{"allow":["GET"]}}],"collection":[{"href":"https:\/\/rafalk-elblag.pl\/index.php?rest_route=\/wp\/v2\/posts"}],"about":[{"href":"https:\/\/rafalk-elblag.pl\/index.php?rest_route=\/wp\/v2\/types\/post"}],"author":[{"embeddable":true,"href":"https:\/\/rafalk-elblag.pl\/index.php?rest_route=\/wp\/v2\/users\/1"}],"replies":[{"embeddable":true,"href":"https:\/\/rafalk-elblag.pl\/index.php?rest_route=%2Fwp%2Fv2%2Fcomments&post=3152"}],"version-history":[{"count":1,"href":"https:\/\/rafalk-elblag.pl\/index.php?rest_route=\/wp\/v2\/posts\/3152\/revisions"}],"predecessor-version":[{"id":3153,"href":"https:\/\/rafalk-elblag.pl\/index.php?rest_route=\/wp\/v2\/posts\/3152\/revisions\/3153"}],"wp:featuredmedia":[{"embeddable":true,"href":"https:\/\/rafalk-elblag.pl\/index.php?rest_route=\/wp\/v2\/media\/2530"}],"wp:attachment":[{"href":"https:\/\/rafalk-elblag.pl\/index.php?rest_route=%2Fwp%2Fv2%2Fmedia&parent=3152"}],"wp:term":[{"taxonomy":"category","embeddable":true,"href":"https:\/\/rafalk-elblag.pl\/index.php?rest_route=%2Fwp%2Fv2%2Fcategories&post=3152"},{"taxonomy":"post_tag","embeddable":true,"href":"https:\/\/rafalk-elblag.pl\/index.php?rest_route=%2Fwp%2Fv2%2Ftags&post=3152"}],"curies":[{"name":"wp","href":"https:\/\/api.w.org\/{rel}","templated":true}]}}