{"id":3147,"date":"2018-06-10T21:44:34","date_gmt":"2018-06-10T21:44:34","guid":{"rendered":"http:\/\/rafalk-elblag.pl\/?p=3147"},"modified":"2018-06-10T21:44:34","modified_gmt":"2018-06-10T21:44:34","slug":"ogloszenia-parafialne-10-06-2018-r-x-niedziela-zwykla","status":"publish","type":"post","link":"https:\/\/rafalk-elblag.pl\/?p=3147","title":{"rendered":"OG\u0141OSZENIA PARAFIALNE 10.06.2018 R. \u2013 X NIEDZIELA ZWYK\u0141A"},"content":{"rendered":"<p><a href=\"http:\/\/rafalk-elblag.pl\/wp-content\/uploads\/2016\/12\/pulpit.jpg\"><img loading=\"lazy\" decoding=\"async\" class=\"alignnone size-large wp-image-2530\" src=\"http:\/\/rafalk-elblag.pl\/wp-content\/uploads\/2016\/12\/pulpit-1024x682.jpg\" alt=\"\" width=\"900\" height=\"599\" srcset=\"https:\/\/rafalk-elblag.pl\/wp-content\/uploads\/2016\/12\/pulpit-1024x682.jpg 1024w, https:\/\/rafalk-elblag.pl\/wp-content\/uploads\/2016\/12\/pulpit-300x200.jpg 300w, https:\/\/rafalk-elblag.pl\/wp-content\/uploads\/2016\/12\/pulpit-768x512.jpg 768w, https:\/\/rafalk-elblag.pl\/wp-content\/uploads\/2016\/12\/pulpit.jpg 1698w\" sizes=\"auto, (max-width: 900px) 100vw, 900px\" \/><\/a><\/p>\n<p>&nbsp;<\/p>\n<p>1. Dzisiaj na Sumie Parafialnej o godz. 12:00 dzieci klas IV prze\u017cywa\u0107 b\u0119d\u0105 Rocznic\u0119 Pierwszej Komunii \u015awi\u0119tej. <em>Prosimy o modlitw\u0119 w intencji dzieci i rodzic\u00f3w.<\/em><\/p>\n<p><strong>&nbsp;<\/strong><\/p>\n<p><strong>2. Od 3 czerwca 2018 roku&nbsp; do ko\u0144ca sierpnia nie b\u0119dzie Mszy \u015bw. niedzielnej <\/strong>o godz. 15.00, <em>natomiast Koronka do Bo\u017cego Mi\u0142osierdzia pozostaje bez zmian.<\/em><\/p>\n<p><strong>&nbsp;<\/strong><\/p>\n<p><strong>3. PAMI\u0118TAJMY!!!<\/strong> W sobot\u0119 16 czerwca br. dzie\u0144 modlitw za <strong>Bractwo Szkaplerzne, <\/strong>a tak\u017ce za osoby nosz\u0105ce Szkaplerz \u015awi\u0119ty. Zapraszamy wszystkich nale\u017c\u0105cych i pragn\u0105cych w\u0142\u0105czy\u0107 si\u0119 do tej wsp\u00f3lnoty na Msz\u0119 \u015bw. o godz. 18:00 z kolejn\u0105 katechez\u0105 o \u015bw. J\u00f3zefie. <strong>Po wsp\u00f3lnych modlitwach spotkanie Rady Szkaplerznej na plebanii.<\/strong> <em>Obecno\u015b\u0107 obowi\u0105zkowa.<\/em><\/p>\n<p><strong>&nbsp;<\/strong><\/p>\n<p><strong>4. W czerwcu zapraszamy<\/strong> dzieci, m\u0142odzie\u017c i doros\u0142ych do udzia\u0142u w nabo\u017ce\u0144stwach ku czci Naj\u015bwi\u0119tszego Serca Pana Jezusa odprawianych codziennie o godz. 17.30.<\/p>\n<p><strong>&nbsp;<\/strong><\/p>\n<p><strong>5. W parafii zawi\u0105za\u0142a si\u0119 grupa sportowa trenuj\u0105ca wsp\u00f3lnie Nording Walking. Zapraszamy na kolejne spotkanie w \u015brod\u0119 13 czerwca o godz. 19:00 przy wej\u015bciu na ogr\u00f3dki dzia\u0142kowe przy ul. Fromborskiej (przy bramie z napisem \u201eBratek\u201d).<\/strong><\/p>\n<p><strong>&nbsp;<\/strong><\/p>\n<p><strong>6. Parafia \u015bw. Brata Alberta zaprasza na X Forum Rodziny<\/strong>, kt\u00f3re odb\u0119dzie si\u0119 w dniach od 10 do 13 czerwca, pod has\u0142em: <strong>\u201eSzcz\u0119\u015bliwi, bo razem\u201d.<\/strong> Ka\u017cdego dnia Eucharystia z homili\u0105 a po niej konferencja i nabo\u017ce\u0144stwo. Pocz\u0105tek godz. 18.00. <em>Dok\u0142adne informacje na plakatach oraz na stronie internetowej parafii.<\/em><\/p>\n<p>&nbsp;<\/p>\n<p>7. Nasze Seminarium, ju\u017c po raz kolejny zaprasza m\u0142odzie\u017c m\u0119sk\u0105 ze szk\u00f3\u0142 \u015brednich i student\u00f3w (ewentualnie kl. III gimnazjum) na <strong>REKOLEKCJE POWO\u0141ANIOWE<\/strong> pod has\u0142em \u201eNiepos\u0142usze\u0144stwo woli ojca \u2013 pos\u0142usze\u0144stwo woli Ojca\u201d w dniach 23-27 czerwca br., maj\u0105ce na celu pomoc w rozeznaniu \u017cyciowego powo\u0142ania. Zg\u0142oszenia przyjmowane s\u0105 do 19 czerwca br. wysy\u0142aj\u0105c na adres e-mail: kolopowolaniowe@gmail.com lub telefonicznie: 55 235 51 83<\/p>\n<p>&nbsp;<\/p>\n<p>8. W Wy\u017cszym Seminarium Duchownym w Elbl\u0105gu organizowane s\u0105 rekolekcje s\u0142u\u017c\u0105ce pog\u0142\u0119bieniu \u017cycia S\u0142owem Bo\u017cym, prowadzone metod\u0105 <strong>Lectio divina<\/strong>. Odb\u0119d\u0105 si\u0119 one <strong>w dniach 1 &#8211; 9 lipca br. <\/strong>Rekolekcje Lectio divina oparte s\u0105 na wielowiekowej praktyce modlitwy s\u0142owem Bo\u017cym, si\u0119gaj\u0105cej pocz\u0105tk\u00f3w chrze\u015bcija\u0144stwa. Wi\u0119cej informacji o rekolekcjach Lectio divina na stronie internetowej: <strong>www.cneelblag.pl.<\/strong><\/p>\n<p>&nbsp;<\/p>\n<p>9. W dniach 17-19 sierpnia br. b\u0119dziemy go\u015bcili w Elbl\u0105gu ugandyjskiego ewangelizatora o.<strong> Johna Bashobor\u0119,<\/strong> kt\u00f3ry poprowadzi rekolekcje pt. <strong>\u201ePouk\u0142adaj to sobie\u201d.<\/strong> Jest to zaproszenie do pouk\u0142adania swojego \u017cycia w mocy Ducha \u015awi\u0119tego, kt\u00f3rego otrzymali\u015bmy przez chrzest i bierzmowanie. Zapisy na stronie: www.rekolekcje-elblag.pl Zapisy tak\u017ce w biurze rekolekcyjnym, kt\u00f3re mie\u015bci si\u0119 w plebanii parafii katedralnej. Biuro Rekolekcyjne czynne b\u0119dzie w ka\u017cd\u0105 niedziel\u0119 w godzinach od 10.00 do 13:00. Kontakt z organizatorami: 606 181 748 oraz 663 543 480 (w godz. 16.00 &#8211; 20.00), lub mailowo: cne.elblag@gmail.com.<\/p>\n<p>&nbsp;<\/p>\n<p>10. W poniedzia\u0142ek 18 czerwca br. o godz. 10.30 zapraszamy dzieci z Przedszkola nr 24 i dzieci z zer\u00f3wki wraz z rodzicami lub opiekunami na nabo\u017ce\u0144stwo po\u0142\u0105czone z udzieleniem b\u0142ogos\u0142awie\u0144stwa na czas wakacji. <em>W czasie tego spotkania nast\u0105pi wr\u0119czenie dyplomik\u00f3w.<\/em><\/p>\n<p>&nbsp;<\/p>\n<p>11. Przed ko\u015bcio\u0142em mo\u017cna naby\u0107 pras\u0119 katolick\u0105: <em>\u201eGo\u015b\u0107 Niedzielny\u201d<\/em> w cenie 5 z\u0142.<\/p>\n<p>&nbsp;<\/p>\n<p>12. Wszystkim Jubilatom i Solenizantom tego tygodnia \u017cyczymy wszelkiego dobra w \u017cyciu i b\u0142ogos\u0142awie\u0144stwa Bo\u017cego.<\/p>\n<p>&nbsp;<\/p>\n<p>13. Pan powo\u0142a\u0142 do wieczno\u015bci: \u015bp. Janina Janta \u2013 Lipi\u0144ska lat 82 z ul. Malborskiej; \u015bp. Helena Jadwiga \u015aredzi\u0144ska lat 89 z ul. Mieszka I; \u015bp. Genowefa Rze\u017anikiewicz lat 90 z ul. Broniewskiego.<\/p>\n<p>&nbsp;<\/p>\n<p>&nbsp;<\/p>\n<p>&nbsp;<\/p>\n","protected":false},"excerpt":{"rendered":"<p>&nbsp; 1. Dzisiaj na Sumie Parafialnej o godz. 12:00 dzieci klas IV prze\u017cywa\u0107 b\u0119d\u0105 Rocznic\u0119 Pierwszej Komunii \u015awi\u0119tej. Prosimy o modlitw\u0119 w intencji dzieci i rodzic\u00f3w. &nbsp; 2. Od 3 czerwca 2018 roku&nbsp; do ko\u0144ca sierpnia nie b\u0119dzie Mszy \u015bw. niedzielnej o godz. 15.00, natomiast Koronka do Bo\u017cego Mi\u0142osierdzia pozostaje bez zmian. &nbsp; 3. PAMI\u0118TAJMY!!! [&hellip;]<\/p>\n","protected":false},"author":1,"featured_media":2530,"comment_status":"closed","ping_status":"closed","sticky":false,"template":"","format":"standard","meta":{"ngg_post_thumbnail":0,"footnotes":""},"categories":[11,8,3],"tags":[],"class_list":["post-3147","post","type-post","status-publish","format-standard","has-post-thumbnail","hentry","category-aktualnosci","category-blog","category-ogloszenia"],"_links":{"self":[{"href":"https:\/\/rafalk-elblag.pl\/index.php?rest_route=\/wp\/v2\/posts\/3147","targetHints":{"allow":["GET"]}}],"collection":[{"href":"https:\/\/rafalk-elblag.pl\/index.php?rest_route=\/wp\/v2\/posts"}],"about":[{"href":"https:\/\/rafalk-elblag.pl\/index.php?rest_route=\/wp\/v2\/types\/post"}],"author":[{"embeddable":true,"href":"https:\/\/rafalk-elblag.pl\/index.php?rest_route=\/wp\/v2\/users\/1"}],"replies":[{"embeddable":true,"href":"https:\/\/rafalk-elblag.pl\/index.php?rest_route=%2Fwp%2Fv2%2Fcomments&post=3147"}],"version-history":[{"count":1,"href":"https:\/\/rafalk-elblag.pl\/index.php?rest_route=\/wp\/v2\/posts\/3147\/revisions"}],"predecessor-version":[{"id":3148,"href":"https:\/\/rafalk-elblag.pl\/index.php?rest_route=\/wp\/v2\/posts\/3147\/revisions\/3148"}],"wp:featuredmedia":[{"embeddable":true,"href":"https:\/\/rafalk-elblag.pl\/index.php?rest_route=\/wp\/v2\/media\/2530"}],"wp:attachment":[{"href":"https:\/\/rafalk-elblag.pl\/index.php?rest_route=%2Fwp%2Fv2%2Fmedia&parent=3147"}],"wp:term":[{"taxonomy":"category","embeddable":true,"href":"https:\/\/rafalk-elblag.pl\/index.php?rest_route=%2Fwp%2Fv2%2Fcategories&post=3147"},{"taxonomy":"post_tag","embeddable":true,"href":"https:\/\/rafalk-elblag.pl\/index.php?rest_route=%2Fwp%2Fv2%2Ftags&post=3147"}],"curies":[{"name":"wp","href":"https:\/\/api.w.org\/{rel}","templated":true}]}}