{"id":3145,"date":"2018-06-10T21:41:17","date_gmt":"2018-06-10T21:41:17","guid":{"rendered":"http:\/\/rafalk-elblag.pl\/?p=3145"},"modified":"2018-06-10T21:45:24","modified_gmt":"2018-06-10T21:45:24","slug":"intencje-mszalne-na-x-tydzien-zwykly-11-06-17-06-2018","status":"publish","type":"post","link":"https:\/\/rafalk-elblag.pl\/?p=3145","title":{"rendered":"INTENCJE MSZALNE NA X TYDZIE\u0143 ZWYK\u0141Y (11.06. \u2013 17.06. 2018)"},"content":{"rendered":"<p><a href=\"http:\/\/rafalk-elblag.pl\/wp-content\/uploads\/2016\/12\/shutterstock_49643152-1000.jpg\"><img loading=\"lazy\" decoding=\"async\" class=\"alignnone size-full wp-image-2526\" src=\"http:\/\/rafalk-elblag.pl\/wp-content\/uploads\/2016\/12\/shutterstock_49643152-1000.jpg\" alt=\"\" width=\"1000\" height=\"665\" srcset=\"https:\/\/rafalk-elblag.pl\/wp-content\/uploads\/2016\/12\/shutterstock_49643152-1000.jpg 1000w, https:\/\/rafalk-elblag.pl\/wp-content\/uploads\/2016\/12\/shutterstock_49643152-1000-300x200.jpg 300w, https:\/\/rafalk-elblag.pl\/wp-content\/uploads\/2016\/12\/shutterstock_49643152-1000-768x511.jpg 768w\" sizes=\"auto, (max-width: 1000px) 100vw, 1000px\" \/><\/a><\/p>\n<p>&nbsp;<\/p>\n<table width=\"726\">\n<tbody>\n<tr>\n<td colspan=\"2\" width=\"593\"><strong>11 czerwca&nbsp;&nbsp; PONIEDZIA\u0141EK<\/strong><\/p>\n<p><strong>wsp. \u015bw. Barnaby [aposto\u0142a]<\/strong><\/td>\n<td width=\"133\"><strong><em>Mt 10, 7-13<\/em><\/strong><\/td>\n<\/tr>\n<tr>\n<td width=\"87\">8:00<\/td>\n<td colspan=\"2\" width=\"639\">O szcz\u0119\u015bliwy zabieg dla ks. \u0141ukasza oraz o \u015bwiat\u0142o Ducha \u015awi\u0119tego dla lekarzy prowadz\u0105cych operacj\u0119<\/td>\n<\/tr>\n<tr>\n<td width=\"87\">18:00<\/td>\n<td colspan=\"2\" width=\"639\">Dzi\u0119kczynna w 24 rocz. \u015bwi\u0119ce\u0144 kap\u0142a\u0144skich ks. Proboszcza Wojciecha Zwolickiego z pro\u015bb\u0105 o Bo\u017ce b\u0142ogos\u0142awie\u0144stwo, opiek\u0119 Maryi i \u015awi\u0119tych Patron\u00f3w oraz potrzebne do prowadzenia parafii dary Ducha \u015awi\u0119tego<\/td>\n<\/tr>\n<\/tbody>\n<\/table>\n<p>&nbsp;<\/p>\n<p>&nbsp;<\/p>\n<table width=\"741\">\n<tbody>\n<tr>\n<td colspan=\"2\" width=\"583\"><strong>12 czerwca&nbsp;&nbsp; <\/strong><strong>WTOREK<\/strong><\/p>\n<p><strong>wsp. b\u0142. ks. W\u0142adys\u0142awa Demskiego i towarzyszy \u2013 patrona kap\u0142an\u00f3w diecezji elbl\u0105skiej;<\/strong><\/td>\n<td width=\"159\"><strong><em>Mt 5, 13-16<\/em><\/strong><\/td>\n<\/tr>\n<tr>\n<td width=\"135\">8:00<\/td>\n<td colspan=\"2\" width=\"606\"><em>intencja wolna<\/em><\/td>\n<\/tr>\n<tr>\n<td width=\"135\"><strong>18:00<\/strong><\/td>\n<td colspan=\"2\" width=\"606\"><strong>W intencji Ojczyzny w 100 lecie jej niepodleg\u0142o\u015bci oraz dzi\u0119kczynna za 25 lat istnienia naszej parafii <\/strong><em>(rez.)<\/em><\/td>\n<\/tr>\n<\/tbody>\n<\/table>\n<p>&nbsp;<\/p>\n<p>&nbsp;<\/p>\n<table width=\"741\">\n<tbody>\n<tr>\n<td colspan=\"2\" width=\"583\"><strong>13 czerwca&nbsp;&nbsp; \u015aRODA<\/strong><\/p>\n<p><strong>Wsp. \u015bw. Antoniego z Padwy [Doktora Ko\u015bcio\u0142a, prezbitera]<\/strong><\/td>\n<td width=\"159\"><strong><em>Mt 5, 17-19<\/em><\/strong><\/td>\n<\/tr>\n<tr>\n<td width=\"135\">8:00<\/td>\n<td colspan=\"2\" width=\"606\"><em>intencja wolna<\/em><\/td>\n<\/tr>\n<tr>\n<td width=\"135\"><strong>18:00<\/strong><\/td>\n<td colspan=\"2\" width=\"606\"><strong>W intencjach czcicieli Matki Bo\u017cej Nieustaj\u0105cej Pomocy<\/strong><\/td>\n<\/tr>\n<tr>\n<td width=\"135\">18:00<\/td>\n<td colspan=\"2\" width=\"606\">O Bo\u017ce b\u0142ogos\u0142awie\u0144stwo w rocznic\u0119 pob\u0142ogos\u0142awienia wd\u00f3w: Ryszardy (k), Krystyny i Aleksandry<\/td>\n<\/tr>\n<\/tbody>\n<\/table>\n<p>&nbsp;<\/p>\n<p>&nbsp;<\/p>\n<table width=\"741\">\n<tbody>\n<tr>\n<td colspan=\"2\" width=\"583\"><strong>14 czerwca&nbsp; &nbsp;CZWARTEK<\/strong><\/p>\n<p><strong>Wsp. b\u0142. Micha\u0142a Kozala [biskupa, m\u0119czennika]<\/strong><\/td>\n<td width=\"159\"><strong><em>Mt 5, 20-26<\/em><\/strong><\/td>\n<\/tr>\n<tr>\n<td width=\"135\">8:00<\/td>\n<td colspan=\"2\" width=\"606\"><em>intencja wolna<\/em><\/td>\n<\/tr>\n<tr>\n<td width=\"135\">18:00<\/td>\n<td colspan=\"2\" width=\"606\">Dzi\u0119kczynna w dniu urodzin Adama z pro\u015bb\u0105 o Bo\u017ce b\u0142ogos\u0142awie\u0144stwo i opiek\u0119 Matki Bo\u017cej<\/td>\n<\/tr>\n<tr>\n<td width=\"135\">18:00<\/td>\n<td colspan=\"2\" width=\"606\">\u015ap. El\u017cbieta Kisielewska w 13 rocz. \u015bmierci <em>(rez.)<\/em><\/td>\n<\/tr>\n<\/tbody>\n<\/table>\n<p>&nbsp;<\/p>\n<p>&nbsp;<\/p>\n<table width=\"741\">\n<tbody>\n<tr>\n<td colspan=\"2\" width=\"583\"><strong>15 czerwca&nbsp;&nbsp; PI\u0104TEK<\/strong><\/td>\n<td width=\"159\"><strong><em>Mt 5, 27-32<\/em><\/strong><\/td>\n<\/tr>\n<tr>\n<td width=\"135\">8:00<\/td>\n<td colspan=\"2\" width=\"606\">\u015ap. Krzysztof Burzy\u0144ski w 7 rocz. \u015bmierci<\/td>\n<\/tr>\n<tr>\n<td width=\"135\">18:00<\/td>\n<td colspan=\"2\" width=\"606\">\u015ap. Jolanta (w dniu imienin), Romualda, Napoleon, Bronis\u0142awa i zmarli z rodziny Karman<\/td>\n<\/tr>\n<\/tbody>\n<\/table>\n<p>&nbsp;<\/p>\n<p>&nbsp;<\/p>\n<table width=\"741\">\n<tbody>\n<tr>\n<td colspan=\"2\" width=\"583\"><strong>16 czerwca&nbsp;&nbsp; SOBOTA<\/strong><\/td>\n<td width=\"159\"><strong><em>Mt 5, 33-37<\/em><\/strong><\/td>\n<\/tr>\n<tr>\n<td width=\"135\">8:00<\/td>\n<td colspan=\"2\" width=\"606\">\u015ap. Jadwiga i Aleksander Urbanowscy, \u015bp. Stefania i J\u00f3zef Polma\u0144scy oraz \u015bp. Antoni Szwarc<\/td>\n<\/tr>\n<tr>\n<td width=\"135\"><strong>18:00<\/strong><\/td>\n<td colspan=\"2\" width=\"606\"><strong>W intencji Rodziny i Bractwa Szkaplerznego<\/strong><\/td>\n<\/tr>\n<tr>\n<td width=\"135\">18:00<\/td>\n<td colspan=\"2\" width=\"606\">\u015ap. Stanis\u0142aw i Barbara Lema\u0144scy<\/td>\n<\/tr>\n<\/tbody>\n<\/table>\n<p>&nbsp;<\/p>\n<p>&nbsp;<\/p>\n<table width=\"726\">\n<tbody>\n<tr>\n<td colspan=\"2\" width=\"593\"><strong>17 czerwca&nbsp;&nbsp; XI NIEDZIELA ZWYK\u0141A<\/strong><\/td>\n<td width=\"133\"><strong><em>Mk 4, 26-34<\/em><\/strong><\/td>\n<\/tr>\n<tr>\n<td width=\"87\">7:00<\/td>\n<td colspan=\"2\" width=\"639\">\u015ap. Wac\u0142awa (k) i Leon \u017bbikowscy <em>(rez.)<\/em><\/td>\n<\/tr>\n<tr>\n<td width=\"87\">9:00<\/td>\n<td colspan=\"2\" width=\"639\">Dzi\u0119kczynna w 30 rocz. urodzin Adama Bu\u0142ka z pro\u015bb\u0105 o Bo\u017ce b\u0142ogos\u0142awie\u0144stwo i potrzebne \u0142aski<\/td>\n<\/tr>\n<tr>\n<td width=\"87\">9:00<\/td>\n<td colspan=\"2\" width=\"639\">\u015ap. Janina i Czes\u0142awa (k)<\/td>\n<\/tr>\n<tr>\n<td width=\"87\">10:30<\/td>\n<td colspan=\"2\" width=\"639\">\u015ap. Maria Tonga w 10 rocz. \u015bmierci oraz \u015bp. Jan Tonga<\/td>\n<\/tr>\n<tr>\n<td width=\"87\"><strong>12:00<\/strong><\/td>\n<td colspan=\"2\" width=\"639\"><strong>Za parafian<\/strong><\/td>\n<\/tr>\n<tr>\n<td width=\"87\">12:00<\/td>\n<td colspan=\"2\" width=\"639\">\u015ap. Longina Karandziej w 2 miesi\u0105c po \u015bmierci<\/td>\n<\/tr>\n<tr>\n<td width=\"87\">18:00<\/td>\n<td colspan=\"2\" width=\"639\"><em>intencja wolna<\/em><\/td>\n<\/tr>\n<\/tbody>\n<\/table>\n<p>&nbsp;<\/p>\n<p>&nbsp;<\/p>\n","protected":false},"excerpt":{"rendered":"<p>&nbsp; 11 czerwca&nbsp;&nbsp; PONIEDZIA\u0141EK wsp. \u015bw. Barnaby [aposto\u0142a] Mt 10, 7-13 8:00 O szcz\u0119\u015bliwy zabieg dla ks. \u0141ukasza oraz o \u015bwiat\u0142o Ducha \u015awi\u0119tego dla lekarzy prowadz\u0105cych operacj\u0119 18:00 Dzi\u0119kczynna w 24 rocz. \u015bwi\u0119ce\u0144 kap\u0142a\u0144skich ks. Proboszcza Wojciecha Zwolickiego z pro\u015bb\u0105 o Bo\u017ce b\u0142ogos\u0142awie\u0144stwo, opiek\u0119 Maryi i \u015awi\u0119tych Patron\u00f3w oraz potrzebne do prowadzenia parafii dary Ducha [&hellip;]<\/p>\n","protected":false},"author":1,"featured_media":2526,"comment_status":"closed","ping_status":"closed","sticky":false,"template":"","format":"standard","meta":{"ngg_post_thumbnail":0,"footnotes":""},"categories":[11,8,4],"tags":[],"class_list":["post-3145","post","type-post","status-publish","format-standard","has-post-thumbnail","hentry","category-aktualnosci","category-blog","category-intencje"],"_links":{"self":[{"href":"https:\/\/rafalk-elblag.pl\/index.php?rest_route=\/wp\/v2\/posts\/3145","targetHints":{"allow":["GET"]}}],"collection":[{"href":"https:\/\/rafalk-elblag.pl\/index.php?rest_route=\/wp\/v2\/posts"}],"about":[{"href":"https:\/\/rafalk-elblag.pl\/index.php?rest_route=\/wp\/v2\/types\/post"}],"author":[{"embeddable":true,"href":"https:\/\/rafalk-elblag.pl\/index.php?rest_route=\/wp\/v2\/users\/1"}],"replies":[{"embeddable":true,"href":"https:\/\/rafalk-elblag.pl\/index.php?rest_route=%2Fwp%2Fv2%2Fcomments&post=3145"}],"version-history":[{"count":2,"href":"https:\/\/rafalk-elblag.pl\/index.php?rest_route=\/wp\/v2\/posts\/3145\/revisions"}],"predecessor-version":[{"id":3149,"href":"https:\/\/rafalk-elblag.pl\/index.php?rest_route=\/wp\/v2\/posts\/3145\/revisions\/3149"}],"wp:featuredmedia":[{"embeddable":true,"href":"https:\/\/rafalk-elblag.pl\/index.php?rest_route=\/wp\/v2\/media\/2526"}],"wp:attachment":[{"href":"https:\/\/rafalk-elblag.pl\/index.php?rest_route=%2Fwp%2Fv2%2Fmedia&parent=3145"}],"wp:term":[{"taxonomy":"category","embeddable":true,"href":"https:\/\/rafalk-elblag.pl\/index.php?rest_route=%2Fwp%2Fv2%2Fcategories&post=3145"},{"taxonomy":"post_tag","embeddable":true,"href":"https:\/\/rafalk-elblag.pl\/index.php?rest_route=%2Fwp%2Fv2%2Ftags&post=3145"}],"curies":[{"name":"wp","href":"https:\/\/api.w.org\/{rel}","templated":true}]}}