{"id":3142,"date":"2018-06-03T14:51:52","date_gmt":"2018-06-03T14:51:52","guid":{"rendered":"http:\/\/rafalk-elblag.pl\/?p=3142"},"modified":"2018-06-03T14:51:52","modified_gmt":"2018-06-03T14:51:52","slug":"ogloszenia-parafialne-10-06-2018-r-ix-niedziela-zwykla","status":"publish","type":"post","link":"https:\/\/rafalk-elblag.pl\/?p=3142","title":{"rendered":"OG\u0141OSZENIA PARAFIALNE 10.06.2018 R. \u2013 IX NIEDZIELA ZWYK\u0141A"},"content":{"rendered":"<p><a href=\"http:\/\/rafalk-elblag.pl\/wp-content\/uploads\/2016\/12\/pulpit.jpg\"><img loading=\"lazy\" decoding=\"async\" class=\"alignnone size-large wp-image-2530\" src=\"http:\/\/rafalk-elblag.pl\/wp-content\/uploads\/2016\/12\/pulpit-1024x682.jpg\" alt=\"\" width=\"900\" height=\"599\" srcset=\"https:\/\/rafalk-elblag.pl\/wp-content\/uploads\/2016\/12\/pulpit-1024x682.jpg 1024w, https:\/\/rafalk-elblag.pl\/wp-content\/uploads\/2016\/12\/pulpit-300x200.jpg 300w, https:\/\/rafalk-elblag.pl\/wp-content\/uploads\/2016\/12\/pulpit-768x512.jpg 768w, https:\/\/rafalk-elblag.pl\/wp-content\/uploads\/2016\/12\/pulpit.jpg 1698w\" sizes=\"auto, (max-width: 900px) 100vw, 900px\" \/><\/a><\/p>\n<p>&nbsp;<\/p>\n<p>1. Zapraszamy dzisiaj na <strong>Adoracj\u0119 Naj\u015bwi\u0119tszego Sakramentu od godz. 15.00 do godz. 18.00. <em>Rozpocznie si\u0119 ona Koronk\u0105 do Bo\u017cego Mi\u0142osierdzia.<\/em><\/strong><\/p>\n<p><strong>&nbsp;<\/strong><\/p>\n<p><strong>2. UWAGA !!! <\/strong>Od 3 czerwca 2018 roku&nbsp; do ko\u0144ca sierpnia nie b\u0119dzie Mszy \u015bw. niedzielnej o godz. 15.00, <em>natomiast Koronka do Bo\u017cego Mi\u0142osierdzia pozostaje bez zmian.<\/em><\/p>\n<p>&nbsp;<\/p>\n<p>3. Rodzic\u00f3w, kt\u00f3rych dzieci b\u0119d\u0105 prze\u017cywa\u0142y w tym roku <strong>rocznic\u0119 I Komunii \u015awi\u0119tej<\/strong>, zapraszamy na spotkanie do ko\u015bcio\u0142a: 4 czerwca br. (poniedzia\u0142ek) o godz. 19.00. <strong>Prosz\u0119 o zabranie ksi\u0105\u017ceczki od pierwszych pi\u0105tk\u00f3w miesi\u0105ca dziecka i rodzic\u00f3w<\/strong>. <em>Obecno\u015b\u0107 obowi\u0105zkowa.<\/em><\/p>\n<ul>\n<li>Pr\u00f3by dla dzieci: <strong>6 (\u015broda) i 7 (czwartek) czerwca o godz. 16.30.<\/strong><\/li>\n<\/ul>\n<p><strong>&nbsp;<\/strong><\/p>\n<p><strong>4. W pi\u0105tek \u2013 8 czerwca br. wypada Uroczysto\u015b\u0107 Naj\u015bwi\u0119tszego Serca Pana Jezusa. Zapraszamy wszystkie dzieci na nabo\u017ce\u0144stwo czerwcowe na godz. 16:30. A wcze\u015bniej spowied\u017a dla dzieci i rodzic\u00f3w przed rocznic\u0105 I Komunii \u015aw. od godz. 16:00.<\/strong><\/p>\n<p>&nbsp;<\/p>\n<p>5. Za tydzie\u0144 na Sumie Parafialnej o godz. 12.00 dzieci b\u0119d\u0105 obchodzi\u0107 rocznic\u0119 I Komunii \u015awi\u0119tej. Prosimy, aby osoby nie zwi\u0105zane z powy\u017csz\u0105 uroczysto\u015bci\u0105 wybra\u0142y inn\u0105 godzin\u0119 Mszy \u015awi\u0119tej. <em>Dzi\u0119kujemy za zrozumienie.<\/em><\/p>\n<p>&nbsp;<\/p>\n<p>6. W <strong>Oktawie Bo\u017cego Cia\u0142a<\/strong> zapraszamy wiernych do udzia\u0142u w nabo\u017ce\u0144stwie czerwcowym po\u0142\u0105czonym z procesj\u0105 eucharystyczn\u0105 i Mszy \u015bw.. Zapraszamy dzieci do sypania kwiat\u00f3w, a doros\u0142ych do przygotowania procesji. <strong>Udzia\u0142 w procesji jest wyrazem wiary w obecno\u015b\u0107 Jezusa Chrystusa w Naj\u015bwi\u0119tszym Sakramencie.<\/strong><\/p>\n<p><strong>&nbsp;<\/strong><\/p>\n<p><strong>7. W czerwcu zapraszamy<\/strong> dzieci, m\u0142odzie\u017c i doros\u0142ych do udzia\u0142u w nabo\u017ce\u0144stwach ku czci Naj\u015bwi\u0119tszego Serca Pana Jezusa, odprawianych codziennie o godz. 17.30.<\/p>\n<p><strong>&nbsp;<\/strong><\/p>\n<p><strong>8. Zapraszamy do wsp\u00f3lnego uprawiania sportu (dyscyplina Nording Walking). Pierwszy taki trening ju\u017c w najbli\u017csz\u0105 \u015brod\u0119 \u2013 6 czerwca o godz. 19:00 przed ko\u015bcio\u0142em.<\/strong> <em>Wi\u0119cej informacji w artykule biuletynu.<\/em><\/p>\n<p>&nbsp;<\/p>\n<p>9. W tym tygodniu przypada pierwszy czwartek miesi\u0105ca:<\/p>\n<ul>\n<li><strong>w pierwszy czwartek<\/strong> b\u0119dziemy modli\u0107 si\u0119<strong> o \u015bwi\u0119to\u015b\u0107 dla kap\u0142an\u00f3w oraz o liczne i \u015bwi\u0119te powo\u0142ania kap\u0142a\u0144skie, zakonne i misyjne.<\/strong> <strong>Zapraszamy na Msz\u0119 \u015aw., a po Niej na ,,Godzin\u0119 \u015awi\u0119t\u0105\u201d<\/strong>, czyli Adoracj\u0119 przed Naj\u015bwi\u0119tszym Sakramentem.<\/li>\n<\/ul>\n<p>&nbsp;<\/p>\n<p>10. Zapraszamy osoby nale\u017c\u0105ce do <strong>APOSTOLATU \u201eMARGARETKA\u201d na wsp\u00f3lne spotkanie formacyjno \u2013 modlitewne <\/strong>w sobot\u0119 9 czerwca br. o godz. 10.00, kt\u00f3re odb\u0119dzie si\u0119 w parafii \u015bw. Jerzego w Elbl\u0105gu ul. Bema 10.<\/p>\n<p>&nbsp;<\/p>\n<p>11. Nasze Seminarium, ju\u017c po raz kolejny zaprasza m\u0142odzie\u017c m\u0119sk\u0105 ze szk\u00f3\u0142 \u015brednich i student\u00f3w (ewentualnie kl. III gimnazjum) na <strong>REKOLEKCJE POWO\u0141ANIOWE<\/strong> pod has\u0142em \u201eNiepos\u0142usze\u0144stwo woli ojca \u2013 pos\u0142usze\u0144stwo woli Ojca\u201d w dniach 23-27 czerwca br., maj\u0105ce na celu pomoc w rozeznaniu \u017cyciowego powo\u0142ania. Zg\u0142oszenia przyjmowane s\u0105 do 19 czerwca br. wysy\u0142aj\u0105c na adres e-mail: kolopowolaniowe@gmail.com lub telefonicznie: 55 235 51 83.<\/p>\n<p><strong>&nbsp;<\/strong><\/p>\n<p><strong>12. IDZIEMY DO KINA na<\/strong> film:<strong> \u201eB\u00d3G NIE UMAR\u0141\u201d<\/strong> \u015aWIAT\u0141O W CIEMNO\u015aCI. To kontynuacja pasjonuj\u0105cego cyklu, kt\u00f3ry obejrza\u0142o w Polsce 250 tysi\u0119cy widz\u00f3w. <em>Czy fakt, \u017ce wi\u0119kszo\u015b\u0107 nie wierzy, znaczy, \u017ce jeste\u015b w b\u0142\u0119dzie? Czy mo\u017cna zakaza\u0107 wiary, nadziei i mi\u0142o\u015bci?<\/em> Odpowied\u017a na powy\u017csze pytania w filmie. <strong>Gor\u0105co zach\u0119camy do wsp\u00f3lnego wyj\u015bcia jako parafia do Multikina 7 czerwca br. (czwartek) na godz. 20.00. Cena biletu 11 z\u0142.<\/strong> <em><u>P\u0142acimy przy wej\u015bciu do kina.<\/u><\/em><\/p>\n<p>&nbsp;<\/p>\n<p>13. Ofiary z\u0142o\u017cone dzisiaj na tac\u0119 przeznaczone s\u0105 na uregulowanie cz\u0119\u015bci nale\u017cno\u015bci za zakupione \u0142awki. B\u00f3g zap\u0142a\u0107 za otwarto\u015b\u0107 i zrozumienie.<\/p>\n<p>&nbsp;<\/p>\n<p>14. Przed ko\u015bcio\u0142em mo\u017cna naby\u0107 pras\u0119 katolick\u0105: <em>\u201eGo\u015b\u0107 Niedzielny\u201d<\/em> w cenie 5 z\u0142.<\/p>\n<p>&nbsp;<\/p>\n<p>&nbsp;<\/p>\n","protected":false},"excerpt":{"rendered":"<p>&nbsp; 1. Zapraszamy dzisiaj na Adoracj\u0119 Naj\u015bwi\u0119tszego Sakramentu od godz. 15.00 do godz. 18.00. Rozpocznie si\u0119 ona Koronk\u0105 do Bo\u017cego Mi\u0142osierdzia. &nbsp; 2. UWAGA !!! Od 3 czerwca 2018 roku&nbsp; do ko\u0144ca sierpnia nie b\u0119dzie Mszy \u015bw. niedzielnej o godz. 15.00, natomiast Koronka do Bo\u017cego Mi\u0142osierdzia pozostaje bez zmian. &nbsp; 3. Rodzic\u00f3w, kt\u00f3rych dzieci b\u0119d\u0105 [&hellip;]<\/p>\n","protected":false},"author":1,"featured_media":2530,"comment_status":"closed","ping_status":"closed","sticky":false,"template":"","format":"standard","meta":{"ngg_post_thumbnail":0,"footnotes":""},"categories":[11,8,3],"tags":[],"class_list":["post-3142","post","type-post","status-publish","format-standard","has-post-thumbnail","hentry","category-aktualnosci","category-blog","category-ogloszenia"],"_links":{"self":[{"href":"https:\/\/rafalk-elblag.pl\/index.php?rest_route=\/wp\/v2\/posts\/3142","targetHints":{"allow":["GET"]}}],"collection":[{"href":"https:\/\/rafalk-elblag.pl\/index.php?rest_route=\/wp\/v2\/posts"}],"about":[{"href":"https:\/\/rafalk-elblag.pl\/index.php?rest_route=\/wp\/v2\/types\/post"}],"author":[{"embeddable":true,"href":"https:\/\/rafalk-elblag.pl\/index.php?rest_route=\/wp\/v2\/users\/1"}],"replies":[{"embeddable":true,"href":"https:\/\/rafalk-elblag.pl\/index.php?rest_route=%2Fwp%2Fv2%2Fcomments&post=3142"}],"version-history":[{"count":1,"href":"https:\/\/rafalk-elblag.pl\/index.php?rest_route=\/wp\/v2\/posts\/3142\/revisions"}],"predecessor-version":[{"id":3143,"href":"https:\/\/rafalk-elblag.pl\/index.php?rest_route=\/wp\/v2\/posts\/3142\/revisions\/3143"}],"wp:featuredmedia":[{"embeddable":true,"href":"https:\/\/rafalk-elblag.pl\/index.php?rest_route=\/wp\/v2\/media\/2530"}],"wp:attachment":[{"href":"https:\/\/rafalk-elblag.pl\/index.php?rest_route=%2Fwp%2Fv2%2Fmedia&parent=3142"}],"wp:term":[{"taxonomy":"category","embeddable":true,"href":"https:\/\/rafalk-elblag.pl\/index.php?rest_route=%2Fwp%2Fv2%2Fcategories&post=3142"},{"taxonomy":"post_tag","embeddable":true,"href":"https:\/\/rafalk-elblag.pl\/index.php?rest_route=%2Fwp%2Fv2%2Ftags&post=3142"}],"curies":[{"name":"wp","href":"https:\/\/api.w.org\/{rel}","templated":true}]}}