{"id":3140,"date":"2018-06-03T14:47:05","date_gmt":"2018-06-03T14:47:05","guid":{"rendered":"http:\/\/rafalk-elblag.pl\/?p=3140"},"modified":"2018-06-03T14:47:05","modified_gmt":"2018-06-03T14:47:05","slug":"intencje-mszalne-na-ix-tydzien-zwykly-4-06-10-06-2018","status":"publish","type":"post","link":"https:\/\/rafalk-elblag.pl\/?p=3140","title":{"rendered":"INTENCJE MSZALNE NA IX TYDZIE\u0143 ZWYK\u0141Y (4.06. \u2013 10.06. 2018)"},"content":{"rendered":"<p><a href=\"http:\/\/rafalk-elblag.pl\/wp-content\/uploads\/2016\/12\/shutterstock_49643152-1000.jpg\"><img loading=\"lazy\" decoding=\"async\" class=\"alignnone size-full wp-image-2526\" src=\"http:\/\/rafalk-elblag.pl\/wp-content\/uploads\/2016\/12\/shutterstock_49643152-1000.jpg\" alt=\"\" width=\"1000\" height=\"665\" srcset=\"https:\/\/rafalk-elblag.pl\/wp-content\/uploads\/2016\/12\/shutterstock_49643152-1000.jpg 1000w, https:\/\/rafalk-elblag.pl\/wp-content\/uploads\/2016\/12\/shutterstock_49643152-1000-300x200.jpg 300w, https:\/\/rafalk-elblag.pl\/wp-content\/uploads\/2016\/12\/shutterstock_49643152-1000-768x511.jpg 768w\" sizes=\"auto, (max-width: 1000px) 100vw, 1000px\" \/><\/a><\/p>\n<p>&nbsp;<\/p>\n<table width=\"726\">\n<tbody>\n<tr>\n<td colspan=\"2\" width=\"593\"><strong>4 czerwca&nbsp;&nbsp; PONIEDZIA\u0141EK<\/strong><\/td>\n<td width=\"133\"><strong><em>Mk 12, 1-12<\/em><\/strong><\/td>\n<\/tr>\n<tr>\n<td width=\"87\">8:00<\/td>\n<td colspan=\"2\" width=\"639\">O dary Ducha \u015awi\u0119tego i opiek\u0119 Matki Bo\u017cej oraz Bo\u017ce b\u0142ogos\u0142awie\u0144stwo dla ks. Jerzego<\/td>\n<\/tr>\n<tr>\n<td width=\"87\">18:00<\/td>\n<td colspan=\"2\" width=\"639\"><em>intencja wolna<\/em><\/td>\n<\/tr>\n<tr>\n<td width=\"87\"><strong>19:00<\/strong><\/td>\n<td colspan=\"2\" width=\"639\"><strong>Nauka dla rodzic\u00f3w klas IV \u2013 dzieci rocznicowych<\/strong><\/td>\n<\/tr>\n<\/tbody>\n<\/table>\n<p>&nbsp;<\/p>\n<table width=\"726\">\n<tbody>\n<tr>\n<td colspan=\"2\" width=\"593\"><strong>5 czerwca&nbsp;&nbsp; <\/strong><strong>WTOREK<\/strong><\/p>\n<p><strong>wsp. \u015bw. Bonifacego<\/strong><\/td>\n<td width=\"133\"><strong><em>Mk 12, 13-17<\/em><\/strong><\/td>\n<\/tr>\n<tr>\n<td width=\"87\">8:00<\/td>\n<td colspan=\"2\" width=\"639\">Dzi\u0119kczynna w dniu urodzin Anny i Hanny Stankiewicz z pro\u015bb\u0105 o Bo\u017ce b\u0142ogos\u0142awie\u0144stwo<\/td>\n<\/tr>\n<tr>\n<td width=\"87\">18:00<\/td>\n<td colspan=\"2\" width=\"639\">Za zmar\u0142ych rodzic\u00f3w i rodze\u0144stwo z rodziny Jezierskich<\/td>\n<\/tr>\n<\/tbody>\n<\/table>\n<p>&nbsp;<\/p>\n<table width=\"726\">\n<tbody>\n<tr>\n<td colspan=\"2\" width=\"593\"><strong>6 czerwca&nbsp;&nbsp; \u015aRODA<\/strong><\/td>\n<td width=\"133\"><strong><em>Mk 12, 18-27<\/em><\/strong><\/td>\n<\/tr>\n<tr>\n<td width=\"87\">8:00<\/td>\n<td colspan=\"2\" width=\"639\">\u015ap. Monika i Jan Ostrowscy i zmarli rodzice z obojga stron<\/td>\n<\/tr>\n<tr>\n<td width=\"87\"><strong>18:00<\/strong><\/td>\n<td colspan=\"2\" width=\"639\"><strong>W intencjach czcicieli Matki Bo\u017cej Nieustaj\u0105cej Pomocy<\/strong><\/td>\n<\/tr>\n<tr>\n<td width=\"87\">18:00<\/td>\n<td colspan=\"2\" width=\"639\">Dzi\u0119kczynna za 70 lat \u017cycia Henryka z pro\u015bb\u0105 o zdrowie, Bo\u017ce b\u0142ogos\u0142awie\u0144stwo i potrzebne \u0142aski<\/td>\n<\/tr>\n<\/tbody>\n<\/table>\n<p>&nbsp;<\/p>\n<table width=\"726\">\n<tbody>\n<tr>\n<td colspan=\"2\" width=\"593\"><strong>7 czerwca&nbsp; &nbsp;PIERWSZY CZWARTEK MIESI\u0104CA<\/strong><\/td>\n<td width=\"133\"><strong><em>Mk 12, 28b-34<\/em><\/strong><\/td>\n<\/tr>\n<tr>\n<td width=\"87\">8:00<\/td>\n<td colspan=\"2\" width=\"639\"><em>intencja wolna<\/em><\/td>\n<\/tr>\n<tr>\n<td width=\"87\">18:00<\/td>\n<td colspan=\"2\" width=\"639\">Dzi\u0119kczynna w 4 rocznic\u0119 \u015bwi\u0119ce\u0144 kap\u0142a\u0144skich ks. S\u0142awomira Milde z pro\u015bb\u0105 o Bo\u017ce b\u0142ogos\u0142awie\u0144stwo, opiek\u0119 Matki Bo\u017cej, potrzebne w kap\u0142a\u0144skiej pos\u0142udze dary Ducha \u015awi\u0119tego \u2013 intencja od Margaretki<\/td>\n<\/tr>\n<tr>\n<td width=\"87\"><strong>18:45<\/strong><\/td>\n<td colspan=\"2\" width=\"639\"><strong>Godzina \u015awi\u0119ta \u2013 adoracja w intencji powo\u0142a\u0144<\/strong><\/td>\n<\/tr>\n<\/tbody>\n<\/table>\n<p>&nbsp;<\/p>\n<table width=\"726\">\n<tbody>\n<tr>\n<td colspan=\"2\" width=\"593\"><strong>8 czerwca&nbsp;&nbsp; PI\u0104TEK<\/strong><\/p>\n<p><strong>Uroczysto\u015b\u0107 Naj\u015bwi\u0119tszego Serca Pana Jezusa<\/strong><\/td>\n<td width=\"133\"><strong><em>J 19, 31-37<\/em><\/strong><\/td>\n<\/tr>\n<tr>\n<td width=\"87\">8:00<\/td>\n<td colspan=\"2\" width=\"639\"><em>intencja wolna<\/em><\/td>\n<\/tr>\n<tr>\n<td width=\"87\"><strong>16:30<\/strong><\/td>\n<td colspan=\"2\" width=\"639\"><strong><em>Nabo\u017ce\u0144stwo do Serca Pana Jezusa dla dzieci (spowied\u017a dzieci i rodzic\u00f3w przed rocznic\u0105 Komunii \u015awi\u0119tej \u2013 od godz. 16:00)<\/em><\/strong><\/td>\n<\/tr>\n<tr>\n<td width=\"87\">18:00<\/td>\n<td colspan=\"2\" width=\"639\">\u015ap. Roman w 30 rocz. \u015bmierci oraz za zmar\u0142ych rodzic\u00f3w z obojga stron<\/td>\n<\/tr>\n<\/tbody>\n<\/table>\n<p>&nbsp;<\/p>\n<table width=\"726\">\n<tbody>\n<tr>\n<td colspan=\"2\" width=\"593\"><strong>9 czerwca&nbsp;&nbsp; SOBOTA<\/strong><\/p>\n<p><strong>Wspomnienie Niepokalanego Serca Naj\u015bwi\u0119tszej Maryi Panny<\/strong><\/td>\n<td width=\"133\"><strong><em>\u0141k 2, 41-51<\/em><\/strong><\/td>\n<\/tr>\n<tr>\n<td width=\"87\">8:00<\/td>\n<td colspan=\"2\" width=\"639\">\u015ap. Zdzis\u0142aw Arkuszy\u0144ski w 5 rocz. \u015bmierci oraz zmar\u0142ych: \u015bp. Stanis\u0142awa (k), Stanis\u0142aw (m), Gra\u017cyna i Czes\u0142aw z rodziny Arkuszy\u0144skich<\/td>\n<\/tr>\n<tr>\n<td width=\"87\">18:00<\/td>\n<td colspan=\"2\" width=\"639\">Dzi\u0119kczynna w 6 rocznic\u0119 \u015bwi\u0119ce\u0144 kap\u0142a\u0144skich ks. \u0141ukasza Garbackiego<br \/>\nz pro\u015bb\u0105 o Bo\u017ce b\u0142ogos\u0142awie\u0144stwo, opiek\u0119 Matki Bo\u017cej, potrzebne<br \/>\nw kap\u0142a\u0144skiej pos\u0142udze dary Ducha \u015awi\u0119tego \u2013 intencja od Margaretki<\/td>\n<\/tr>\n<\/tbody>\n<\/table>\n<p>&nbsp;<\/p>\n<table width=\"726\">\n<tbody>\n<tr>\n<td colspan=\"2\" width=\"593\"><strong>10 czerwca&nbsp;&nbsp; X NIEDZIELA ZWYK\u0141A<\/strong><\/td>\n<td width=\"133\"><strong><em>Mt 3, 20-35<\/em><\/strong><\/td>\n<\/tr>\n<tr>\n<td width=\"87\">7:00<\/td>\n<td colspan=\"2\" width=\"639\">\u015ap. Jan Witkowski w 3 rocz. \u015bmierci, zmarli rodzice z obojga stron, \u015bp. Barbara i J\u00f3zef<\/td>\n<\/tr>\n<tr>\n<td width=\"87\">9:00<\/td>\n<td colspan=\"2\" width=\"639\">\u015ap. Lucjan Lasek, zmarli rodzice Marianna i Feliks Ba\u0142dyga oraz<br \/>\n\u015bp. Bronis\u0142awa (k) i Stanis\u0142aw Lasek<\/td>\n<\/tr>\n<tr>\n<td width=\"87\">9:00<\/td>\n<td colspan=\"2\" width=\"639\">Rez.<\/td>\n<\/tr>\n<tr>\n<td width=\"87\">10:30<\/td>\n<td colspan=\"2\" width=\"639\">O \u0142ask\u0119 \u017cycia wiecznego dla zmar\u0142ych bab\u0107 i dziadk\u00f3w Domerackich, Jab\u0142o\u0144skich, Pa\u0142ka i Makowskich<\/td>\n<\/tr>\n<tr>\n<td width=\"87\"><strong>12:00<\/strong><\/td>\n<td colspan=\"2\" width=\"639\"><strong>Za parafian \u2013 rocznica I Komunii \u015awi\u0119tej<\/strong><\/td>\n<\/tr>\n<tr>\n<td width=\"87\">18:00<\/td>\n<td colspan=\"2\" width=\"639\">\u015ap. Stefania Murawska w 1 rocz. \u015bmierci i \u015bp. Franciszek Murawski w 25 rocz. \u015bmierci<\/td>\n<\/tr>\n<\/tbody>\n<\/table>\n<p>&nbsp;<\/p>\n<p>&nbsp;<\/p>\n","protected":false},"excerpt":{"rendered":"<p>&nbsp; 4 czerwca&nbsp;&nbsp; PONIEDZIA\u0141EK Mk 12, 1-12 8:00 O dary Ducha \u015awi\u0119tego i opiek\u0119 Matki Bo\u017cej oraz Bo\u017ce b\u0142ogos\u0142awie\u0144stwo dla ks. Jerzego 18:00 intencja wolna 19:00 Nauka dla rodzic\u00f3w klas IV \u2013 dzieci rocznicowych &nbsp; 5 czerwca&nbsp;&nbsp; WTOREK wsp. \u015bw. Bonifacego Mk 12, 13-17 8:00 Dzi\u0119kczynna w dniu urodzin Anny i Hanny Stankiewicz z pro\u015bb\u0105 [&hellip;]<\/p>\n","protected":false},"author":1,"featured_media":2526,"comment_status":"closed","ping_status":"closed","sticky":false,"template":"","format":"standard","meta":{"ngg_post_thumbnail":0,"footnotes":""},"categories":[11,8,4],"tags":[],"class_list":["post-3140","post","type-post","status-publish","format-standard","has-post-thumbnail","hentry","category-aktualnosci","category-blog","category-intencje"],"_links":{"self":[{"href":"https:\/\/rafalk-elblag.pl\/index.php?rest_route=\/wp\/v2\/posts\/3140","targetHints":{"allow":["GET"]}}],"collection":[{"href":"https:\/\/rafalk-elblag.pl\/index.php?rest_route=\/wp\/v2\/posts"}],"about":[{"href":"https:\/\/rafalk-elblag.pl\/index.php?rest_route=\/wp\/v2\/types\/post"}],"author":[{"embeddable":true,"href":"https:\/\/rafalk-elblag.pl\/index.php?rest_route=\/wp\/v2\/users\/1"}],"replies":[{"embeddable":true,"href":"https:\/\/rafalk-elblag.pl\/index.php?rest_route=%2Fwp%2Fv2%2Fcomments&post=3140"}],"version-history":[{"count":1,"href":"https:\/\/rafalk-elblag.pl\/index.php?rest_route=\/wp\/v2\/posts\/3140\/revisions"}],"predecessor-version":[{"id":3141,"href":"https:\/\/rafalk-elblag.pl\/index.php?rest_route=\/wp\/v2\/posts\/3140\/revisions\/3141"}],"wp:featuredmedia":[{"embeddable":true,"href":"https:\/\/rafalk-elblag.pl\/index.php?rest_route=\/wp\/v2\/media\/2526"}],"wp:attachment":[{"href":"https:\/\/rafalk-elblag.pl\/index.php?rest_route=%2Fwp%2Fv2%2Fmedia&parent=3140"}],"wp:term":[{"taxonomy":"category","embeddable":true,"href":"https:\/\/rafalk-elblag.pl\/index.php?rest_route=%2Fwp%2Fv2%2Fcategories&post=3140"},{"taxonomy":"post_tag","embeddable":true,"href":"https:\/\/rafalk-elblag.pl\/index.php?rest_route=%2Fwp%2Fv2%2Ftags&post=3140"}],"curies":[{"name":"wp","href":"https:\/\/api.w.org\/{rel}","templated":true}]}}