{"id":3138,"date":"2018-05-28T14:55:26","date_gmt":"2018-05-28T14:55:26","guid":{"rendered":"http:\/\/rafalk-elblag.pl\/?p=3138"},"modified":"2018-05-28T14:55:26","modified_gmt":"2018-05-28T14:55:26","slug":"ogloszenia-parafialne-27-05-2018-r-niedziela-trojcy-przenajswietszej","status":"publish","type":"post","link":"https:\/\/rafalk-elblag.pl\/?p=3138","title":{"rendered":"OG\u0141OSZENIA PARAFIALNE 27.05.2018 R. \u2013 NIEDZIELA TR\u00d3JCY PRZENAJ\u015aWI\u0118TSZEJ"},"content":{"rendered":"<p><a href=\"http:\/\/rafalk-elblag.pl\/wp-content\/uploads\/2016\/12\/pulpit.jpg\"><img loading=\"lazy\" decoding=\"async\" class=\"alignnone size-large wp-image-2530\" src=\"http:\/\/rafalk-elblag.pl\/wp-content\/uploads\/2016\/12\/pulpit-1024x682.jpg\" alt=\"\" width=\"900\" height=\"599\" srcset=\"https:\/\/rafalk-elblag.pl\/wp-content\/uploads\/2016\/12\/pulpit-1024x682.jpg 1024w, https:\/\/rafalk-elblag.pl\/wp-content\/uploads\/2016\/12\/pulpit-300x200.jpg 300w, https:\/\/rafalk-elblag.pl\/wp-content\/uploads\/2016\/12\/pulpit-768x512.jpg 768w, https:\/\/rafalk-elblag.pl\/wp-content\/uploads\/2016\/12\/pulpit.jpg 1698w\" sizes=\"auto, (max-width: 900px) 100vw, 900px\" \/><\/a><\/p>\n<p>&nbsp;<\/p>\n<p>1. Za tydzie\u0144 zapraszamy na <strong>Adoracj\u0119 Naj\u015bwi\u0119tszego Sakramentu od godz. 15.00 do godz. 18.00. <em>Rozpocznie si\u0119 ona Koronk\u0105 do Bo\u017cego Mi\u0142osierdzia.<\/em><\/strong><\/p>\n<p><strong>&nbsp;<\/strong><\/p>\n<p><strong>2. UWAGA !!! <\/strong>Od 3 czerwca 2018 roku do ko\u0144ca sierpnia nie b\u0119dzie Mszy \u015bw. niedzielnej o godz. 15.00, natomiast Koronka do Bo\u017cego Mi\u0142osierdzia pozostaje bez zmian.<\/p>\n<p><strong>&nbsp;<\/strong><\/p>\n<p><strong>3. Dzisiaj na Mszy \u015bw. o godz. 10:00 oraz 12:00 dzieci klas III (93), b\u0119d\u0105 po raz pierwszy w pe\u0142ni uczestniczy\u0107 we Mszy \u015bw. <\/strong><em>Otoczmy je modlitw\u0105 i pro\u015bmy Boga by mia\u0142y dobry przyk\u0142ad w swoich rodzinach.<\/em><\/p>\n<p>&nbsp;<\/p>\n<p>4. Rodzic\u00f3w, kt\u00f3rych dzieci b\u0119d\u0105 prze\u017cywa\u0142y w tym roku <strong>rocznic\u0119 I Komunii \u015awi\u0119tej<\/strong>, zapraszamy na spotkanie do ko\u015bcio\u0142a: 4 czerwca br. (poniedzia\u0142ek) o godz. 19.00. <strong>Prosz\u0119 o zabranie ksi\u0105\u017ceczki od pierwszych pi\u0105tk\u00f3w miesi\u0105ca dziecka i rodzic\u00f3w<\/strong>. <em>Obecno\u015b\u0107 obowi\u0105zkowa. <\/em>Pr\u00f3by dla dzieci: <strong>6 (\u015broda) i 7 (czwartek) czerwca o godz. 16.30 <\/strong><\/p>\n<p>&nbsp;<\/p>\n<p>5. Zapraszamy dziewczynki do sypania kwiat\u00f3w: pr\u00f3ba w \u015brod\u0119 (28 maja) o godz. 17:00 Prosimy rodzic\u00f3w o zach\u0119cenie dzieci do czynnego udzia\u0142u w procesji.<\/p>\n<p>&nbsp;<\/p>\n<p>6. Ostanie nabo\u017ce\u0144stwa ku czci Naj\u015bwi\u0119tszej Maryi Panny, jeszcze przed nami. Zapraszamy doros\u0142ych na godz. 17.30, a dla dzieci w poniedzia\u0142ek o godz. 16.30.<\/p>\n<p><strong>&nbsp;<\/strong><\/p>\n<p><strong>7. Zapraszamy na ostatnie nabo\u017ce\u0144stwo majowe na terenie naszej parafii<\/strong>, kt\u00f3re odb\u0119dzie si\u0119 przy Szkole Podstawowej nr.11, ul. Korczaka we wtorek 29 maja o godz. 17.00, po kt\u00f3rym procesyjnie i ze \u015bpiewem wr\u00f3cimy z figur\u0105 MB Fatimskiej do ko\u015bcio\u0142a.<\/p>\n<p><strong>&nbsp;<\/strong><\/p>\n<p><strong>8. W czwartek (31 maja) przypada UROCZYSTO\u015a\u0106 NAJ\u015aWI\u0118TSZEGO CIA\u0141A I KRWI CHRYSTUSA tj. BO\u017bEGO CIA\u0141A<\/strong><em><u>. Msze \u015bw. odprawione b\u0119d\u0105 o godz. 7.00, 9.00, 10.30 i 18.00.<\/u><\/em><\/p>\n<p><strong>&nbsp;<\/strong><\/p>\n<p><strong>9. W tym roku procesja Bo\u017cego Cia\u0142a wyruszy z naszej parafii po Mszy \u015bw. o godz. 10.30<\/strong>. Zach\u0119camy parafian do przyozdobienia okien swoich mieszka\u0144. Procesja przejdzie ulicami: Sobieskiego, Og\u00f3ln\u0105 i Legion\u00f3w. Wsp\u00f3lnoty parafialne prosimy o pomoc w dekorowaniu: <strong>ko\u015bcio\u0142a <\/strong>\u2013 <u>Domowy Ko\u015bci\u00f3\u0142,<\/u> <strong>pierwszego o\u0142tarza<\/strong> \u2013 <u>Odnowa w Duchu \u015awi\u0119tym<\/u>, <strong>drugiego o\u0142tarza <\/strong>\u2013 <u>Katolickie Stowarzyszenie M\u0142odzie\u017cy<\/u>, <em>a pozosta\u0142ych parafian prosimy o pomoc oraz o przynoszenie kwiat\u00f3w.<\/em><\/p>\n<p>&nbsp;<\/p>\n<p>10. W <strong>Oktawie Bo\u017cego Cia\u0142a<\/strong> zapraszamy wiernych do udzia\u0142u w nabo\u017ce\u0144stwie czerwcowym po\u0142\u0105czonym z procesj\u0105 eucharystyczn\u0105 i Mszy \u015bw. Zapraszamy dzieci do sypania kwiat\u00f3w, a doros\u0142ych do przygotowania procesji. <strong>Udzia\u0142 w procesji jest wyrazem wiary w obecno\u015b\u0107 Jezusa Chrystusa w Naj\u015bwi\u0119tszym Sakramencie.<\/strong><\/p>\n<p><strong>&nbsp;<\/strong><\/p>\n<p><strong>11. W czerwcu zapraszamy<\/strong> dzieci, m\u0142odzie\u017c i doros\u0142ych do udzia\u0142u w nabo\u017ce\u0144stwach ku czci Naj\u015bwi\u0119tszego Serca Pana Jezusa, odprawianych codziennie o godz. 17.30.<\/p>\n<p><strong>&nbsp;<\/strong><\/p>\n<p><strong>12. PAMI\u0118TAJMY <\/strong>!!! W tym tygodniu DZIE\u0143 DZIECKA. Zapraszamy (1 czerwca) wszystkie dzieci do naszego ko\u015bcio\u0142a na nabo\u017ce\u0144stwo czerwcowe o godz. 16.30 oraz na indywidualne b\u0142ogos\u0142awie\u0144stwo.<\/p>\n<p>&nbsp;<\/p>\n<p>13. W tym tygodniu przypada pierwszy pi\u0105tek i sobota miesi\u0105ca.<\/p>\n<ul>\n<li><strong>w pierwszy pi\u0105tek<\/strong> spowied\u017a \u015bw. dla dzieci od godz. 16.00 i Nabo\u017ce\u0144stwo o godz. 16.30 a dla doros\u0142ych Msza \u015awi\u0119ta Wotywna o NSPJ o godz. 18.00.<\/li>\n<li><strong>w pierwsz\u0105 sobot\u0119<\/strong> <strong>miesi\u0105ca<\/strong> wystawienie Naj\u015bwi\u0119tszego Sakramentu od godz. 17:00. B\u0119dziemy modli\u0107 si\u0119 w intencjach wynagradzaj\u0105cych Niepokalanemu Sercu Maryi. Tego dnia zmiana tajemnic dla \u017bywego R\u00f3\u017ca\u0144ca.<\/li>\n<li>Kap\u0142ani do chorych z racji pierwszego pi\u0105tku miesi\u0105ca udadz\u0105 si\u0119 od godz. 9:00.<\/li>\n<\/ul>\n<p>&nbsp;<\/p>\n<p>14. W przysz\u0142\u0105 niedziel\u0119 (3 czerwca) taca przeznaczona jest na uregulowanie cz\u0119\u015bci nale\u017cno\u015bci za zakupione \u0142awki. B\u00f3g zap\u0142a\u0107 za otwarto\u015b\u0107 i zrozumienie.<\/p>\n<p>&nbsp;<\/p>\n<p>15. Przed ko\u015bcio\u0142em mo\u017cna naby\u0107 pras\u0119 katolick\u0105: <em>\u201eGo\u015b\u0107 Niedzielny\u201d<\/em> w cenie 5 z\u0142.<\/p>\n<p>&nbsp;<\/p>\n<p>16. Pan powo\u0142a\u0142 do wieczno\u015bci: \u015bp. Feliksa (k) Siekierka lat 89 z ul. Sobieskiego; \u015bp. Janina Klink lat 90 z ul. Broniewskiego.<\/p>\n<p>&nbsp;<\/p>\n<p>&nbsp;<\/p>\n","protected":false},"excerpt":{"rendered":"<p>&nbsp; 1. Za tydzie\u0144 zapraszamy na Adoracj\u0119 Naj\u015bwi\u0119tszego Sakramentu od godz. 15.00 do godz. 18.00. Rozpocznie si\u0119 ona Koronk\u0105 do Bo\u017cego Mi\u0142osierdzia. &nbsp; 2. UWAGA !!! Od 3 czerwca 2018 roku do ko\u0144ca sierpnia nie b\u0119dzie Mszy \u015bw. niedzielnej o godz. 15.00, natomiast Koronka do Bo\u017cego Mi\u0142osierdzia pozostaje bez zmian. &nbsp; 3. Dzisiaj na Mszy [&hellip;]<\/p>\n","protected":false},"author":1,"featured_media":2530,"comment_status":"closed","ping_status":"closed","sticky":false,"template":"","format":"standard","meta":{"ngg_post_thumbnail":0,"footnotes":""},"categories":[11,8,3],"tags":[],"class_list":["post-3138","post","type-post","status-publish","format-standard","has-post-thumbnail","hentry","category-aktualnosci","category-blog","category-ogloszenia"],"_links":{"self":[{"href":"https:\/\/rafalk-elblag.pl\/index.php?rest_route=\/wp\/v2\/posts\/3138","targetHints":{"allow":["GET"]}}],"collection":[{"href":"https:\/\/rafalk-elblag.pl\/index.php?rest_route=\/wp\/v2\/posts"}],"about":[{"href":"https:\/\/rafalk-elblag.pl\/index.php?rest_route=\/wp\/v2\/types\/post"}],"author":[{"embeddable":true,"href":"https:\/\/rafalk-elblag.pl\/index.php?rest_route=\/wp\/v2\/users\/1"}],"replies":[{"embeddable":true,"href":"https:\/\/rafalk-elblag.pl\/index.php?rest_route=%2Fwp%2Fv2%2Fcomments&post=3138"}],"version-history":[{"count":1,"href":"https:\/\/rafalk-elblag.pl\/index.php?rest_route=\/wp\/v2\/posts\/3138\/revisions"}],"predecessor-version":[{"id":3139,"href":"https:\/\/rafalk-elblag.pl\/index.php?rest_route=\/wp\/v2\/posts\/3138\/revisions\/3139"}],"wp:featuredmedia":[{"embeddable":true,"href":"https:\/\/rafalk-elblag.pl\/index.php?rest_route=\/wp\/v2\/media\/2530"}],"wp:attachment":[{"href":"https:\/\/rafalk-elblag.pl\/index.php?rest_route=%2Fwp%2Fv2%2Fmedia&parent=3138"}],"wp:term":[{"taxonomy":"category","embeddable":true,"href":"https:\/\/rafalk-elblag.pl\/index.php?rest_route=%2Fwp%2Fv2%2Fcategories&post=3138"},{"taxonomy":"post_tag","embeddable":true,"href":"https:\/\/rafalk-elblag.pl\/index.php?rest_route=%2Fwp%2Fv2%2Ftags&post=3138"}],"curies":[{"name":"wp","href":"https:\/\/api.w.org\/{rel}","templated":true}]}}